{"id":117863,"date":"2021-06-02T05:30:00","date_gmt":"2021-06-02T09:30:00","guid":{"rendered":"https:\/\/linitiative.ca\/International\/la-confusion-persiste\/"},"modified":"2021-06-02T05:30:00","modified_gmt":"2021-06-02T09:30:00","slug":"la-confusion-persiste","status":"publish","type":"post","link":"https:\/\/linitiative.ca\/International\/la-confusion-persiste\/","title":{"rendered":"La confusion persiste"},"content":{"rendered":"<div id=\"originalText\" readability=\"96\">\n<p>Depuis l\u2019annonce de l\u2019ouverture partielle des fronti\u00e8res\u00a0 par\u00a0 le Conseil des ministres \u00e0 la mi-mai, les mesures concernant l\u2019organisation des vols et des voyages de retour en Alg\u00e9rie de la diaspora et des compatriotes encore bloqu\u00e9s \u00e0 l\u2019\u00e9tranger se succ\u00e8dent, semant col\u00e8re et confusion aupr\u00e8s des expatri\u00e9s.<\/p>\n<p>La\u00a0 derni\u00e8re\u00a0 annonce\u00a0 date\u00a0 d\u2019hier\u00a0 et\u00a0 vient d\u2019Air Alg\u00e9rie.\u00a0 Elle\u00a0 porte\u00a0 sur la r\u00e9duction du montant des frais de confinement qui passent de 41 000 DA TTC \u00e0 33 000. Sur les r\u00e9seaux sociaux, la nouvelle a d\u00e9cha\u00een\u00e9 une nouvelle salve de commentaires acerbes. \u201cIls jouent avec nos nerfs tous les jours avec leurs ench\u00e8res m\u00e9prisables. Pourquoi ne suppriment-ils pas tout simplement ce maudit confinement ?\u201d interroge Salim, qui intervient souvent sur le groupe des Alg\u00e9riens bloqu\u00e9s dans le monde.\u00a0<\/p>\n<p>\u201cO. K. pour le confinement. Mais qu\u2019ils nous disent au moins o\u00f9 se vendent les billets.\u00a0 Le\u00a0 site\u00a0 d\u2019Air Alg\u00e9rie\u00a0 continue\u00a0 \u00e0\u00a0 afficher\u00a0 un\u00a0 message d\u2019erreur, les agences sont ferm\u00e9es et personne ne r\u00e9pond au t\u00e9l\u00e9phone\u201d, d\u00e9plore un autre membre du groupe, press\u00e9 de retourner en Alg\u00e9rie pour voir son fr\u00e8re malade.<\/p>\n<p>Compte tenu du nombre restreint des vols (trois par semaine depuis Paris et Marseille), certains pensent que\u00a0 la\u00a0 totalit\u00e9 des billets\u00a0 a\u00a0 \u00e9t\u00e9 vendue, et pas forc\u00e9ment \u00e0 ceux qui en ont vraiment besoin.<\/p>\n<p>\u201cJ\u2019ai\u00a0 aper\u00e7u\u00a0 en\u00a0 passant hier par\u00a0 le\u00a0 boulevard\u00a0de\u00a0 l\u2019Op\u00e9ra de vieux retrait\u00e9s, comme tout le monde, devant les locaux d\u2019Air Alg\u00e9rie. Ils sont coinc\u00e9s ici loin de leurs familles depuis plus d\u2019une ann\u00e9e, et personne ne s\u2019en soucie\u201d, confie Ahmed, militant d\u2019une association d\u2019aide aux Alg\u00e9riens \u00e0 Paris.\u00a0<\/p>\n<p>Dans\u00a0 son\u00a0 communiqu\u00e9, hier, Air\u00a0 Alg\u00e9rie a\u00a0 fait\u00a0 savoir\u00a0 que\u00a0 les personnes \u00e9ligibles \u00e0 la dispense des frais de confinement (les personnes \u00e2g\u00e9es \u00e0 faible revenu et les \u00e9tudiants) doivent s\u2019enregistrer dans les postes consulaires en fournissant des pi\u00e8ces justificatives.<\/p>\n<p>La compagnie les contactera par la suite. Mais, selon des sources diplomatiques \u00e0 Paris, jointes par Libert\u00e9, ce dispositif n\u2019est pas encore mis en place. \u201cNous n\u2019avons pas encore re\u00e7u d\u2019instruction \u00e0 ce sujet\u201d, nous a-t-on affirm\u00e9. De son c\u00f4t\u00e9, Air Alg\u00e9rie n\u2019a pas pr\u00e9cis\u00e9 si les agences de Paris et de Marseille ferm\u00e9es lundi dernier vont rouvrir et quand la vente des billets sur internet reprendra.<\/p>\n<p>\u201cC\u2019est le flou total. Les jours qui passent montrent que la d\u00e9cision de rouvrir les fronti\u00e8res n\u2019a pas \u00e9t\u00e9 m\u00fbrement r\u00e9fl\u00e9chie. Ils bricolent des mesures intenables et ne cessent de nous faire sentir que nous ne sommes pas les bienvenus dans notre pays. Cette attitude est honteuse\u201d, d\u00e9nonce Nabila, qui ne compte pas le nombre de billets annul\u00e9s depuis la fermeture des fronti\u00e8res, en mars 2020.\u00a0<\/p>\n<p>Samedi prochain, de nouveaux rassemblements sont pr\u00e9vus pour demander la\u00a0 multiplication\u00a0 du\u00a0 nombre\u00a0 des\u00a0 vols\u00a0 et\u00a0 l\u2019abrogation\u00a0 de\u00a0 la\u00a0 mesure\u00a0 de confinement obligatoire.<br \/>\u00a0<\/p>\n<p class=\"c6\"><strong>Samia LOKMANE-KHELIL<\/strong><\/p>\n<\/div>\n<div id=\"text_core\" readability=\"96\">\n<p>Depuis l\u2019annonce de l\u2019ouverture partielle des fronti\u00e8res\u00a0 par\u00a0 le Conseil des ministres \u00e0 la mi-mai, les mesures concernant l\u2019organisation des vols et des voyages de retour en Alg\u00e9rie de la diaspora et des compatriotes encore bloqu\u00e9s \u00e0 l\u2019\u00e9tranger se succ\u00e8dent, semant col\u00e8re et confusion aupr\u00e8s des expatri\u00e9s.<\/p>\n<p>La\u00a0 derni\u00e8re\u00a0 annonce\u00a0 date\u00a0 d\u2019hier\u00a0 et\u00a0 vient d\u2019Air Alg\u00e9rie.\u00a0 Elle\u00a0 porte\u00a0 sur la r\u00e9duction du montant des frais de confinement qui passent de 41 000 DA TTC \u00e0 33 000. Sur les r\u00e9seaux sociaux, la nouvelle a d\u00e9cha\u00een\u00e9 une nouvelle salve de commentaires acerbes. \u201cIls jouent avec nos nerfs tous les jours avec leurs ench\u00e8res m\u00e9prisables. Pourquoi ne suppriment-ils pas tout simplement ce maudit confinement ?\u201d interroge Salim, qui intervient souvent sur le groupe des Alg\u00e9riens bloqu\u00e9s dans le monde.\u00a0<\/p>\n<p>\u201cO. K. pour le confinement. Mais qu\u2019ils nous disent au moins o\u00f9 se vendent les billets.\u00a0 Le\u00a0 site\u00a0 d\u2019Air Alg\u00e9rie\u00a0 continue\u00a0 \u00e0\u00a0 afficher\u00a0 un\u00a0 message d\u2019erreur, les agences sont ferm\u00e9es et personne ne r\u00e9pond au t\u00e9l\u00e9phone\u201d, d\u00e9plore un autre membre du groupe, press\u00e9 de retourner en Alg\u00e9rie pour voir son fr\u00e8re malade.<\/p>\n<p>Compte tenu du nombre restreint des vols (trois par semaine depuis Paris et Marseille), certains pensent que\u00a0 la\u00a0 totalit\u00e9 des billets\u00a0 a\u00a0 \u00e9t\u00e9 vendue, et pas forc\u00e9ment \u00e0 ceux qui en ont vraiment besoin.<\/p>\n<p>\u201cJ\u2019ai\u00a0 aper\u00e7u\u00a0 en\u00a0 passant hier par\u00a0 le\u00a0 boulevard\u00a0de\u00a0 l\u2019Op\u00e9ra de vieux retrait\u00e9s, comme tout le monde, devant les locaux d\u2019Air Alg\u00e9rie. Ils sont coinc\u00e9s ici loin de leurs familles depuis plus d\u2019une ann\u00e9e, et personne ne s\u2019en soucie\u201d, confie Ahmed, militant d\u2019une association d\u2019aide aux Alg\u00e9riens \u00e0 Paris.\u00a0<\/p>\n<p>Dans\u00a0 son\u00a0 communiqu\u00e9, hier, Air\u00a0 Alg\u00e9rie a\u00a0 fait\u00a0 savoir\u00a0 que\u00a0 les personnes \u00e9ligibles \u00e0 la dispense des frais de confinement (les personnes \u00e2g\u00e9es \u00e0 faible revenu et les \u00e9tudiants) doivent s\u2019enregistrer dans les postes consulaires en fournissant des pi\u00e8ces justificatives.<\/p>\n<p>La compagnie les contactera par la suite. Mais, selon des sources diplomatiques \u00e0 Paris, jointes par Libert\u00e9, ce dispositif n\u2019est pas encore mis en place. \u201cNous n\u2019avons pas encore re\u00e7u d\u2019instruction \u00e0 ce sujet\u201d, nous a-t-on affirm\u00e9. De son c\u00f4t\u00e9, Air Alg\u00e9rie n\u2019a pas pr\u00e9cis\u00e9 si les agences de Paris et de Marseille ferm\u00e9es lundi dernier vont rouvrir et quand la vente des billets sur internet reprendra.<\/p>\n<p>\u201cC\u2019est le flou total. Les jours qui passent montrent que la d\u00e9cision de rouvrir les fronti\u00e8res n\u2019a pas \u00e9t\u00e9 m\u00fbrement r\u00e9fl\u00e9chie. Ils bricolent des mesures intenables et ne cessent de nous faire sentir que nous ne sommes pas les bienvenus dans notre pays. Cette attitude est honteuse\u201d, d\u00e9nonce Nabila, qui ne compte pas le nombre de billets annul\u00e9s depuis la fermeture des fronti\u00e8res, en mars 2020.\u00a0<\/p>\n<p>Samedi prochain, de nouveaux rassemblements sont pr\u00e9vus pour demander la\u00a0 multiplication\u00a0 du\u00a0 nombre\u00a0 des\u00a0 vols\u00a0 et\u00a0 l\u2019abrogation\u00a0 de\u00a0 la\u00a0 mesure\u00a0 de confinement obligatoire.<br \/>\u00a0<\/p>\n<p class=\"c6\"><strong>Samia LOKMANE-KHELIL<\/strong><\/p>\n<\/div>\n<p>Auteur:<br \/>\n<a href=\"https:\/\/www.liberte-algerie.com\/actualite\/la-confusion-persiste-359682\">Cliquez ici pour lire l&rsquo;article depuis sa source.<\/a><\/p>\n","protected":false},"excerpt":{"rendered":"<p>Depuis l\u2019annonce de l\u2019ouverture partielle des fronti\u00e8res\u00a0 par\u00a0 le Conseil des ministres \u00e0 la mi-mai, les mesures concernant l\u2019organisation des vols et des voyages de retour en Alg\u00e9rie de la diaspora et des compatriotes encore bloqu\u00e9s \u00e0 l\u2019\u00e9tranger se succ\u00e8dent, semant col\u00e8re et confusion aupr\u00e8s des expatri\u00e9s. La\u00a0 derni\u00e8re\u00a0 annonce\u00a0 date\u00a0 d\u2019hier\u00a0 et\u00a0 vient d\u2019Air [&hellip;]<\/p>\n","protected":false},"author":1742,"featured_media":0,"comment_status":"closed","ping_status":"closed","sticky":false,"template":"","format":"standard","meta":{"fifu_image_url":"","fifu_image_alt":"","footnotes":""},"categories":[73,53],"tags":[],"class_list":["post-117863","post","type-post","status-publish","format-standard","hentry","category-actualite","category-algerie"],"_links":{"self":[{"href":"https:\/\/linitiative.ca\/International\/wp-json\/wp\/v2\/posts\/117863","targetHints":{"allow":["GET"]}}],"collection":[{"href":"https:\/\/linitiative.ca\/International\/wp-json\/wp\/v2\/posts"}],"about":[{"href":"https:\/\/linitiative.ca\/International\/wp-json\/wp\/v2\/types\/post"}],"author":[{"embeddable":true,"href":"https:\/\/linitiative.ca\/International\/wp-json\/wp\/v2\/users\/1742"}],"replies":[{"embeddable":true,"href":"https:\/\/linitiative.ca\/International\/wp-json\/wp\/v2\/comments?post=117863"}],"version-history":[{"count":0,"href":"https:\/\/linitiative.ca\/International\/wp-json\/wp\/v2\/posts\/117863\/revisions"}],"wp:attachment":[{"href":"https:\/\/linitiative.ca\/International\/wp-json\/wp\/v2\/media?parent=117863"}],"wp:term":[{"taxonomy":"category","embeddable":true,"href":"https:\/\/linitiative.ca\/International\/wp-json\/wp\/v2\/categories?post=117863"},{"taxonomy":"post_tag","embeddable":true,"href":"https:\/\/linitiative.ca\/International\/wp-json\/wp\/v2\/tags?post=117863"}],"curies":[{"name":"wp","href":"https:\/\/api.w.org\/{rel}","templated":true}]}}