{"id":117865,"date":"2021-06-02T06:05:57","date_gmt":"2021-06-02T10:05:57","guid":{"rendered":"https:\/\/linitiative.ca\/International\/le-journaliste-mustapha-bendjama-sous-controle-judiciaire-trois-mois-de-prison-avec-sursis-pour-kenza-khattou\/"},"modified":"2021-06-02T06:05:57","modified_gmt":"2021-06-02T10:05:57","slug":"le-journaliste-mustapha-bendjama-sous-controle-judiciaire-trois-mois-de-prison-avec-sursis-pour-kenza-khattou","status":"publish","type":"post","link":"https:\/\/linitiative.ca\/International\/le-journaliste-mustapha-bendjama-sous-controle-judiciaire-trois-mois-de-prison-avec-sursis-pour-kenza-khattou\/","title":{"rendered":"Le journaliste Mustapha Bendjama sous contr\u00f4le judiciaire : Trois mois de prison avec sursis pour Kenza Khattou"},"content":{"rendered":"<h4 class=\"title-14\"\/>\n<p>Le verdict est tomb\u00e9 hier en d\u00e9but de matin\u00e9e. Le juge pr\u00e8s le tribunal de Sidi M\u2019hamed d\u2019Alger a condamn\u00e9 la journaliste de Radio M, Kenza Khattou, \u00e0 trois mois de prison avec sursis et 20 000 DA d\u2019amende.<\/p>\n<p>Acquitt\u00e9e des chefs d\u2019accusation d\u2019\u00abatteinte \u00e0 l\u2019unit\u00e9 nationale\u00bb et d\u2019\u00abincitation \u00e0 attroupement non arm\u00e9\u00bb, la journaliste a \u00e9t\u00e9 condamn\u00e9e pour \u00abatteinte \u00e0 corps constitu\u00e9\u00bb. Kenza Khattou, rappelons-le, a \u00e9t\u00e9 interpell\u00e9e \u00e0 Alger, le vendredi 14 mai dernier, alors qu\u2019elle couvrait la marche r\u00e9prim\u00e9e du hirak. Elle avait \u00e9t\u00e9 maintenue en garde \u00e0 vue pendant cinq jours avant d\u2019\u00eatre pr\u00e9sent\u00e9e devant la justice.<\/p>\n<p>Son proc\u00e8s s\u2019est tenu le 25 mai dernier au tribunal de Sidi M\u2019hamed, et le procureur de la R\u00e9publique avait requis 1 an de prison ferme \u00e0 son encontre.<\/p>\n<p>Hier encore, la corporation a appris aussi le placement sous contr\u00f4le judiciaire du journaliste du quotidien r\u00e9gional Le Provincial, Mustapha Bendjama.<\/p>\n<p>Ce dernier a \u00e9t\u00e9 poursuivi pour \u00abdiffamation\u00bb et \u00abatteinte \u00e0 l\u2019int\u00e9r\u00eat national\u00bb, suite \u00e0 une plainte du wali de Annaba. \u00abLa juge d\u2019instruction vient de me placer sous contr\u00f4le judiciaire suite \u00e0 une plainte de l\u2019actuel wali de Annaba, Djamel Eddine Berrimi, qui me reproche d\u2019avoir r\u00e9v\u00e9l\u00e9 la tenue d\u2019un mariage \u00e0 la salle Tassili pendant le d\u00e9but de la crise sanitaire, alors que la loi alg\u00e9rienne interdisait la c\u00e9l\u00e9bration des mariages. Je suis poursuivi pour \u2018\u2018diffamation\u2019\u2019 et \u2018\u2018atteinte \u00e0 l\u2019int\u00e9r\u00eat national\u2019\u2019. M. Berrimi m\u2019a pourtant promis qu\u2019il allait retirer \u2018\u2018les plaintes\u2019\u2019 qu\u2019il avait d\u00e9pos\u00e9es contre moi.<\/p>\n<p>H\u00e9las, une promesse n\u2019engage que celui qui y croit\u00bb, avait expliqu\u00e9 le journaliste dans un post sur sa page Facebook. Et d\u2019ajouter\u00a0: \u00abCeux qui n\u2019ont pas respect\u00e9 les lois de la R\u00e9publique en organisant le mariage s\u2019en tirent bien, sans aucune poursuite connue.\u00bb<\/p>\n<p>Mustapha Bendjama affirme aussi qu\u2019on lui a reproch\u00e9 d\u2019intervenir sur la cha\u00eene El Hadath \u00e0 propos de cette m\u00eame affaire et d\u2019avoir pris part \u00e0 un rassemblement de soutien au journaliste Khaled Drareni. \u00abLa juge m\u2019a reproch\u00e9 d\u2019avoir particip\u00e9 \u00e0 un sit-in de soutien \u00e0 Khaled et d\u2019avoir port\u00e9 une pancarte portant le message\u00a0: \u2018\u2018Lib\u00e9rez Khaled Drareni\u2019\u2019. Madame la juge a estim\u00e9 que c\u2019\u00e9tait \u2018\u2018une tentative d\u2019influencer la justice\u2019\u2019\u00bb, ajoute-t-il. Depuis quelques mois, rappelons-le, les pressions contre la presse et les journalistes ne font que s\u2019exacerber.<\/p>\n<p>Certains ont m\u00eame \u00e9t\u00e9 mis derri\u00e8re les barreaux pour leurs \u00e9crits, \u00e0 l\u2019image du correspondant du quotidien Libert\u00e9 dans la wilaya de Tamanrasset, Rabah Kar\u00e8che, qui est en d\u00e9tention depuis 45 jours.<\/p>\n<p><span class=\"post-views-label\">Post Views:<\/span> <span class=\"post-views-count\">26<\/span><\/p>\n<p><br class=\"c2\"\/><\/p>\n<div class=\"ichhar-moneytagnative c4\" id=\"ichhar-1973417896\">\n<p>Advertisements<\/p>\n<\/div>\n<p><br class=\"c2\"\/><br \/>\n<br class=\"c5\"\/><br \/>\nAuteur: Hicham Chouadria<br \/>\n<a href=\"https:\/\/www.elwatan.com\/edition\/actualite\/le-journaliste-mustapha-bendjama-sous-controle-judiciaire-trois-mois-de-prison-avec-sursis-pour-kenza-khattou-02-06-2021\">Cliquez ici pour lire l&rsquo;article depuis sa source.<\/a><\/p>\n","protected":false},"excerpt":{"rendered":"<p>Le verdict est tomb\u00e9 hier en d\u00e9but de matin\u00e9e. Le juge pr\u00e8s le tribunal de Sidi M\u2019hamed d\u2019Alger a condamn\u00e9 la journaliste de Radio M, Kenza Khattou, \u00e0 trois mois de prison avec sursis et 20 000 DA d\u2019amende. Acquitt\u00e9e des chefs d\u2019accusation d\u2019\u00abatteinte \u00e0 l\u2019unit\u00e9 nationale\u00bb et d\u2019\u00abincitation \u00e0 attroupement non arm\u00e9\u00bb, la journaliste [&hellip;]<\/p>\n","protected":false},"author":1743,"featured_media":0,"comment_status":"closed","ping_status":"closed","sticky":false,"template":"","format":"standard","meta":{"fifu_image_url":"","fifu_image_alt":"","footnotes":""},"categories":[73,53],"tags":[],"class_list":["post-117865","post","type-post","status-publish","format-standard","hentry","category-actualite","category-algerie"],"_links":{"self":[{"href":"https:\/\/linitiative.ca\/International\/wp-json\/wp\/v2\/posts\/117865","targetHints":{"allow":["GET"]}}],"collection":[{"href":"https:\/\/linitiative.ca\/International\/wp-json\/wp\/v2\/posts"}],"about":[{"href":"https:\/\/linitiative.ca\/International\/wp-json\/wp\/v2\/types\/post"}],"author":[{"embeddable":true,"href":"https:\/\/linitiative.ca\/International\/wp-json\/wp\/v2\/users\/1743"}],"replies":[{"embeddable":true,"href":"https:\/\/linitiative.ca\/International\/wp-json\/wp\/v2\/comments?post=117865"}],"version-history":[{"count":0,"href":"https:\/\/linitiative.ca\/International\/wp-json\/wp\/v2\/posts\/117865\/revisions"}],"wp:attachment":[{"href":"https:\/\/linitiative.ca\/International\/wp-json\/wp\/v2\/media?parent=117865"}],"wp:term":[{"taxonomy":"category","embeddable":true,"href":"https:\/\/linitiative.ca\/International\/wp-json\/wp\/v2\/categories?post=117865"},{"taxonomy":"post_tag","embeddable":true,"href":"https:\/\/linitiative.ca\/International\/wp-json\/wp\/v2\/tags?post=117865"}],"curies":[{"name":"wp","href":"https:\/\/api.w.org\/{rel}","templated":true}]}}