{"id":117866,"date":"2021-06-02T08:39:45","date_gmt":"2021-06-02T12:39:45","guid":{"rendered":"https:\/\/linitiative.ca\/International\/tennis-man-city-le-president-al-mubarak-annonce-la-couleur-pour-le-mercato\/"},"modified":"2021-06-02T08:39:45","modified_gmt":"2021-06-02T12:39:45","slug":"tennis-man-city-le-president-al-mubarak-annonce-la-couleur-pour-le-mercato","status":"publish","type":"post","link":"https:\/\/linitiative.ca\/International\/tennis-man-city-le-president-al-mubarak-annonce-la-couleur-pour-le-mercato\/","title":{"rendered":"Tennis : Man City : Le pr\u00e9sident Al Mubarak annonce la couleur pour le mercato"},"content":{"rendered":"<div readability=\"32\">\n<p>Auteur : <span class=\"time\">mercredi 02 juin 2021 12:51<\/span><\/p>\n<\/div>\n<div id=\"post_core\" readability=\"55\">\n<p>Pour atteindre enfin le sommet europ\u00e9en \u00e0 l\u2019avenir, le champion d\u2019Angleterre en titre doit-il trouver la solution dans le recrutement ? Pour le pr\u00e9sident Khaldoon Al Mubarak, le prochain mercato est l\u2019occasion de revoir l\u2019\u00e9quipe pour lui permettre de progresser.<\/p>\n<p>\u00ab\u00a0Nous avons perdu une l\u00e9gende importante avec Sergio Ag\u00fcero. Il va \u00eatre compliqu\u00e9 de trouver quelqu\u2019un de la m\u00eame pointure, mais nous allons y arriver. Il y a plusieurs domaines dans le groupe qui ont besoin qu\u2019on investisse, notamment l\u2019\u00e9quipe. Pas trop non plus. Ce n\u2019est pas une question de chiffres mais de qualit\u00e9\u00a0\u00bb, a-t-il annonc\u00e9 sur le site officiel du club.<\/p>\n<p>\u00ab\u00a0J\u2019ai appris une chose depuis mon arriv\u00e9e, c\u2019est qu\u2019il faut constamment apporter du talent et de la fra\u00eecheur, surtout lorsque l\u2019on \u00e9volue \u00e0 un niveau tr\u00e8s \u00e9lev\u00e9 et que l\u2019on est au sommet. Avoir gagn\u00e9 le titre ne signifie pas qu\u2019il faut s\u2019asseoir et savourer. Ce serait la plus grosse erreur. C\u2019est le moment d\u2019envoyer un message fort plut\u00f4t, qu\u2019il n\u2019y a pas de satisfaction \u00e0 simplement gagner la Premier League\u00a0\u00bb, a pr\u00e9venu Al Mubarak comme le rapporte Infomercato.fr.<\/p>\n<p><strong>Publi\u00e9 dans :<\/strong> <span>Manchester City<\/span><\/p>\n<\/div>\n<p>Auteur:<br \/>\n<a href=\"http:\/\/www.lebuteur.com\/article\/detail?titre=man-city-le-president-al-mubarak-annonce-la-couleur-pour-le-mercato&#038;id=100259&#038;utm_source=feedburner&#038;utm_medium=feed&#038;utm_campaign=Feed%3A+GalerieFArtciles+%28Les+derniers+articles++-+lebuteur.com%29\">Cliquez ici pour lire l&rsquo;article depuis sa source.<\/a><\/p>\n","protected":false},"excerpt":{"rendered":"<p>Auteur : mercredi 02 juin 2021 12:51 Pour atteindre enfin le sommet europ\u00e9en \u00e0 l\u2019avenir, le champion d\u2019Angleterre en titre doit-il trouver la solution dans le recrutement ? Pour le pr\u00e9sident Khaldoon Al Mubarak, le prochain mercato est l\u2019occasion de revoir l\u2019\u00e9quipe pour lui permettre de progresser. \u00ab\u00a0Nous avons perdu une l\u00e9gende importante avec Sergio [&hellip;]<\/p>\n","protected":false},"author":1738,"featured_media":0,"comment_status":"closed","ping_status":"closed","sticky":false,"template":"","format":"standard","meta":{"fifu_image_url":"\/\/cdn.lebuteur.com\/data\/images\/article\/thumbs\/large-man-city-le-president-al-mubarak-annonce-la-couleur-pour-le-mercato-729f3.jpg","fifu_image_alt":"Tennis : Man City : Le pr\u00e9sident Al Mubarak annonce la couleur pour le mercato","footnotes":""},"categories":[53,75],"tags":[],"class_list":["post-117866","post","type-post","status-publish","format-standard","hentry","category-algerie","category-sport"],"_links":{"self":[{"href":"https:\/\/linitiative.ca\/International\/wp-json\/wp\/v2\/posts\/117866","targetHints":{"allow":["GET"]}}],"collection":[{"href":"https:\/\/linitiative.ca\/International\/wp-json\/wp\/v2\/posts"}],"about":[{"href":"https:\/\/linitiative.ca\/International\/wp-json\/wp\/v2\/types\/post"}],"author":[{"embeddable":true,"href":"https:\/\/linitiative.ca\/International\/wp-json\/wp\/v2\/users\/1738"}],"replies":[{"embeddable":true,"href":"https:\/\/linitiative.ca\/International\/wp-json\/wp\/v2\/comments?post=117866"}],"version-history":[{"count":0,"href":"https:\/\/linitiative.ca\/International\/wp-json\/wp\/v2\/posts\/117866\/revisions"}],"wp:attachment":[{"href":"https:\/\/linitiative.ca\/International\/wp-json\/wp\/v2\/media?parent=117866"}],"wp:term":[{"taxonomy":"category","embeddable":true,"href":"https:\/\/linitiative.ca\/International\/wp-json\/wp\/v2\/categories?post=117866"},{"taxonomy":"post_tag","embeddable":true,"href":"https:\/\/linitiative.ca\/International\/wp-json\/wp\/v2\/tags?post=117866"}],"curies":[{"name":"wp","href":"https:\/\/api.w.org\/{rel}","templated":true}]}}