{"id":117869,"date":"2021-06-02T06:07:57","date_gmt":"2021-06-02T10:07:57","guid":{"rendered":"https:\/\/linitiative.ca\/International\/legislatives-du-12-juin-les-questions-importantes-occultees-par-les-independants\/"},"modified":"2021-06-02T06:07:57","modified_gmt":"2021-06-02T10:07:57","slug":"legislatives-du-12-juin-les-questions-importantes-occultees-par-les-independants","status":"publish","type":"post","link":"https:\/\/linitiative.ca\/International\/legislatives-du-12-juin-les-questions-importantes-occultees-par-les-independants\/","title":{"rendered":"L\u00e9gislatives du 12 juin : Les questions importantes occult\u00e9es par les \u00abind\u00e9pendants\u00bb"},"content":{"rendered":"<h4 class=\"title-14\"\/>\n<div class=\"featured_image\"><img loading=\"lazy\" decoding=\"async\" width=\"800\" height=\"628\" src=\"https:\/\/www.elwatan.com\/wp-content\/uploads\/2021\/06\/VOTE-H.-LY\u00c8S-e1622585292553.jpg\" class=\"attachment-post-thumbnail size-post-thumbnail wp-post-image\" alt=\"\"\/> <span class=\"featured-image-caption\">Peu de candidats apportent des r\u00e9ponses concr\u00e8tes dans leur programme ( photo : H Ly\u00e8s)<\/span><\/div>\n<p>Les questions politico-\u00e9conomiques, qu\u2019elles soient li\u00e9es \u00e0 l\u2019\u00e9tat des libert\u00e9s et de la d\u00e9mocratie dans le pays ou \u00e0 la situation socio\u00e9conomique, ne sont pas, ou tr\u00e8s peu, pr\u00e9sentes dans le discours de campagne de beaucoup de candidats, notamment ceux qui se sont pr\u00e9sent\u00e9s sur des listes ind\u00e9pendantes.<\/p>\n<p>Les candidats composant ces derni\u00e8res, qui sont, pour la premi\u00e8re fois dans l\u2019histoire du pays (837 listes d\u2019ind\u00e9pendants contre 646 listes de partis politiques, selon l\u2019Anie), plus importantes, s\u2019attardent g\u00e9n\u00e9ralement sur les probl\u00e8mes locaux.<\/p>\n<p>Au-del\u00e0 des d\u00e9clarations farfelues, qui ont provoqu\u00e9 des pol\u00e9miques, comme celle faite par un chef de parti au sujet des candidatures f\u00e9minines, ou m\u00eame de la raillerie, la majorit\u00e9 des interventions, faites en meeting, en regroupement dans la rue, lors d\u2019actions de proximit\u00e9, dont les images sont diffus\u00e9es sur le Net ou sur les r\u00e9seaux sociaux directement, sont concentr\u00e9es autour des aspects relatifs au d\u00e9veloppement local dans la r\u00e9gion o\u00f9 la liste est engag\u00e9e. Or, la d\u00e9putation est un mandat national et l\u2019\u00e9lu est beaucoup plus attendu sur la proposition et l\u2019adoption de lois et d\u2019autres questions \u00e0 caract\u00e8re national.<\/p>\n<p>Que pensent ces candidats de l\u2019effondrement du pouvoir d\u2019achat du citoyen, des effets de la Covid-19, de l\u2019\u00e9ventualit\u00e9 d\u2019une lev\u00e9e, partielle ou totale, des subvenions, comme cela est sugg\u00e9r\u00e9 \u00e9pisodiquement par certains responsables, de la situation des libert\u00e9s, de l\u2019exercice politique, des m\u00e9dias, de l\u2019abus du recours \u00e0 la d\u00e9tention provisoire, des d\u00e9tenus du hirak\u2026 ? Que vont-ils proposer dans ce sens ? Quel est le programme de chacun ?<\/p>\n<p>Peu de r\u00e9ponses y ont \u00e9t\u00e9 apport\u00e9es lors de la premi\u00e8re semaine de campagne. Certaines formations politiques, rompues \u00e0 l\u2019exercice politique, marqu\u00e9es id\u00e9ologiquement, disposant donc d\u2019un programme, s\u2019aventurent sur ce terrain, m\u00eame si nombre de questions, comme celle de la situation des libert\u00e9s, sont occult\u00e9es par certains, soit pour des consid\u00e9rations \u00abtactiques\u00bb, soit en raison d\u2019un alignement sans r\u00e9serve sur la feuille de route du pouvoir en place tout simplement.<\/p>\n<p>Et l\u00e0 encore, le probl\u00e8me se pose toujours avec les candidats de certains partis politiques nouvellement recrut\u00e9s pour figurer sur des listes de candidatures, qui ne ma\u00eetrisent que peu, ou pas du tout, les \u00e9l\u00e9ments de langage de leurs entit\u00e9s politiques, ce qui, de ce fait, les pousse \u00e0 \u00e9viter les questions importantes, se contentant de d\u00e9biter des g\u00e9n\u00e9ralit\u00e9s ou de reproduire des slogans.<\/p>\n<p>Et la situation est pire pour les listes ind\u00e9pendantes, repr\u00e9sentant, faut-il le rappeler, 56% de l\u2019ensemble des listes de ces l\u00e9gislatives. Promettant tous le \u00abchangement\u00bb tant esp\u00e9r\u00e9 par les Alg\u00e9riens, la majorit\u00e9 de ces candidats, du moins ceux qui se sont exprim\u00e9s jusque-l\u00e0, ne s\u2019attardent nullement sur les voies et moyens qui vont mener \u00e0 celui-ci. L\u2019exercice est difficile m\u00eame pour une formation politique.<\/p>\n<p>Que dire alors lorsqu\u2019il est question d\u2019un candidat qui n\u2019est pas rompu \u00e0 la chose politique et va devoir s\u2019exprimer sur des questions importantes, tant politiques que socio\u00e9conomiques\u2026<\/p>\n<p><span class=\"post-views-label\">Post Views:<\/span> <span class=\"post-views-count\">54<\/span><\/p>\n<p><br class=\"c2\"\/><\/p>\n<div class=\"ichhar-moneytagnative c4\" id=\"ichhar-911106421\">\n<p>Advertisements<\/p>\n<\/div>\n<p><br class=\"c2\"\/><br \/>\n<br class=\"c5\"\/><br \/>\nAuteur: Hicham Chouadria<br \/>\n<a href=\"https:\/\/www.elwatan.com\/edition\/actualite\/legislatives-du-12-juin-les-questions-importantes-occultees-par-les-independants-02-06-2021\">Cliquez ici pour lire l&rsquo;article depuis sa source.<\/a><\/p>\n","protected":false},"excerpt":{"rendered":"<p>Peu de candidats apportent des r\u00e9ponses concr\u00e8tes dans leur programme ( photo : H Ly\u00e8s) Les questions politico-\u00e9conomiques, qu\u2019elles soient li\u00e9es \u00e0 l\u2019\u00e9tat des libert\u00e9s et de la d\u00e9mocratie dans le pays ou \u00e0 la situation socio\u00e9conomique, ne sont pas, ou tr\u00e8s peu, pr\u00e9sentes dans le discours de campagne de beaucoup de candidats, notamment ceux [&hellip;]<\/p>\n","protected":false},"author":1743,"featured_media":0,"comment_status":"closed","ping_status":"closed","sticky":false,"template":"","format":"standard","meta":{"fifu_image_url":"https:\/\/www.elwatan.com\/wp-content\/uploads\/2021\/06\/VOTE-H.-LY\u00c8S-e1622585292553.jpg","fifu_image_alt":"L\u00e9gislatives du 12 juin : Les questions importantes occult\u00e9es par les \u00abind\u00e9pendants\u00bb","footnotes":""},"categories":[73,53],"tags":[],"class_list":["post-117869","post","type-post","status-publish","format-standard","hentry","category-actualite","category-algerie"],"_links":{"self":[{"href":"https:\/\/linitiative.ca\/International\/wp-json\/wp\/v2\/posts\/117869","targetHints":{"allow":["GET"]}}],"collection":[{"href":"https:\/\/linitiative.ca\/International\/wp-json\/wp\/v2\/posts"}],"about":[{"href":"https:\/\/linitiative.ca\/International\/wp-json\/wp\/v2\/types\/post"}],"author":[{"embeddable":true,"href":"https:\/\/linitiative.ca\/International\/wp-json\/wp\/v2\/users\/1743"}],"replies":[{"embeddable":true,"href":"https:\/\/linitiative.ca\/International\/wp-json\/wp\/v2\/comments?post=117869"}],"version-history":[{"count":0,"href":"https:\/\/linitiative.ca\/International\/wp-json\/wp\/v2\/posts\/117869\/revisions"}],"wp:attachment":[{"href":"https:\/\/linitiative.ca\/International\/wp-json\/wp\/v2\/media?parent=117869"}],"wp:term":[{"taxonomy":"category","embeddable":true,"href":"https:\/\/linitiative.ca\/International\/wp-json\/wp\/v2\/categories?post=117869"},{"taxonomy":"post_tag","embeddable":true,"href":"https:\/\/linitiative.ca\/International\/wp-json\/wp\/v2\/tags?post=117869"}],"curies":[{"name":"wp","href":"https:\/\/api.w.org\/{rel}","templated":true}]}}