{"id":117870,"date":"2021-06-02T06:00:00","date_gmt":"2021-06-02T10:00:00","guid":{"rendered":"https:\/\/linitiative.ca\/International\/le-feu-eteint-apres-13-jours-dincendie-sur-le-navire-en-perdition\/"},"modified":"2021-06-02T06:00:00","modified_gmt":"2021-06-02T10:00:00","slug":"le-feu-eteint-apres-13-jours-dincendie-sur-le-navire-en-perdition","status":"publish","type":"post","link":"https:\/\/linitiative.ca\/International\/le-feu-eteint-apres-13-jours-dincendie-sur-le-navire-en-perdition\/","title":{"rendered":"<div>Le feu \u00e9teint apr\u00e8s 13 jours d&rsquo;incendie sur le navire en perdition<\/div>"},"content":{"rendered":"<p class=\"c3\">L&rsquo;incendie \u00e0 bord d&rsquo;un cargo en perdition depuis treize jours au large du Sri Lanka a \u00e9t\u00e9 \u00e9teint mardi gr\u00e2ce \u00e0 une op\u00e9ration internationale, a indiqu\u00e9 la marine de ce pays.<br \/>Des experts de la soci\u00e9t\u00e9 danoise de sauvetages en mer SMIT sont mont\u00e9s \u00e0 bord du MV X-Press Pearl et ont par ailleurs fait \u00e9tat d&rsquo;un niveau d&rsquo;eau \u00e9lev\u00e9 dans la salle des machines, a indiqu\u00e9 le porte-parole de la marine sri-lankaise, Indika de Silva, cit\u00e9 par l&rsquo;AFP.<br \/>Des tonnes de granules de microplastique provenant de sa cargaison ont souill\u00e9 les plages du Sri Lanka, ce qui a conduit \u00e0 une interdiction de la p\u00eache et fait craindre un d\u00e9sastre \u00e9cologique. Le porte-parole de la marine a d\u00e9clar\u00e9 que l&rsquo;arri\u00e8re du porte-conteneurs de 186 m\u00e8tres s&rsquo;\u00e9tait enfonc\u00e9 d&rsquo;environ un m\u00e8tre.<br \/>Il a pr\u00e9cis\u00e9 que les jets d&rsquo;eau des pompiers avait \u00e9t\u00e9 arr\u00eat\u00e9s pour \u00e9viter de nouvelles accumulations d&rsquo;eau, mais que certaines zones du navire \u00e9taient encore trop chaudes pour proc\u00e9der \u00e0 un examen complet du b\u00e2timent, qui a pris feu le 20 mai.<br \/>La marine sri-lankaise a re\u00e7u des renforts des gardes-c\u00f4tes indiens et de remorqueurs affr\u00e9t\u00e9s par SMIT pour combattre les flammes, qui ont d\u00e9truit la plupart des quelque 1 500 conteneurs du navire.<br \/>Le bateau, immatricul\u00e9 \u00e0 Singapour, transportait notamment 25 tonnes d&rsquo;acide nitrique et d&rsquo;autres produits chimiques, ainsi que 28 conteneurs de mati\u00e8res premi\u00e8res plastiques, dont la plupart sont tomb\u00e9s \u00e0 la mer. Le chef de l&rsquo;Autorit\u00e9 de protection de l&rsquo;environnement marin, Dharshani Lahandapura, a d\u00e9clar\u00e9 qu&rsquo;ils \u00e9valuaient les d\u00e9g\u00e2ts \u00e9cologiques, mais qu&rsquo;il pensait qu&rsquo;il s&rsquo;agissait du \u00abpire accident jamais survenu de son vivant\u00bb.<\/p>\n<p>Auteur:<br \/>\n<a href=\"https:\/\/www.lesoirdalgerie.com\/monde\/le-feu-eteint-apres-13-jours-dincendie-sur-le-navire-en-perdition-62083\">Cliquez ici pour lire l&rsquo;article depuis sa source.<\/a><\/p>\n","protected":false},"excerpt":{"rendered":"<p>L&rsquo;incendie \u00e0 bord d&rsquo;un cargo en perdition depuis treize jours au large du Sri Lanka a \u00e9t\u00e9 \u00e9teint mardi gr\u00e2ce \u00e0 une op\u00e9ration internationale, a indiqu\u00e9 la marine de ce pays.Des experts de la soci\u00e9t\u00e9 danoise de sauvetages en mer SMIT sont mont\u00e9s \u00e0 bord du MV X-Press Pearl et ont par ailleurs fait \u00e9tat [&hellip;]<\/p>\n","protected":false},"author":1741,"featured_media":0,"comment_status":"closed","ping_status":"closed","sticky":false,"template":"","format":"standard","meta":{"fifu_image_url":"","fifu_image_alt":"","footnotes":""},"categories":[73,53],"tags":[],"class_list":["post-117870","post","type-post","status-publish","format-standard","hentry","category-actualite","category-algerie"],"_links":{"self":[{"href":"https:\/\/linitiative.ca\/International\/wp-json\/wp\/v2\/posts\/117870","targetHints":{"allow":["GET"]}}],"collection":[{"href":"https:\/\/linitiative.ca\/International\/wp-json\/wp\/v2\/posts"}],"about":[{"href":"https:\/\/linitiative.ca\/International\/wp-json\/wp\/v2\/types\/post"}],"author":[{"embeddable":true,"href":"https:\/\/linitiative.ca\/International\/wp-json\/wp\/v2\/users\/1741"}],"replies":[{"embeddable":true,"href":"https:\/\/linitiative.ca\/International\/wp-json\/wp\/v2\/comments?post=117870"}],"version-history":[{"count":0,"href":"https:\/\/linitiative.ca\/International\/wp-json\/wp\/v2\/posts\/117870\/revisions"}],"wp:attachment":[{"href":"https:\/\/linitiative.ca\/International\/wp-json\/wp\/v2\/media?parent=117870"}],"wp:term":[{"taxonomy":"category","embeddable":true,"href":"https:\/\/linitiative.ca\/International\/wp-json\/wp\/v2\/categories?post=117870"},{"taxonomy":"post_tag","embeddable":true,"href":"https:\/\/linitiative.ca\/International\/wp-json\/wp\/v2\/tags?post=117870"}],"curies":[{"name":"wp","href":"https:\/\/api.w.org\/{rel}","templated":true}]}}