{"id":117871,"date":"2021-06-02T05:30:00","date_gmt":"2021-06-02T09:30:00","guid":{"rendered":"https:\/\/linitiative.ca\/International\/valse-de-directeurs-a-lentv\/"},"modified":"2021-06-02T05:30:00","modified_gmt":"2021-06-02T09:30:00","slug":"valse-de-directeurs-a-lentv","status":"publish","type":"post","link":"https:\/\/linitiative.ca\/International\/valse-de-directeurs-a-lentv\/","title":{"rendered":"VALSE DE DIRECTEURS \u00c0 L\u2019ENTV"},"content":{"rendered":"<div id=\"originalText\" readability=\"102\">\n<p>\u25a0 La valse des directeurs se poursuit \u00e0 la t\u00e9l\u00e9vision publique.\u00a0Le ministre de la Communication\u00a0 a\u00a0 install\u00e9, dimanche, Chabane Lounakal, comme\u00a0 nouveau directeur g\u00e9n\u00e9ral de la t\u00e9l\u00e9vision. Il est ainsi le cinqui\u00e8me patron de cette cha\u00eene publique en l\u2019espace de deux ans et demi. Un record.<\/p>\n<p>Chabane Lounakal remplace ainsi Ahmed Bensebane, limog\u00e9 le mois dernier apr\u00e8s 16 mois pass\u00e9s au poste de directeur g\u00e9n\u00e9ral de l\u2019ENTV.\u00a0 Ce dernier a \u00e9t\u00e9 auditionn\u00e9, dimanche, par les services de la Gendarmerie nationale.<\/p>\n<p>Il est rentr\u00e9 chez lui, mais a d\u00fb remettre\u00a0 son\u00a0 passeport\u00a0 dans l\u2019attente de la poursuite de l\u2019enqu\u00eate qui concernerait, selon des sources concordantes, la passation d\u2019un march\u00e9 avec une soci\u00e9t\u00e9\u00a0 \u00e9miratie.\u00a0 Mais ce n\u2019est pas tant le contrat, portant sur des prestations de service marketing, qui poserait probl\u00e8me.\u00a0<\/p>\n<p>Il s\u2019agirait plut\u00f4t d\u2019une clause qui porte sur la saisine d\u2019un tribunal fran\u00e7ais en cas de litige entre l\u2019Entreprise nationale de la t\u00e9l\u00e9vision (ENTV) et la soci\u00e9t\u00e9 \u00e9miratie. Au-del\u00e0 de ce contrat, le limogeage d\u2019Ahmed Bensebane confirme que le poste de DG de l\u2019ENTV est un si\u00e8ge \u00e9jectable.\u00a0<\/p>\n<p>Avant lui, le poste \u00e9tait occup\u00e9 par Salim Rabehi qui n\u2019y est rest\u00e9 que 9 mois. Ce dernier\u00a0 avait\u00a0 remplac\u00e9\u00a0 Lotfi Chriet, d\u00e9sign\u00e9\u00a0 en mars 2019 et limog\u00e9 un mois apr\u00e8s le d\u00e9but du Hirak.<\/p>\n<p>Auparavant, l\u2019ancien directeur g\u00e9n\u00e9ral d\u2019Alg\u00e9rie presse service (APS), Toufik Khelladi, avait dirig\u00e9 la t\u00e9l\u00e9vision alg\u00e9rienne depuis 2012. Cette valse des directeurs g\u00e9n\u00e9raux de la t\u00e9l\u00e9vision publique est en r\u00e9alit\u00e9 symptomatique du r\u00f4le qu\u2019on attribue \u00e0 cet instrument m\u00e9diatique.\u00a0<\/p>\n<p>Pour l\u2019universitaire Sma\u00efl Maaraf, le poste de directeur de l\u2019ENTV n\u2019\u201cest pas celui d\u2019un manager ordinaire\u201d. \u201cIl s\u2019agit d\u2019un ex\u00e9cutant des ordres du pouvoir. \u00c0 l\u2019exception d\u201dAbdou Benziane qui a tent\u00e9 de r\u00e9volutionner le m\u00e9dia, les autres ne sont l\u00e0 que pour ex\u00e9cuter une feuille de route\u201d, insiste-t-il. Pour lui, \u201cle seul vrai travail qui est assign\u00e9 au directeur g\u00e9n\u00e9ral de l\u2019ENTV est de surveiller le JT de 20 heures\u201d.\u00a0<\/p>\n<p>\u201cPour les d\u00e9cideurs, l\u2019impact de la t\u00e9l\u00e9vision sur les populations est tr\u00e8s important, d\u2019o\u00f9 la n\u00e9cessit\u00e9 de faire de la propagande\u201d, r\u00e9sume l\u2019enseignant en sciences de l\u2019information. \u201cIl n\u2019est pas question de montrer des critiques ou des attaques contre la Pr\u00e9sidence, l\u2019arm\u00e9e ou le pouvoir de mani\u00e8re g\u00e9n\u00e9rale\u201d, rel\u00e8ve-t-il.\u00a0<\/p>\n<p>En\u00a0 dehors\u00a0 des\u00a0 premi\u00e8res\u00a0 semaines\u00a0 qui\u00a0 ont\u00a0 suivi le d\u00e9but\u00a0 du\u00a0 Hirak, la t\u00e9l\u00e9vision officielle a tourn\u00e9 le dos \u00e0 toutes les oppositions. Aucune voix n\u2019y est autoris\u00e9e, hormis\u00a0 celle\u00a0 relayant\u00a0 le\u00a0 discours\u00a0 officiel\u00a0 ou\u00a0 \u00e9voluant \u00e0 la p\u00e9riph\u00e9rie du pouvoir. Depuis deux ans, toutes les manifestations du Hirak sont ignor\u00e9es et gare aux journalistes qui se hasarderaient \u00e0 s\u2019afficher comme des \u201cemp\u00eacheurs de penser en rond\u201d.<br \/>\u00a0<\/p>\n<p class=\"c6\"><strong>Ali BOUKHLEF<\/strong><\/p>\n<\/div>\n<div id=\"text_core\" readability=\"102\">\n<p>\u25a0 La valse des directeurs se poursuit \u00e0 la t\u00e9l\u00e9vision publique.\u00a0Le ministre de la Communication\u00a0 a\u00a0 install\u00e9, dimanche, Chabane Lounakal, comme\u00a0 nouveau directeur g\u00e9n\u00e9ral de la t\u00e9l\u00e9vision. Il est ainsi le cinqui\u00e8me patron de cette cha\u00eene publique en l\u2019espace de deux ans et demi. Un record.<\/p>\n<p>Chabane Lounakal remplace ainsi Ahmed Bensebane, limog\u00e9 le mois dernier apr\u00e8s 16 mois pass\u00e9s au poste de directeur g\u00e9n\u00e9ral de l\u2019ENTV.\u00a0 Ce dernier a \u00e9t\u00e9 auditionn\u00e9, dimanche, par les services de la Gendarmerie nationale.<\/p>\n<p>Il est rentr\u00e9 chez lui, mais a d\u00fb remettre\u00a0 son\u00a0 passeport\u00a0 dans l\u2019attente de la poursuite de l\u2019enqu\u00eate qui concernerait, selon des sources concordantes, la passation d\u2019un march\u00e9 avec une soci\u00e9t\u00e9\u00a0 \u00e9miratie.\u00a0 Mais ce n\u2019est pas tant le contrat, portant sur des prestations de service marketing, qui poserait probl\u00e8me.\u00a0<\/p>\n<p>Il s\u2019agirait plut\u00f4t d\u2019une clause qui porte sur la saisine d\u2019un tribunal fran\u00e7ais en cas de litige entre l\u2019Entreprise nationale de la t\u00e9l\u00e9vision (ENTV) et la soci\u00e9t\u00e9 \u00e9miratie. Au-del\u00e0 de ce contrat, le limogeage d\u2019Ahmed Bensebane confirme que le poste de DG de l\u2019ENTV est un si\u00e8ge \u00e9jectable.\u00a0<\/p>\n<p>Avant lui, le poste \u00e9tait occup\u00e9 par Salim Rabehi qui n\u2019y est rest\u00e9 que 9 mois. Ce dernier\u00a0 avait\u00a0 remplac\u00e9\u00a0 Lotfi Chriet, d\u00e9sign\u00e9\u00a0 en mars 2019 et limog\u00e9 un mois apr\u00e8s le d\u00e9but du Hirak.<\/p>\n<p>Auparavant, l\u2019ancien directeur g\u00e9n\u00e9ral d\u2019Alg\u00e9rie presse service (APS), Toufik Khelladi, avait dirig\u00e9 la t\u00e9l\u00e9vision alg\u00e9rienne depuis 2012. Cette valse des directeurs g\u00e9n\u00e9raux de la t\u00e9l\u00e9vision publique est en r\u00e9alit\u00e9 symptomatique du r\u00f4le qu\u2019on attribue \u00e0 cet instrument m\u00e9diatique.\u00a0<\/p>\n<p>Pour l\u2019universitaire Sma\u00efl Maaraf, le poste de directeur de l\u2019ENTV n\u2019\u201cest pas celui d\u2019un manager ordinaire\u201d. \u201cIl s\u2019agit d\u2019un ex\u00e9cutant des ordres du pouvoir. \u00c0 l\u2019exception d\u201dAbdou Benziane qui a tent\u00e9 de r\u00e9volutionner le m\u00e9dia, les autres ne sont l\u00e0 que pour ex\u00e9cuter une feuille de route\u201d, insiste-t-il. Pour lui, \u201cle seul vrai travail qui est assign\u00e9 au directeur g\u00e9n\u00e9ral de l\u2019ENTV est de surveiller le JT de 20 heures\u201d.\u00a0<\/p>\n<p>\u201cPour les d\u00e9cideurs, l\u2019impact de la t\u00e9l\u00e9vision sur les populations est tr\u00e8s important, d\u2019o\u00f9 la n\u00e9cessit\u00e9 de faire de la propagande\u201d, r\u00e9sume l\u2019enseignant en sciences de l\u2019information. \u201cIl n\u2019est pas question de montrer des critiques ou des attaques contre la Pr\u00e9sidence, l\u2019arm\u00e9e ou le pouvoir de mani\u00e8re g\u00e9n\u00e9rale\u201d, rel\u00e8ve-t-il.\u00a0<\/p>\n<p>En\u00a0 dehors\u00a0 des\u00a0 premi\u00e8res\u00a0 semaines\u00a0 qui\u00a0 ont\u00a0 suivi le d\u00e9but\u00a0 du\u00a0 Hirak, la t\u00e9l\u00e9vision officielle a tourn\u00e9 le dos \u00e0 toutes les oppositions. Aucune voix n\u2019y est autoris\u00e9e, hormis\u00a0 celle\u00a0 relayant\u00a0 le\u00a0 discours\u00a0 officiel\u00a0 ou\u00a0 \u00e9voluant \u00e0 la p\u00e9riph\u00e9rie du pouvoir. Depuis deux ans, toutes les manifestations du Hirak sont ignor\u00e9es et gare aux journalistes qui se hasarderaient \u00e0 s\u2019afficher comme des \u201cemp\u00eacheurs de penser en rond\u201d.<br \/>\u00a0<\/p>\n<p class=\"c6\"><strong>Ali BOUKHLEF<\/strong><\/p>\n<\/div>\n<p>Auteur:<br \/>\n<a href=\"https:\/\/www.liberte-algerie.com\/actualite\/valse-de-directeurs-a-lentv-359680\">Cliquez ici pour lire l&rsquo;article depuis sa source.<\/a><\/p>\n","protected":false},"excerpt":{"rendered":"<p>\u25a0 La valse des directeurs se poursuit \u00e0 la t\u00e9l\u00e9vision publique.\u00a0Le ministre de la Communication\u00a0 a\u00a0 install\u00e9, dimanche, Chabane Lounakal, comme\u00a0 nouveau directeur g\u00e9n\u00e9ral de la t\u00e9l\u00e9vision. Il est ainsi le cinqui\u00e8me patron de cette cha\u00eene publique en l\u2019espace de deux ans et demi. Un record. Chabane Lounakal remplace ainsi Ahmed Bensebane, limog\u00e9 le mois [&hellip;]<\/p>\n","protected":false},"author":1742,"featured_media":0,"comment_status":"closed","ping_status":"closed","sticky":false,"template":"","format":"standard","meta":{"fifu_image_url":"","fifu_image_alt":"","footnotes":""},"categories":[73,53],"tags":[],"class_list":["post-117871","post","type-post","status-publish","format-standard","hentry","category-actualite","category-algerie"],"_links":{"self":[{"href":"https:\/\/linitiative.ca\/International\/wp-json\/wp\/v2\/posts\/117871","targetHints":{"allow":["GET"]}}],"collection":[{"href":"https:\/\/linitiative.ca\/International\/wp-json\/wp\/v2\/posts"}],"about":[{"href":"https:\/\/linitiative.ca\/International\/wp-json\/wp\/v2\/types\/post"}],"author":[{"embeddable":true,"href":"https:\/\/linitiative.ca\/International\/wp-json\/wp\/v2\/users\/1742"}],"replies":[{"embeddable":true,"href":"https:\/\/linitiative.ca\/International\/wp-json\/wp\/v2\/comments?post=117871"}],"version-history":[{"count":0,"href":"https:\/\/linitiative.ca\/International\/wp-json\/wp\/v2\/posts\/117871\/revisions"}],"wp:attachment":[{"href":"https:\/\/linitiative.ca\/International\/wp-json\/wp\/v2\/media?parent=117871"}],"wp:term":[{"taxonomy":"category","embeddable":true,"href":"https:\/\/linitiative.ca\/International\/wp-json\/wp\/v2\/categories?post=117871"},{"taxonomy":"post_tag","embeddable":true,"href":"https:\/\/linitiative.ca\/International\/wp-json\/wp\/v2\/tags?post=117871"}],"curies":[{"name":"wp","href":"https:\/\/api.w.org\/{rel}","templated":true}]}}