{"id":117874,"date":"2021-06-02T06:00:00","date_gmt":"2021-06-02T10:00:00","guid":{"rendered":"https:\/\/linitiative.ca\/International\/la-crise-economique-du-liban-parmi-les-10-pires-au-monde\/"},"modified":"2021-06-02T06:00:00","modified_gmt":"2021-06-02T10:00:00","slug":"la-crise-economique-du-liban-parmi-les-10-pires-au-monde","status":"publish","type":"post","link":"https:\/\/linitiative.ca\/International\/la-crise-economique-du-liban-parmi-les-10-pires-au-monde\/","title":{"rendered":"La crise \u00e9conomique du Liban parmi les 10 pires au monde"},"content":{"rendered":"<p class=\"c3\">L&rsquo;effondrement \u00e9conomique du Liban risque d&rsquo;\u00eatre class\u00e9 parmi les pires crises financi\u00e8res du monde depuis le milieu du XIXe si\u00e8cle, indique la Banque mondiale (BM) dans un rapport publi\u00e9 mardi.<br \/>\u00abLa crise \u00e9conomique et financi\u00e8re est susceptible de se classer parmi les 10, voire les trois \u00e9pisodes de crise les plus graves au niveau mondial depuis le milieu du XIXe si\u00e8cle\u00bb, indique le rapport.<br \/>Cette ann\u00e9e, l&rsquo;\u00e9conomie du Liban va se contracter de pr\u00e8s de 10% et il n&rsquo;y a \u00abaucun tournant clair en vue\u00bb, selon le rapport.<br \/>Le Liban a fait d\u00e9faut sur sa dette l&rsquo;an pass\u00e9, la monnaie a perdu environ 85% de sa valeur et la pauvret\u00e9 d\u00e9vaste un pays nagu\u00e8re consid\u00e9r\u00e9 comme un phare de la prosp\u00e9rit\u00e9 dans la r\u00e9gion.<br \/>Intitul\u00e9 \u00abLe naufrage du Liban:\u00a0 Top 3 des pires crises mondiales\u00bb, le rapport indique que ces effondrements \u00e9conomiques brutaux sont g\u00e9n\u00e9ralement le r\u00e9sultat d&rsquo;une guerre.<br \/>La d\u00e9gringolade de l&rsquo;\u00e9conomie libanaise au cours des 18 derniers mois est largement imput\u00e9e \u00e0 \u00abla corruption et \u00e0 la mauvaise gestion\u00bb, a soulign\u00e9 le rapport tout en mentionnant que \u00ables r\u00e9ponses politiques des dirigeants libanais \u00e0 ces d\u00e9fis ont \u00e9t\u00e9 tr\u00e8s insuffisantes\u00bb.<br \/>\u00abLa classe dirigeante libanaise n&rsquo;a pas su r\u00e9agir \u00e0 la pire situation d&rsquo;urgence que le pays ait connue en une g\u00e9n\u00e9ration, aggrav\u00e9e par la pand\u00e9mie de coronavirus et une explosion d\u00e9vastatrice dans le port de Beyrouth en ao\u00fbt dernier\u00bb, a ajout\u00e9 la BM.<br \/>\u00abSous r\u00e9serve d&rsquo;une incertitude extraordinairement \u00e9lev\u00e9e, le PIB r\u00e9el devrait se contracter de 9,5% suppl\u00e9mentaires en 2021\u00bb, selon la Banque mondiale.\u00a0<br \/>Selon l&rsquo;institution mon\u00e9taire, l&rsquo;\u00e9conomie s&rsquo;est contract\u00e9e de 6,7% en 2019 et de 20,3% en 2020.<br \/>\u00abPlus de la moiti\u00e9 des Libanais vivent vraisemblablement en dessous du seuil de pauvret\u00e9 national avec la majorit\u00e9 de la population active pay\u00e9e en livres libanaises souffrant de la chute vertigineuse du pouvoir d&rsquo;achat. Face \u00e0 la hausse du taux de ch\u00f4mage, un nombre croissant de m\u00e9nages a du mal \u00e0 acc\u00e9der aux services essentiels, notamment aux soins de sant\u00e9\u00bb, a fait observer \u00e9galement le m\u00eame rapport.<\/p>\n<p>Auteur:<br \/>\n<a href=\"https:\/\/www.lesoirdalgerie.com\/monde\/la-crise-economique-du-liban-parmi-les-10-pires-au-monde-62082\">Cliquez ici pour lire l&rsquo;article depuis sa source.<\/a><\/p>\n","protected":false},"excerpt":{"rendered":"<p>L&rsquo;effondrement \u00e9conomique du Liban risque d&rsquo;\u00eatre class\u00e9 parmi les pires crises financi\u00e8res du monde depuis le milieu du XIXe si\u00e8cle, indique la Banque mondiale (BM) dans un rapport publi\u00e9 mardi.\u00abLa crise \u00e9conomique et financi\u00e8re est susceptible de se classer parmi les 10, voire les trois \u00e9pisodes de crise les plus graves au niveau mondial depuis [&hellip;]<\/p>\n","protected":false},"author":1741,"featured_media":0,"comment_status":"closed","ping_status":"closed","sticky":false,"template":"","format":"standard","meta":{"fifu_image_url":"","fifu_image_alt":"","footnotes":""},"categories":[73,53],"tags":[],"class_list":["post-117874","post","type-post","status-publish","format-standard","hentry","category-actualite","category-algerie"],"_links":{"self":[{"href":"https:\/\/linitiative.ca\/International\/wp-json\/wp\/v2\/posts\/117874","targetHints":{"allow":["GET"]}}],"collection":[{"href":"https:\/\/linitiative.ca\/International\/wp-json\/wp\/v2\/posts"}],"about":[{"href":"https:\/\/linitiative.ca\/International\/wp-json\/wp\/v2\/types\/post"}],"author":[{"embeddable":true,"href":"https:\/\/linitiative.ca\/International\/wp-json\/wp\/v2\/users\/1741"}],"replies":[{"embeddable":true,"href":"https:\/\/linitiative.ca\/International\/wp-json\/wp\/v2\/comments?post=117874"}],"version-history":[{"count":0,"href":"https:\/\/linitiative.ca\/International\/wp-json\/wp\/v2\/posts\/117874\/revisions"}],"wp:attachment":[{"href":"https:\/\/linitiative.ca\/International\/wp-json\/wp\/v2\/media?parent=117874"}],"wp:term":[{"taxonomy":"category","embeddable":true,"href":"https:\/\/linitiative.ca\/International\/wp-json\/wp\/v2\/categories?post=117874"},{"taxonomy":"post_tag","embeddable":true,"href":"https:\/\/linitiative.ca\/International\/wp-json\/wp\/v2\/tags?post=117874"}],"curies":[{"name":"wp","href":"https:\/\/api.w.org\/{rel}","templated":true}]}}