{"id":117875,"date":"2021-06-02T07:02:47","date_gmt":"2021-06-02T11:02:47","guid":{"rendered":"https:\/\/linitiative.ca\/International\/medias-deces-du-journaliste-ecrivain-zoubir-souissi-a-lage-de-78-ans\/"},"modified":"2021-06-02T07:02:47","modified_gmt":"2021-06-02T11:02:47","slug":"medias-deces-du-journaliste-ecrivain-zoubir-souissi-a-lage-de-78-ans","status":"publish","type":"post","link":"https:\/\/linitiative.ca\/International\/medias-deces-du-journaliste-ecrivain-zoubir-souissi-a-lage-de-78-ans\/","title":{"rendered":"M\u00e9dias\u00a0: D\u00e9c\u00e8s du journaliste-\u00e9crivain Zoubir Souissi \u00e0 l\u2019\u00e2ge de 78 ans"},"content":{"rendered":"<h4 class=\"title-14\"\/>\n<p>Le journaliste-\u00e9crivain, Zoubir Souissi, est d\u00e9c\u00e9d\u00e9 mercredi 2 juin \u00e0 l\u2019\u00e2ge de 78 ans \u00e0 Alicante en Espagne, a-t-on appris aupr\u00e8s du quotidien national Le Soir d\u2019Alg\u00e9rie dont il est membre fondateur.\u00a0 Le d\u00e9funt qui avait des soucis de sant\u00e9 ces derniers temps, \u00e9tait bloqu\u00e9 \u00e0 Alicante depuis la fermeture des fronti\u00e8res alg\u00e9riennes, suite \u00e0 la pand\u00e9mie du Coronavirus, a-t-on pr\u00e9cis\u00e9. Zoubir Souissi qui a exerc\u00e9 en tant que reporter avant de devenir un talentueux chroniqueur, n\u2019a quasiment pas connu d\u2019autres m\u00e9tiers que celui\u00a0\u00a0 de journaliste. Il a d\u00e9but\u00e9 sa riche carri\u00e8re en 1966 en tant que\u00a0\u00a0 collaborateur au bureau d\u2019Alger-R\u00e9publicain avant de rejoindre le quotidien r\u00e9gional An-Nasr, \u00e9dit\u00e9 \u00e0 Constantine. Apr\u00e8s l\u2019arabisation de ce journal, Zoubir Souissi int\u00e8gre l\u2019\u00e9quipe du quotidien national El Moudjahid au d\u00e9but des ann\u00e9es 1970, puis la revue hebdomadaire R\u00e9volution Africaine (Revaf) o\u00f9 il a occup\u00e9 le poste de r\u00e9dacteur en chef jusqu\u2019en 1985, ann\u00e9e au cours de laquelle il a rejoint\u00a0\u00a0 l\u2019Agence nationale Alg\u00e9rie Presse Service (APS). Apr\u00e8s les \u00e9v\u00e9nements d\u2019octobre 1988 et l\u2019ouverture du champ m\u00e9diatique, il participe au d\u00e9bat sur la libert\u00e9 de la presse. C\u2019est ainsi qu\u2019il s\u2019est lanc\u00e9 dans ce qui \u00e9tait appel\u00e9 \u00e0 l\u2019\u00e9poque \u00abl\u2019aventure intellectuelle\u00bb en fondant en 1990, en compagnie de quatre de ses amis journalistes, Le Soir d\u2019Alg\u00e9rie qui \u00e9tait alors un quotidien du soir, dont il a assur\u00e9 la direction pendant une dizaine d\u2019ann\u00e9es. Le d\u00e9funt est \u00e9galement auteur de deux romans, \u00abLes tribulations du Cam\u00e9l\u00e9on\u00bb et \u00abLa t\u00eate des orphelins\u00bb.<\/p>\n<p><span class=\"post-views-label\">Post Views:<\/span> <span class=\"post-views-count\">0<\/span><\/p>\n<p><br class=\"c2\"\/><\/p>\n<div class=\"ichhar-moneytagnative c4\" id=\"ichhar-60794276\">\n<p>Advertisements<\/p>\n<\/div>\n<p><br class=\"c2\"\/><br \/>\n<br class=\"c5\"\/><br \/>\nAuteur: Abdelghani Aichoun<br \/>\n<a href=\"https:\/\/www.elwatan.com\/edition\/actualite\/medias-deces-du-journaliste-ecrivain-zoubir-souissi-a-lage-de-78-ans-02-06-2021\">Cliquez ici pour lire l&rsquo;article depuis sa source.<\/a><\/p>\n","protected":false},"excerpt":{"rendered":"<p>Le journaliste-\u00e9crivain, Zoubir Souissi, est d\u00e9c\u00e9d\u00e9 mercredi 2 juin \u00e0 l\u2019\u00e2ge de 78 ans \u00e0 Alicante en Espagne, a-t-on appris aupr\u00e8s du quotidien national Le Soir d\u2019Alg\u00e9rie dont il est membre fondateur.\u00a0 Le d\u00e9funt qui avait des soucis de sant\u00e9 ces derniers temps, \u00e9tait bloqu\u00e9 \u00e0 Alicante depuis la fermeture des fronti\u00e8res alg\u00e9riennes, suite \u00e0 [&hellip;]<\/p>\n","protected":false},"author":1743,"featured_media":0,"comment_status":"closed","ping_status":"closed","sticky":false,"template":"","format":"standard","meta":{"fifu_image_url":"","fifu_image_alt":"","footnotes":""},"categories":[73,53],"tags":[],"class_list":["post-117875","post","type-post","status-publish","format-standard","hentry","category-actualite","category-algerie"],"_links":{"self":[{"href":"https:\/\/linitiative.ca\/International\/wp-json\/wp\/v2\/posts\/117875","targetHints":{"allow":["GET"]}}],"collection":[{"href":"https:\/\/linitiative.ca\/International\/wp-json\/wp\/v2\/posts"}],"about":[{"href":"https:\/\/linitiative.ca\/International\/wp-json\/wp\/v2\/types\/post"}],"author":[{"embeddable":true,"href":"https:\/\/linitiative.ca\/International\/wp-json\/wp\/v2\/users\/1743"}],"replies":[{"embeddable":true,"href":"https:\/\/linitiative.ca\/International\/wp-json\/wp\/v2\/comments?post=117875"}],"version-history":[{"count":0,"href":"https:\/\/linitiative.ca\/International\/wp-json\/wp\/v2\/posts\/117875\/revisions"}],"wp:attachment":[{"href":"https:\/\/linitiative.ca\/International\/wp-json\/wp\/v2\/media?parent=117875"}],"wp:term":[{"taxonomy":"category","embeddable":true,"href":"https:\/\/linitiative.ca\/International\/wp-json\/wp\/v2\/categories?post=117875"},{"taxonomy":"post_tag","embeddable":true,"href":"https:\/\/linitiative.ca\/International\/wp-json\/wp\/v2\/tags?post=117875"}],"curies":[{"name":"wp","href":"https:\/\/api.w.org\/{rel}","templated":true}]}}