{"id":117876,"date":"2021-06-02T09:32:49","date_gmt":"2021-06-02T13:32:49","guid":{"rendered":"https:\/\/linitiative.ca\/International\/visa-schengen-le-controle-des-demandeurs-renforce\/"},"modified":"2021-06-02T09:32:49","modified_gmt":"2021-06-02T13:32:49","slug":"visa-schengen-le-controle-des-demandeurs-renforce","status":"publish","type":"post","link":"https:\/\/linitiative.ca\/International\/visa-schengen-le-controle-des-demandeurs-renforce\/","title":{"rendered":"Visa Schengen : Le contr\u00f4le des demandeurs renforc\u00e9"},"content":{"rendered":"<figure class=\"post-thumbnail\" itemprop=\"associatedMedia\" itemscope=\"itemscope\" itemtype=\"http:\/\/schema.org\/ImageObject\"><img decoding=\"async\" class=\"post_layout_5_img\" src=\"https:\/\/aujourdhui.ma\/wp-content\/uploads\/2019\/04\/visas-Schengen-passeport.jpg\" alt=\"Visa Schengen : Le contr\u00f4le des demandeurs renforc\u00e9\"\/><\/figure>\n<p><span class=\"c6\"><strong>Le Conseil europ\u00e9en a adopt\u00e9 un nouveau r\u00e8glement modifiant le syst\u00e8me d\u2019information sur les visas<\/strong><\/span><span id=\"more-378023\"\/><\/p>\n<p>Le Conseil europ\u00e9en a adopt\u00e9 le 27 mai un nouveau r\u00e8glement modifiant le syst\u00e8me d\u2019information sur les visas (VIS) en vue de renforcer les contr\u00f4les des demandeurs de visa. L\u2019acte juridique doit \u00e0 pr\u00e9sent \u00eatre adopt\u00e9 par le Parlement europ\u00e9en et sign\u00e9 avant d\u2019\u00eatre publi\u00e9 au Journal officiel de l\u2019UE. Ce nouveau r\u00e8glement a trois objectifs majeurs. Il vise \u00e0 renforcer davantage la s\u00e9curit\u00e9 de la proc\u00e9dure de d\u00e9livrance des visas de court s\u00e9jour. Il inclura les visas de long s\u00e9jour et les titres de s\u00e9jour dans la base de donn\u00e9es du syst\u00e8me d\u2019information sur les visas. Enfin, ce r\u00e8glement modificatif est destin\u00e9 \u00e0 assurer l\u2019interop\u00e9rabilit\u00e9 entre le VIS et les autres syst\u00e8mes et bases de donn\u00e9es concern\u00e9s de l\u2019UE.<\/p>\n<p>\u00abCes derni\u00e8res ann\u00e9es, l\u2019UE s\u2019est constamment employ\u00e9e \u00e0 am\u00e9liorer les contr\u00f4les des personnes entrant dans l\u2019espace Schengen, gr\u00e2ce \u00e0 l\u2019adoption du syst\u00e8me d\u2019autorisation de voyage (ETIAS) et du syst\u00e8me d\u2019entr\u00e9e\/de sortie et \u00e0 l\u2019interop\u00e9rabilit\u00e9 des bases de donn\u00e9es. La mise \u00e0 jour du VIS constitue la nouvelle \u00e9tape dans cette direction. Les nouvelles r\u00e8gles permettront de mieux contr\u00f4ler les demandeurs de visa afin d\u2019identifier ceux qui pourraient constituer une menace pour la s\u00e9curit\u00e9 ou pr\u00e9senter un risque de d\u00e9tournement de nos r\u00e8gles en mati\u00e8re de migration\u00bb, a d\u00e9clar\u00e9 Eduardo Cabrita, ministre de l\u2019int\u00e9rieur du Portugal. Dans un communiqu\u00e9, le Conseil fait savoir que le VIS ne contiendra plus seulement des informations sur les visas de court s\u00e9jour, comme c\u2019\u00e9tait le cas auparavant, mais il couvrira aussi les visas de long s\u00e9jour et les titres de s\u00e9jour, puisque ces documents ouvrent le droit \u00e0 la libre circulation dans l\u2019espace Schengen. En outre, le VIS contiendra un scan de la page des donn\u00e9es biographiques du document de voyage.<\/p>\n<p>\u00abAvant la d\u00e9livrance d\u2019un visa ou d\u2019un titre de s\u00e9jour, les nouvelles r\u00e8gles permettront une v\u00e9rification plus pouss\u00e9e des ant\u00e9c\u00e9dents du demandeur de visa dans les bases de donn\u00e9es pertinentes en mati\u00e8re de s\u00e9curit\u00e9 et de migration\u00bb, pr\u00e9cise le communiqu\u00e9. Signalons que les bases de donn\u00e9es comprennent le syst\u00e8me d\u2019information Schengen (SIS), le syst\u00e8me d\u2019entr\u00e9e\/sortie (EES), le syst\u00e8me europ\u00e9en d\u2019information et d\u2019autorisation concernant les voyages (ETIAS), Eurodac, les donn\u00e9es Europol, l\u2019ECRIS-TCN et les bases de donn\u00e9es pertinentes d\u2019Interpol sur les documents de voyage. \u00abLe VIS lancerait automatiquement une interrogation de ces bases de donn\u00e9es et toute r\u00e9ponse positive donnera lieu \u00e0 une v\u00e9rification manuelle et \u00e0 un suivi par l\u2019autorit\u00e9 comp\u00e9tente\u00bb, poursuit le communiqu\u00e9. Par ailleurs, le nouveau r\u00e8glement fera passer de 12 \u00e0 6 ans l\u2019\u00e2ge auquel les empreintes digitales des enfants sont relev\u00e9es (avec toutes les garanties n\u00e9cessaires). Une limite d\u2019\u00e2ge maximale sera \u00e9galement introduite, puisque les empreintes digitales des personnes \u00e2g\u00e9es de plus de 75 ans ne seront pas enregistr\u00e9es dans le VIS.<\/p>\n<p>Pour rappel, le syst\u00e8me d\u2019information sur les visas qui est en service depuis 2011 est une base de donn\u00e9es destin\u00e9e \u00e0 faciliter la proc\u00e9dure de d\u00e9livrance des visas de court s\u00e9jour. Il aide les autorit\u00e9s comp\u00e9tentes en mati\u00e8re de visas, de fronti\u00e8res, d\u2019asile et de migration \u00e0 contr\u00f4ler les ressortissants de pays tiers qui doivent \u00eatre en possession d\u2019un visa de court s\u00e9jour pour se rendre dans l\u2019espace Schengen. La Commission europ\u00e9enne avait proc\u00e9d\u00e9 \u00e0 une \u00e9valuation globale du VIS en 2016. Celle-ci avait conclu que le syst\u00e8me a atteint ses objectifs, mais que les nouveaux d\u00e9fis en mati\u00e8re de visas et de gestion des fronti\u00e8res et de migration imposent d\u2019approfondir son d\u00e9veloppement dans plusieurs domaines. Le 16 mai 2018, la Commission a pr\u00e9sent\u00e9 une proposition modifiant le r\u00e8glement VIS.<\/p>\n<p>Auteur: ALM<br \/>\n<a href=\"https:\/\/aujourdhui.ma\/societe\/visa-schengen-le-controle-des-demandeurs-renforce\">Cliquez ici pour lire l&rsquo;article depuis sa source.<\/a><\/p>\n","protected":false},"excerpt":{"rendered":"<p>Le Conseil europ\u00e9en a adopt\u00e9 un nouveau r\u00e8glement modifiant le syst\u00e8me d\u2019information sur les visas Le Conseil europ\u00e9en a adopt\u00e9 le 27 mai un nouveau r\u00e8glement modifiant le syst\u00e8me d\u2019information sur les visas (VIS) en vue de renforcer les contr\u00f4les des demandeurs de visa. L\u2019acte juridique doit \u00e0 pr\u00e9sent \u00eatre adopt\u00e9 par le Parlement europ\u00e9en [&hellip;]<\/p>\n","protected":false},"author":1759,"featured_media":0,"comment_status":"closed","ping_status":"closed","sticky":false,"template":"","format":"standard","meta":{"fifu_image_url":"https:\/\/aujourdhui.ma\/wp-content\/uploads\/2019\/04\/visas-Schengen-passeport.jpg","fifu_image_alt":"Visa Schengen : Le contr\u00f4le des demandeurs renforc\u00e9","footnotes":""},"categories":[73,54],"tags":[],"class_list":["post-117876","post","type-post","status-publish","format-standard","hentry","category-actualite","category-maroc"],"_links":{"self":[{"href":"https:\/\/linitiative.ca\/International\/wp-json\/wp\/v2\/posts\/117876","targetHints":{"allow":["GET"]}}],"collection":[{"href":"https:\/\/linitiative.ca\/International\/wp-json\/wp\/v2\/posts"}],"about":[{"href":"https:\/\/linitiative.ca\/International\/wp-json\/wp\/v2\/types\/post"}],"author":[{"embeddable":true,"href":"https:\/\/linitiative.ca\/International\/wp-json\/wp\/v2\/users\/1759"}],"replies":[{"embeddable":true,"href":"https:\/\/linitiative.ca\/International\/wp-json\/wp\/v2\/comments?post=117876"}],"version-history":[{"count":0,"href":"https:\/\/linitiative.ca\/International\/wp-json\/wp\/v2\/posts\/117876\/revisions"}],"wp:attachment":[{"href":"https:\/\/linitiative.ca\/International\/wp-json\/wp\/v2\/media?parent=117876"}],"wp:term":[{"taxonomy":"category","embeddable":true,"href":"https:\/\/linitiative.ca\/International\/wp-json\/wp\/v2\/categories?post=117876"},{"taxonomy":"post_tag","embeddable":true,"href":"https:\/\/linitiative.ca\/International\/wp-json\/wp\/v2\/tags?post=117876"}],"curies":[{"name":"wp","href":"https:\/\/api.w.org\/{rel}","templated":true}]}}