{"id":117879,"date":"2021-06-02T12:01:01","date_gmt":"2021-06-02T16:01:01","guid":{"rendered":"https:\/\/linitiative.ca\/International\/lutte-contre-la-maltraitance-des-enfants-lancement-a-marrakech-du-projet-jamais-sans-mon-alarme\/"},"modified":"2021-06-02T12:01:01","modified_gmt":"2021-06-02T16:01:01","slug":"lutte-contre-la-maltraitance-des-enfants-lancement-a-marrakech-du-projet-jamais-sans-mon-alarme","status":"publish","type":"post","link":"https:\/\/linitiative.ca\/International\/lutte-contre-la-maltraitance-des-enfants-lancement-a-marrakech-du-projet-jamais-sans-mon-alarme\/","title":{"rendered":"Lutte contre la maltraitance des enfants: Lancement \u00e0 Marrakech du projet \u201cJamais sans mon alarme\u201d"},"content":{"rendered":"<p><iframe loading=\"lazy\" width=\"1170\" height=\"658\" src=\"https:\/\/www.youtube.com\/embed\/8MjRZWGK7vQ?feature=oembed\" frameborder=\"0\" allow=\"accelerometer; autoplay; clipboard-write; encrypted-media; gyroscope; picture-in-picture\" allowfullscreen=\"allowfullscreen\">[embedded content]<\/iframe><\/p>\n<div class=\"single-post-excerpt post-excerpt-bc\" readability=\"38\">\n<p>Les associations \u00ab\u00a0Al Karam\u00a0\u00bb et \u00ab\u00a0MekkiL\u00a0\u00bb ont proc\u00e9d\u00e9, mardi \u00e0 Marrakech, au lancement du projet \u00ab\u00a0Jamais sans mon alarme\u00a0\u00bb pour lutter contre la maltraitance faite aux enfants et ce, dans le cadre de la c\u00e9l\u00e9bration de la Journ\u00e9e internationale des enfants victimes de maltraitance.<\/p>\n<\/div>\n<p>Auteur: Meriem IGASS<br \/>\n<a href=\"http:\/\/www.mapmarrakech.ma\/fr\/lutte-contre-la-maltraitance-des-enfants-lancement-a-marrakech-du-projet-jamais-sans-mon-alarme\/\">Cliquez ici pour lire l&rsquo;article depuis sa source.<\/a><\/p>\n","protected":false},"excerpt":{"rendered":"<p>[embedded content] Les associations \u00ab\u00a0Al Karam\u00a0\u00bb et \u00ab\u00a0MekkiL\u00a0\u00bb ont proc\u00e9d\u00e9, mardi \u00e0 Marrakech, au lancement du projet \u00ab\u00a0Jamais sans mon alarme\u00a0\u00bb pour lutter contre la maltraitance faite aux enfants et ce, dans le cadre de la c\u00e9l\u00e9bration de la Journ\u00e9e internationale des enfants victimes de maltraitance. Auteur: Meriem IGASS Cliquez ici pour lire l&rsquo;article depuis [&hellip;]<\/p>\n","protected":false},"author":1788,"featured_media":0,"comment_status":"closed","ping_status":"closed","sticky":false,"template":"","format":"standard","meta":{"fifu_image_url":"","fifu_image_alt":"","footnotes":""},"categories":[54,76],"tags":[],"class_list":["post-117879","post","type-post","status-publish","format-standard","hentry","category-maroc","category-regions"],"_links":{"self":[{"href":"https:\/\/linitiative.ca\/International\/wp-json\/wp\/v2\/posts\/117879","targetHints":{"allow":["GET"]}}],"collection":[{"href":"https:\/\/linitiative.ca\/International\/wp-json\/wp\/v2\/posts"}],"about":[{"href":"https:\/\/linitiative.ca\/International\/wp-json\/wp\/v2\/types\/post"}],"author":[{"embeddable":true,"href":"https:\/\/linitiative.ca\/International\/wp-json\/wp\/v2\/users\/1788"}],"replies":[{"embeddable":true,"href":"https:\/\/linitiative.ca\/International\/wp-json\/wp\/v2\/comments?post=117879"}],"version-history":[{"count":0,"href":"https:\/\/linitiative.ca\/International\/wp-json\/wp\/v2\/posts\/117879\/revisions"}],"wp:attachment":[{"href":"https:\/\/linitiative.ca\/International\/wp-json\/wp\/v2\/media?parent=117879"}],"wp:term":[{"taxonomy":"category","embeddable":true,"href":"https:\/\/linitiative.ca\/International\/wp-json\/wp\/v2\/categories?post=117879"},{"taxonomy":"post_tag","embeddable":true,"href":"https:\/\/linitiative.ca\/International\/wp-json\/wp\/v2\/tags?post=117879"}],"curies":[{"name":"wp","href":"https:\/\/api.w.org\/{rel}","templated":true}]}}