{"id":117885,"date":"2021-06-02T11:07:03","date_gmt":"2021-06-02T15:07:03","guid":{"rendered":"https:\/\/linitiative.ca\/International\/un-symposium-pour-decortiquer-lecosysteme-de-la-fibre-optique\/"},"modified":"2021-06-02T11:07:03","modified_gmt":"2021-06-02T15:07:03","slug":"un-symposium-pour-decortiquer-lecosysteme-de-la-fibre-optique","status":"publish","type":"post","link":"https:\/\/linitiative.ca\/International\/un-symposium-pour-decortiquer-lecosysteme-de-la-fibre-optique\/","title":{"rendered":"Un symposium pour d\u00e9cortiquer l\u2019\u00e9cosyst\u00e8me de la fibre optique"},"content":{"rendered":"<p class=\"rtejustify\">Partager les avanc\u00e9es l\u00e9gislatives sur le d\u00e9veloppement du tr\u00e8s haut d\u00e9bit et sensibiliser l&rsquo;\u00e9cosyst\u00e8me de la fibre optique sur l\u2019importance de la confiance num\u00e9rique, tel est l\u2019objectif de la 6e \u00e9dition du Symposium de la fibre optique pr\u00e9vu du 15 au 16 juin.<\/p>\n<p class=\"rtejustify\">Organis\u00e9e par AOB Group, Orange Maroc et Huawei, cette \u00e9dition digitale abordera deux th\u00e9matiques, la 1re concernant le volet l\u00e9gislatif et notamment la loi 121-12 promulgu\u00e9e en 2019 qui aborde le partage des infrastructures t\u00e9l\u00e9communication. La loi sur le partenariat public-priv\u00e9 (PPP), dont le projet de d\u00e9cret verra bient\u00f4t le jour, sera \u00e9galement pr\u00e9sent\u00e9e comme alternative \u00e0 consid\u00e9rer dans le d\u00e9veloppement rapide du tr\u00e8s haut d\u00e9bit au Maroc. Durant le symposium, des t\u00e9moignages de success stories sur les PPP en Afrique seront partag\u00e9s par Orange et Huawei Maroc.<\/p>\n<p class=\"rtejustify\">L\u2019\u00e9cosyst\u00e8me du tr\u00e8s haut d\u00e9bit et de la construction prendront \u00e9galement connaissance des solutions concr\u00e8tes qui assurent la s\u00e9curit\u00e9 num\u00e9rique des b\u00e2timents connect\u00e9s. De son c\u00f4t\u00e9, Orange Cyber d\u00e9fense sensibilisera sur les failles li\u00e9es \u00e0 la vid\u00e9o surveillance et expliquera comment les cam\u00e9ras peuvent m\u00eame augmenter le risque d\u2019intrusion dans les b\u00e2timents sans un syst\u00e8me de s\u00e9curit\u00e9 num\u00e9rique bien s\u00e9curis\u00e9. Quant \u00e0 Huawei Maroc, il d\u00e9voilera ses solutions de pointe pour les maisons intelligentes et les possibilit\u00e9s offertes par une transmission tr\u00e8s rapide et s\u00e9curis\u00e9e du wifi.<\/p>\n<p class=\"rtejustify\">A noter que l\u2019APEBI reviendra le r\u00f4le qu\u2019elle peut avoir en tant que f\u00e9d\u00e9ration dans la transformation num\u00e9rique du secteur de la construction et du b\u00e2timent. Les participants \u00e0 la table ronde de la 2e journ\u00e9e discuteront, eux, du d\u00e9ploiement du cuivre sur les nouveaux projets immobiliers, dans un contexte de forte utilisation du digital.<\/p>\n<p class=\"rtejustify\">Cet atelier sera notamment anim\u00e9 par la business unit fixe d\u2019Orange Maroc, le Conseil r\u00e9gional de l\u2019Ordre des architectes de Casablanca et du Centre, le bureau d\u2019\u00e9tude NOVEC ainsi qu\u2019un repr\u00e9sentant de la F\u00e9d\u00e9ration nationale des promoteurs immobiliers (FNPI).<\/p>\n<p class=\"rtejustify\">\u00a0<\/p>\n<p>Auteur: mbasraoui<br \/>\n<a href=\"https:\/\/www.leconomiste.com\/flash-infos\/un-symposium-pour-decortiquer-l-ecosysteme-de-la-fibre-optique\">Cliquez ici pour lire l&rsquo;article depuis sa source.<\/a><\/p>\n","protected":false},"excerpt":{"rendered":"<p>Partager les avanc\u00e9es l\u00e9gislatives sur le d\u00e9veloppement du tr\u00e8s haut d\u00e9bit et sensibiliser l&rsquo;\u00e9cosyst\u00e8me de la fibre optique sur l\u2019importance de la confiance num\u00e9rique, tel est l\u2019objectif de la 6e \u00e9dition du Symposium de la fibre optique pr\u00e9vu du 15 au 16 juin. Organis\u00e9e par AOB Group, Orange Maroc et Huawei, cette \u00e9dition digitale abordera [&hellip;]<\/p>\n","protected":false},"author":1763,"featured_media":0,"comment_status":"closed","ping_status":"closed","sticky":false,"template":"","format":"standard","meta":{"fifu_image_url":"","fifu_image_alt":"","footnotes":""},"categories":[78,54],"tags":[],"class_list":["post-117885","post","type-post","status-publish","format-standard","hentry","category-economie","category-maroc"],"_links":{"self":[{"href":"https:\/\/linitiative.ca\/International\/wp-json\/wp\/v2\/posts\/117885","targetHints":{"allow":["GET"]}}],"collection":[{"href":"https:\/\/linitiative.ca\/International\/wp-json\/wp\/v2\/posts"}],"about":[{"href":"https:\/\/linitiative.ca\/International\/wp-json\/wp\/v2\/types\/post"}],"author":[{"embeddable":true,"href":"https:\/\/linitiative.ca\/International\/wp-json\/wp\/v2\/users\/1763"}],"replies":[{"embeddable":true,"href":"https:\/\/linitiative.ca\/International\/wp-json\/wp\/v2\/comments?post=117885"}],"version-history":[{"count":0,"href":"https:\/\/linitiative.ca\/International\/wp-json\/wp\/v2\/posts\/117885\/revisions"}],"wp:attachment":[{"href":"https:\/\/linitiative.ca\/International\/wp-json\/wp\/v2\/media?parent=117885"}],"wp:term":[{"taxonomy":"category","embeddable":true,"href":"https:\/\/linitiative.ca\/International\/wp-json\/wp\/v2\/categories?post=117885"},{"taxonomy":"post_tag","embeddable":true,"href":"https:\/\/linitiative.ca\/International\/wp-json\/wp\/v2\/tags?post=117885"}],"curies":[{"name":"wp","href":"https:\/\/api.w.org\/{rel}","templated":true}]}}