{"id":117887,"date":"2021-06-02T12:28:25","date_gmt":"2021-06-02T16:28:25","guid":{"rendered":"https:\/\/linitiative.ca\/International\/redal-recompense-les-projets-innovants-des-etudiants-de-rabat\/"},"modified":"2021-06-02T12:28:25","modified_gmt":"2021-06-02T16:28:25","slug":"redal-recompense-les-projets-innovants-des-etudiants-de-rabat","status":"publish","type":"post","link":"https:\/\/linitiative.ca\/International\/redal-recompense-les-projets-innovants-des-etudiants-de-rabat\/","title":{"rendered":"Redal r\u00e9compense les projets innovants des \u00e9tudiants de Rabat"},"content":{"rendered":"<p class=\"rtejustify\">La facult\u00e9 de sciences de Rabat a abrit\u00e9, ce matin, la c\u00e9r\u00e9monie de remise des prix de la premi\u00e8re \u00e9dition du troph\u00e9e Redal de l\u2019innovation qui a connu la participation de pr\u00e8s de 50 \u00e9tudiants de 5 \u00e9tablissements relevant de l\u2019universit\u00e9 Mohammed V de Rabat (UM5R) dont trois \u00e9coles d\u2019ing\u00e9nieurs. Dans le cadre de cette initiative, 18 projets ont \u00e9t\u00e9 pr\u00e9sent\u00e9s par des \u00e9quipes d\u2019\u00e9tudiants \u00e0 travers lesquels on propose des solutions innovantes en relation avec les activit\u00e9s de Redal, soci\u00e9t\u00e9 charg\u00e9e de la gestion d\u00e9l\u00e9gu\u00e9e des services de la distribution d\u2019\u00e9lectricit\u00e9, d\u2019eau potable et d\u2019assainissement liquide dans plusieurs communes de l\u2019agglom\u00e9ration Rabat-Sal\u00e9-T\u00e9mara.<\/p>\n<p class=\"rtejustify\">Le premier prix a \u00e9t\u00e9 d\u00e9croch\u00e9 par une \u00e9quipe compos\u00e9e de 4 \u00e9tudiants de l\u2019Ecole nationale sup\u00e9rieure d\u2019arts et m\u00e9tiers (ENSAM) de Rabat. Cette \u00e9quipe a \u00e9t\u00e9 r\u00e9compens\u00e9e pour son projet qui porte sur une application mobile permettant notamment \u00e0 un client qui veut se d\u00e9placer \u00e0 une agence de Redal de visualiser \u00e0 distance l\u2019\u00e9tat de la file d\u2019attente et \u00e9ventuellement r\u00e9server son ticket \u00e0 partir d\u2019un smartphone. Quant au deuxi\u00e8me prix, il a \u00e9t\u00e9 report\u00e9 par une \u00e9quipe de l\u2019Ecole nationale sup\u00e9rieure d\u2019informatique et d\u2019analyse des syst\u00e8mes (ENSIAS). Alors que le troisi\u00e8me prix revient \u00e0 une autre \u00e9quipe de l\u2019ENSAM. Pour le prix coup de c\u0153ur du Jury de cette \u00e9dition, il a \u00e9t\u00e9 accord\u00e9 \u00e0 une \u00e9quipe de l\u2019Ecole sup\u00e9rieure de technologie de Sal\u00e9 (ESTS).<\/p>\n<p class=\"rtejustify\"><strong><em>N.E.A.<\/em><\/strong><\/p>\n<p>Auteur: hgueye<br \/>\n<a href=\"https:\/\/www.leconomiste.com\/flash-infos\/redal-recompense-les-projets-innovants-des-etudiants-de-rabat\">Cliquez ici pour lire l&rsquo;article depuis sa source.<\/a><\/p>\n","protected":false},"excerpt":{"rendered":"<p>La facult\u00e9 de sciences de Rabat a abrit\u00e9, ce matin, la c\u00e9r\u00e9monie de remise des prix de la premi\u00e8re \u00e9dition du troph\u00e9e Redal de l\u2019innovation qui a connu la participation de pr\u00e8s de 50 \u00e9tudiants de 5 \u00e9tablissements relevant de l\u2019universit\u00e9 Mohammed V de Rabat (UM5R) dont trois \u00e9coles d\u2019ing\u00e9nieurs. Dans le cadre de cette [&hellip;]<\/p>\n","protected":false},"author":1763,"featured_media":0,"comment_status":"closed","ping_status":"closed","sticky":false,"template":"","format":"standard","meta":{"fifu_image_url":"","fifu_image_alt":"","footnotes":""},"categories":[78,54],"tags":[],"class_list":["post-117887","post","type-post","status-publish","format-standard","hentry","category-economie","category-maroc"],"_links":{"self":[{"href":"https:\/\/linitiative.ca\/International\/wp-json\/wp\/v2\/posts\/117887","targetHints":{"allow":["GET"]}}],"collection":[{"href":"https:\/\/linitiative.ca\/International\/wp-json\/wp\/v2\/posts"}],"about":[{"href":"https:\/\/linitiative.ca\/International\/wp-json\/wp\/v2\/types\/post"}],"author":[{"embeddable":true,"href":"https:\/\/linitiative.ca\/International\/wp-json\/wp\/v2\/users\/1763"}],"replies":[{"embeddable":true,"href":"https:\/\/linitiative.ca\/International\/wp-json\/wp\/v2\/comments?post=117887"}],"version-history":[{"count":0,"href":"https:\/\/linitiative.ca\/International\/wp-json\/wp\/v2\/posts\/117887\/revisions"}],"wp:attachment":[{"href":"https:\/\/linitiative.ca\/International\/wp-json\/wp\/v2\/media?parent=117887"}],"wp:term":[{"taxonomy":"category","embeddable":true,"href":"https:\/\/linitiative.ca\/International\/wp-json\/wp\/v2\/categories?post=117887"},{"taxonomy":"post_tag","embeddable":true,"href":"https:\/\/linitiative.ca\/International\/wp-json\/wp\/v2\/tags?post=117887"}],"curies":[{"name":"wp","href":"https:\/\/api.w.org\/{rel}","templated":true}]}}