{"id":117888,"date":"2021-06-02T13:05:47","date_gmt":"2021-06-02T17:05:47","guid":{"rendered":"https:\/\/linitiative.ca\/International\/artisanat-lexport-maintient-sa-dynamique\/"},"modified":"2021-06-02T13:05:47","modified_gmt":"2021-06-02T17:05:47","slug":"artisanat-lexport-maintient-sa-dynamique","status":"publish","type":"post","link":"https:\/\/linitiative.ca\/International\/artisanat-lexport-maintient-sa-dynamique\/","title":{"rendered":"Artisanat: L\u2019export maintient sa dynamique"},"content":{"rendered":"<p class=\"rtejustify\">Les exportations des produits d&rsquo;artisanat poursuivent la progression enregistr\u00e9e lors du 1er trimestre. A fin avril dernier, elles enregistrent une augmentation de 38% par rapport \u00e0 la m\u00eame p\u00e9riode de 2020, totalisant 272,1 millions de DH, selon les donn\u00e9es du minist\u00e8re de tutelle.<\/p>\n<p class=\"rtejustify\">\u00ab\u00a0Cette prouesse des exportations s\u2019explique par la forte impulsion qu\u2019elles ont connue au mois d\u2019avril 2021, o\u00f9 elles se sont quadrupl\u00e9es par rapport au mois d\u2019avril de l\u2019an dernier\u00a0\u00bb, explique le d\u00e9partement, notant des progressions consid\u00e9rables dans les cat\u00e9gories de produits au cours des quatre premiers mois de 2021. La plus forte hausse provient de la dinanderie (+ 341% par rapport \u00e0 la m\u00eame p\u00e9riode de 2020), suivie des produits de la cat\u00e9gorie \u00ab\u00a0Divers\u00a0\u00bb (+158%), des couvertures (+131%), et enfin du fer forg\u00e9 dont le chiffre d\u2019affaires \u00e0 l\u2019export a augment\u00e9 de 110%. D\u2019autres familles de produits connaissent \u00e9galement une importante dynamique \u00e0 l\u2019export, notamment la vannerie (+75%), la maroquinerie (+68%), la poterie-pierre (+42%) et les articles chaussants (+35%).<\/p>\n<p class=\"rtejustify\">Par r\u00e9gion, Casablanca et Marrakech se taillent toujours la part du lion. Elles repr\u00e9sentent respectivement 49% et 33% des contributions au chiffre d\u2019affaires global \u00e0 l\u2019export. Ces deux villes continuent ainsi \u00e0 s\u2019accaparer l\u2019essentiel des exportations des produits artisanaux (82%).<\/p>\n<p class=\"rtejustify\">Par ailleurs, trois march\u00e9s continuent \u00e0 absorber 90% du chiffre d\u2019affaires global \u00e0 l\u2019export. L\u2019Europe, arrive en t\u00eate avec 48% de parts (la France 1re avec 17%), suivie des Etats-Unis (26%) et du march\u00e9 arabe (16%).<\/p>\n<p>Auteur: hgueye<br \/>\n<a href=\"https:\/\/www.leconomiste.com\/flash-infos\/artisanat-l-export-maintient-sa-dynamique\">Cliquez ici pour lire l&rsquo;article depuis sa source.<\/a><\/p>\n","protected":false},"excerpt":{"rendered":"<p>Les exportations des produits d&rsquo;artisanat poursuivent la progression enregistr\u00e9e lors du 1er trimestre. A fin avril dernier, elles enregistrent une augmentation de 38% par rapport \u00e0 la m\u00eame p\u00e9riode de 2020, totalisant 272,1 millions de DH, selon les donn\u00e9es du minist\u00e8re de tutelle. \u00ab\u00a0Cette prouesse des exportations s\u2019explique par la forte impulsion qu\u2019elles ont connue [&hellip;]<\/p>\n","protected":false},"author":1763,"featured_media":0,"comment_status":"closed","ping_status":"closed","sticky":false,"template":"","format":"standard","meta":{"fifu_image_url":"","fifu_image_alt":"","footnotes":""},"categories":[78,54],"tags":[],"class_list":["post-117888","post","type-post","status-publish","format-standard","hentry","category-economie","category-maroc"],"_links":{"self":[{"href":"https:\/\/linitiative.ca\/International\/wp-json\/wp\/v2\/posts\/117888","targetHints":{"allow":["GET"]}}],"collection":[{"href":"https:\/\/linitiative.ca\/International\/wp-json\/wp\/v2\/posts"}],"about":[{"href":"https:\/\/linitiative.ca\/International\/wp-json\/wp\/v2\/types\/post"}],"author":[{"embeddable":true,"href":"https:\/\/linitiative.ca\/International\/wp-json\/wp\/v2\/users\/1763"}],"replies":[{"embeddable":true,"href":"https:\/\/linitiative.ca\/International\/wp-json\/wp\/v2\/comments?post=117888"}],"version-history":[{"count":0,"href":"https:\/\/linitiative.ca\/International\/wp-json\/wp\/v2\/posts\/117888\/revisions"}],"wp:attachment":[{"href":"https:\/\/linitiative.ca\/International\/wp-json\/wp\/v2\/media?parent=117888"}],"wp:term":[{"taxonomy":"category","embeddable":true,"href":"https:\/\/linitiative.ca\/International\/wp-json\/wp\/v2\/categories?post=117888"},{"taxonomy":"post_tag","embeddable":true,"href":"https:\/\/linitiative.ca\/International\/wp-json\/wp\/v2\/tags?post=117888"}],"curies":[{"name":"wp","href":"https:\/\/api.w.org\/{rel}","templated":true}]}}