{"id":117889,"date":"2021-06-02T15:10:05","date_gmt":"2021-06-02T19:10:05","guid":{"rendered":"https:\/\/linitiative.ca\/International\/international-juventus-allegri-fixe-une-priorite-estivale-a-ses-dirigeants\/"},"modified":"2021-06-02T15:10:05","modified_gmt":"2021-06-02T19:10:05","slug":"international-juventus-allegri-fixe-une-priorite-estivale-a-ses-dirigeants","status":"publish","type":"post","link":"https:\/\/linitiative.ca\/International\/international-juventus-allegri-fixe-une-priorite-estivale-a-ses-dirigeants\/","title":{"rendered":"International : Juventus : Allegri fixe une priorit\u00e9 estivale \u00e0 ses dirigeants"},"content":{"rendered":"<div readability=\"32\">\n<p>Auteur : <span class=\"time\">mercredi 02 juin 2021 13:30<\/span><\/p>\n<\/div>\n<div id=\"post_core\" readability=\"45\">\n<p>A la recherche d\u2019un milieu de terrain, ce dernier aurait fix\u00e9 sa priorit\u00e9 pour renforcer ce poste. Selon Les-Transferts et Tuttosport, il demanderait \u00e0 ses dirigeants le recrutement de Manuel Locatelli. Sous contrat jusqu\u2019en juin 2023, l\u2019international transalpin disposerait d\u2019un bon de sortie pour quitter\u00a0Sassuolo.<\/p>\n<p>Estim\u00e9 \u00e0 40 millions d\u2019euros par ses dirigeants, le natif de Lecco serait \u00e9galement dans le viseur du Real Madrid, Manchester City et le Paris Saint-Germain.<\/p>\n<p><strong>Publi\u00e9 dans :<\/strong> <span>Juventus : Massimiliano Allegri<\/span><\/p>\n<\/div>\n<p>Auteur:<br \/>\n<a href=\"http:\/\/www.lebuteur.com\/article\/detail?titre=juventus-allegri-fixe-une-priorite-estivale-a-ses-dirigeants&#038;id=100260&#038;utm_source=feedburner&#038;utm_medium=feed&#038;utm_campaign=Feed%3A+GalerieFArtciles+%28Les+derniers+articles++-+lebuteur.com%29\">Cliquez ici pour lire l&rsquo;article depuis sa source.<\/a><\/p>\n","protected":false},"excerpt":{"rendered":"<p>Auteur : mercredi 02 juin 2021 13:30 A la recherche d\u2019un milieu de terrain, ce dernier aurait fix\u00e9 sa priorit\u00e9 pour renforcer ce poste. Selon Les-Transferts et Tuttosport, il demanderait \u00e0 ses dirigeants le recrutement de Manuel Locatelli. Sous contrat jusqu\u2019en juin 2023, l\u2019international transalpin disposerait d\u2019un bon de sortie pour quitter\u00a0Sassuolo. Estim\u00e9 \u00e0 40 [&hellip;]<\/p>\n","protected":false},"author":1738,"featured_media":0,"comment_status":"closed","ping_status":"closed","sticky":false,"template":"","format":"standard","meta":{"fifu_image_url":"\/\/cdn.lebuteur.com\/data\/images\/article\/thumbs\/large-juventus-allegri-fixe-une-priorite-estivale-a-ses-dirigeants-05525.jpg","fifu_image_alt":"International : Juventus : Allegri fixe une priorit\u00e9 estivale \u00e0 ses dirigeants","footnotes":""},"categories":[53,75],"tags":[],"class_list":["post-117889","post","type-post","status-publish","format-standard","hentry","category-algerie","category-sport"],"_links":{"self":[{"href":"https:\/\/linitiative.ca\/International\/wp-json\/wp\/v2\/posts\/117889","targetHints":{"allow":["GET"]}}],"collection":[{"href":"https:\/\/linitiative.ca\/International\/wp-json\/wp\/v2\/posts"}],"about":[{"href":"https:\/\/linitiative.ca\/International\/wp-json\/wp\/v2\/types\/post"}],"author":[{"embeddable":true,"href":"https:\/\/linitiative.ca\/International\/wp-json\/wp\/v2\/users\/1738"}],"replies":[{"embeddable":true,"href":"https:\/\/linitiative.ca\/International\/wp-json\/wp\/v2\/comments?post=117889"}],"version-history":[{"count":0,"href":"https:\/\/linitiative.ca\/International\/wp-json\/wp\/v2\/posts\/117889\/revisions"}],"wp:attachment":[{"href":"https:\/\/linitiative.ca\/International\/wp-json\/wp\/v2\/media?parent=117889"}],"wp:term":[{"taxonomy":"category","embeddable":true,"href":"https:\/\/linitiative.ca\/International\/wp-json\/wp\/v2\/categories?post=117889"},{"taxonomy":"post_tag","embeddable":true,"href":"https:\/\/linitiative.ca\/International\/wp-json\/wp\/v2\/tags?post=117889"}],"curies":[{"name":"wp","href":"https:\/\/api.w.org\/{rel}","templated":true}]}}