{"id":117890,"date":"2021-06-02T15:10:07","date_gmt":"2021-06-02T19:10:07","guid":{"rendered":"https:\/\/linitiative.ca\/International\/international-maurizio-sarri-bientot-de-retour-sur-un-banc-de-serie-a\/"},"modified":"2021-06-02T15:10:07","modified_gmt":"2021-06-02T19:10:07","slug":"international-maurizio-sarri-bientot-de-retour-sur-un-banc-de-serie-a","status":"publish","type":"post","link":"https:\/\/linitiative.ca\/International\/international-maurizio-sarri-bientot-de-retour-sur-un-banc-de-serie-a\/","title":{"rendered":"International : Maurizio Sarri bient\u00f4t de retour sur un banc de Serie A"},"content":{"rendered":"<div readability=\"32\">\n<p>Auteur : <span class=\"time\">mercredi 02 juin 2021 14:30<\/span><\/p>\n<\/div>\n<div id=\"post_core\" readability=\"41\">\n<p>Depuis plusieurs semaines, ce dernier n\u00e9gocier son arriv\u00e9e du c\u00f4t\u00e9 de la\u00a0Lazio Rome. Selon le\u00a0Corriere dello Sport et Les-Transferts, le technicien transalpin aurait trouv\u00e9 un accord.<\/p>\n<p>Il s\u2019engagerait pour une dur\u00e9e de trois ans avec \u00e0 la cl\u00e9 un salaire annuel de quatre millions d\u2019euros. L\u2019objectif fix\u00e9 par ses dirigeants est d\u2019int\u00e9grer de nouveau le top 4 de la Serie A.<\/p>\n<p><strong>Publi\u00e9 dans :<\/strong> <span>Maurizio Sarri<\/span><\/p>\n<\/div>\n<p>Auteur:<br \/>\n<a href=\"http:\/\/www.lebuteur.com\/article\/detail?titre=maurizio-sarri-bientot-de-retour-sur-un-banc-de-serie-a&#038;id=100261&#038;utm_source=feedburner&#038;utm_medium=feed&#038;utm_campaign=Feed%3A+GalerieFArtciles+%28Les+derniers+articles++-+lebuteur.com%29\">Cliquez ici pour lire l&rsquo;article depuis sa source.<\/a><\/p>\n","protected":false},"excerpt":{"rendered":"<p>Auteur : mercredi 02 juin 2021 14:30 Depuis plusieurs semaines, ce dernier n\u00e9gocier son arriv\u00e9e du c\u00f4t\u00e9 de la\u00a0Lazio Rome. Selon le\u00a0Corriere dello Sport et Les-Transferts, le technicien transalpin aurait trouv\u00e9 un accord. Il s\u2019engagerait pour une dur\u00e9e de trois ans avec \u00e0 la cl\u00e9 un salaire annuel de quatre millions d\u2019euros. L\u2019objectif fix\u00e9 par [&hellip;]<\/p>\n","protected":false},"author":1738,"featured_media":0,"comment_status":"closed","ping_status":"closed","sticky":false,"template":"","format":"standard","meta":{"fifu_image_url":"\/\/cdn.lebuteur.com\/data\/images\/article\/thumbs\/large-maurizio-sarri-bientot-de-retour-sur-un-banc-de-serie-a-0aedc.jpg","fifu_image_alt":"International : Maurizio Sarri bient\u00f4t de retour sur un banc de Serie A","footnotes":""},"categories":[53,75],"tags":[],"class_list":["post-117890","post","type-post","status-publish","format-standard","hentry","category-algerie","category-sport"],"_links":{"self":[{"href":"https:\/\/linitiative.ca\/International\/wp-json\/wp\/v2\/posts\/117890","targetHints":{"allow":["GET"]}}],"collection":[{"href":"https:\/\/linitiative.ca\/International\/wp-json\/wp\/v2\/posts"}],"about":[{"href":"https:\/\/linitiative.ca\/International\/wp-json\/wp\/v2\/types\/post"}],"author":[{"embeddable":true,"href":"https:\/\/linitiative.ca\/International\/wp-json\/wp\/v2\/users\/1738"}],"replies":[{"embeddable":true,"href":"https:\/\/linitiative.ca\/International\/wp-json\/wp\/v2\/comments?post=117890"}],"version-history":[{"count":0,"href":"https:\/\/linitiative.ca\/International\/wp-json\/wp\/v2\/posts\/117890\/revisions"}],"wp:attachment":[{"href":"https:\/\/linitiative.ca\/International\/wp-json\/wp\/v2\/media?parent=117890"}],"wp:term":[{"taxonomy":"category","embeddable":true,"href":"https:\/\/linitiative.ca\/International\/wp-json\/wp\/v2\/categories?post=117890"},{"taxonomy":"post_tag","embeddable":true,"href":"https:\/\/linitiative.ca\/International\/wp-json\/wp\/v2\/tags?post=117890"}],"curies":[{"name":"wp","href":"https:\/\/api.w.org\/{rel}","templated":true}]}}