{"id":117891,"date":"2021-06-02T15:10:09","date_gmt":"2021-06-02T19:10:09","guid":{"rendered":"https:\/\/linitiative.ca\/International\/international-real-ancelotti-content-de-retrouver-benzema\/"},"modified":"2021-06-02T15:10:09","modified_gmt":"2021-06-02T19:10:09","slug":"international-real-ancelotti-content-de-retrouver-benzema","status":"publish","type":"post","link":"https:\/\/linitiative.ca\/International\/international-real-ancelotti-content-de-retrouver-benzema\/","title":{"rendered":"International : Real : Ancelotti content de retrouver Benzema"},"content":{"rendered":"<div readability=\"32\">\n<p>Auteur : <span class=\"time\">mercredi 02 juin 2021 19:41<\/span><\/p>\n<\/div>\n<div id=\"post_core\" readability=\"49\">\n<p>Le buteur fran\u00e7ais a eu le plaisir d&rsquo;entendre son nouvel entra\u00eeneur en club, Carlo Ancelotti, saluer comme il se doit son travail lors de sa conf\u00e9rence de presse de pr\u00e9sentation alors qu&rsquo;il \u00e9tait interrog\u00e9 sur le besoin de recruter un attaquant de pointe cet \u00e9t\u00e9.<\/p>\n<p>\u00ab\u00a0Karim a \u00e9t\u00e9 tr\u00e8s bon, je suis tr\u00e8s content de l\u2019entra\u00eener \u00e0 nouveau, je vois qu\u2019il s\u2019est beaucoup am\u00e9lior\u00e9, il a beaucoup de responsabilit\u00e9s, c\u2019est un attaquant de top niveau\u00a0\u00bb, a-t-il confi\u00e9, le mettant au d\u00e9fi de marquer encore plus la saison prochaine au sein d'\u00a0\u00bbun syst\u00e8me et une mentalit\u00e9 offensifs\u00a0\u00bb. Des propos relay\u00e9s par Footmercato.<\/p>\n<p><strong>Publi\u00e9 dans :<\/strong> <span>real madrid<\/span><\/p>\n<\/div>\n<p>Auteur:<br \/>\n<a href=\"http:\/\/www.lebuteur.com\/article\/detail?titre=real-ancelotti-content-de-retrouver-benzema&#038;id=100262&#038;utm_source=feedburner&#038;utm_medium=feed&#038;utm_campaign=Feed%3A+GalerieFArtciles+%28Les+derniers+articles++-+lebuteur.com%29\">Cliquez ici pour lire l&rsquo;article depuis sa source.<\/a><\/p>\n","protected":false},"excerpt":{"rendered":"<p>Auteur : mercredi 02 juin 2021 19:41 Le buteur fran\u00e7ais a eu le plaisir d&rsquo;entendre son nouvel entra\u00eeneur en club, Carlo Ancelotti, saluer comme il se doit son travail lors de sa conf\u00e9rence de presse de pr\u00e9sentation alors qu&rsquo;il \u00e9tait interrog\u00e9 sur le besoin de recruter un attaquant de pointe cet \u00e9t\u00e9. \u00ab\u00a0Karim a \u00e9t\u00e9 [&hellip;]<\/p>\n","protected":false},"author":1738,"featured_media":0,"comment_status":"closed","ping_status":"closed","sticky":false,"template":"","format":"standard","meta":{"fifu_image_url":"\/\/cdn.lebuteur.com\/data\/images\/article\/thumbs\/large-real-ancelotti-content-de-retrouver-benzema-981db.jpg","fifu_image_alt":"International : Real : Ancelotti content de retrouver Benzema","footnotes":""},"categories":[53,75],"tags":[],"class_list":["post-117891","post","type-post","status-publish","format-standard","hentry","category-algerie","category-sport"],"_links":{"self":[{"href":"https:\/\/linitiative.ca\/International\/wp-json\/wp\/v2\/posts\/117891","targetHints":{"allow":["GET"]}}],"collection":[{"href":"https:\/\/linitiative.ca\/International\/wp-json\/wp\/v2\/posts"}],"about":[{"href":"https:\/\/linitiative.ca\/International\/wp-json\/wp\/v2\/types\/post"}],"author":[{"embeddable":true,"href":"https:\/\/linitiative.ca\/International\/wp-json\/wp\/v2\/users\/1738"}],"replies":[{"embeddable":true,"href":"https:\/\/linitiative.ca\/International\/wp-json\/wp\/v2\/comments?post=117891"}],"version-history":[{"count":0,"href":"https:\/\/linitiative.ca\/International\/wp-json\/wp\/v2\/posts\/117891\/revisions"}],"wp:attachment":[{"href":"https:\/\/linitiative.ca\/International\/wp-json\/wp\/v2\/media?parent=117891"}],"wp:term":[{"taxonomy":"category","embeddable":true,"href":"https:\/\/linitiative.ca\/International\/wp-json\/wp\/v2\/categories?post=117891"},{"taxonomy":"post_tag","embeddable":true,"href":"https:\/\/linitiative.ca\/International\/wp-json\/wp\/v2\/tags?post=117891"}],"curies":[{"name":"wp","href":"https:\/\/api.w.org\/{rel}","templated":true}]}}