{"id":117893,"date":"2021-06-02T11:52:46","date_gmt":"2021-06-02T15:52:46","guid":{"rendered":"https:\/\/linitiative.ca\/International\/reseaux-sociaux-et-droit-dauteur-des-lecons-a-mediter\/"},"modified":"2021-06-02T11:52:46","modified_gmt":"2021-06-02T15:52:46","slug":"reseaux-sociaux-et-droit-dauteur-des-lecons-a-mediter","status":"publish","type":"post","link":"https:\/\/linitiative.ca\/International\/reseaux-sociaux-et-droit-dauteur-des-lecons-a-mediter\/","title":{"rendered":"R\u00e9seaux sociaux et droit d\u2019auteur, des le\u00e7ons \u00e0 m\u00e9diter !"},"content":{"rendered":"<p><strong>Pendant que les r\u00e9seaux sociaux ont une vocation de partage, et incitent les utilisateurs \u00e0 faire circuler le contenu qu\u2019ils postent, le droit d\u2019auteur, lui, prot\u00e8ge au mieux l\u2019\u0153uvre. Ces deux concepts semblent difficilement conciliables. Mais, pour l\u2019auteur qui voit son \u0153uvre utilis\u00e9e sans son consentement sur les r\u00e9seaux sociaux, la pilule est difficile \u00e0 avaler.<\/strong><\/p>\n<div class=\"c10\">\n<\/div>\n<p>On sait depuis longtemps que le droit d\u2019auteur et les r\u00e9seaux sociaux ne font g\u00e9n\u00e9ralement pas bon m\u00e9nage, puisque le r\u00e9seau social a pour but de publier et d\u2019exposer l\u2019information ou la photographie sans se soucier de l\u2019identit\u00e9 du \u00ab cr\u00e9ateur \u00bb, alors qu\u2019au contraire le droit d\u2019auteur va consister \u00e0 prot\u00e9ger au mieux l\u2019\u0153uvre. Et quand la na\u00efvet\u00e9, le manque de discernement des internautes voire l\u2019inadvertance des partageurs \u00e0 tout va, m\u00eame de bonne foi, s\u2019y m\u00ealent, cela peut aboutir \u00e0 des quiproquos, des amalgames voire des pol\u00e9miques ou encore des d\u00e9m\u00eal\u00e9es judiciaires.<\/p>\n<p>Notre publication de l\u2019article \u00ab les-turpitudes inqualifiables espagnoles contre le Maroc, par Najib Benamour \u00bb aurait pu provoquer pareilles d\u00e9rives voire \u00ab turpides \u00bb d\u2019un autre genre n\u2019eurent \u00e9t\u00e9 la tol\u00e9rance, la compr\u00e9hension et la sagesse des protagonistes de cette malencontreuse \u00ab affaire \u00bb.\u00a0<\/p>\n<p>Retour sur les faits. Notre R\u00e9daction tombe il y a quelques semaines sur un texte non sign\u00e9 et partag\u00e9 par Mr Najib Benamour, Secr\u00e9taire G\u00e9n\u00e9ral de l\u2019Institut Marocain de l\u2019Intelligence Strat\u00e9gique, sur son compte Whatsapp. Le jugeant d\u2019excellente facture et empreinte d\u2019une vision des plus lucides, on a jug\u00e9 utile de s\u2019empresser \u00e0 le publier en l\u2019attribuant \u00e0 tort \u00e0 celui qui l\u2019a partag\u00e9. Or il se trouve que le texte en question est dans la r\u00e9alit\u00e9, la production intellectuelle de M. Abdessamad Mouhieddine, universitaire, journaliste et anthropologue (voir ci-dessous) connu et reconnu pour son sens de l\u2019analyse de l\u2019actualit\u00e9 (notamment politique) et son \u00e9rudition qui fait autorit\u00e9 parmi ses pairs et qu\u2019on connait bien au groupe Challenge pour avoir collabor\u00e9 plus de 3 ans avec Challenge Magazine et pendant bien longtemps avec La Gazette du Maroc.<\/p>\n<p><strong>Lire aussi| <a href=\"https:\/\/www.challenge.ma\/la-compagnie-israelienne-israir-commencera-ses-vols-vers-le-maroc-a-partir-de-juillet-186732\/\">La compagnie isra\u00e9lienne Israir commencera ses vols vers le Maroc \u00e0 partir de juillet<\/a><\/strong><\/p>\n<p>Une telle l\u00e9g\u00e8ret\u00e9 et pr\u00e9cipitation de notre part a suscit\u00e9 l\u2019ire et l\u2019indignation naturelle de l\u2019auteur r\u00e9el du texte et de ses lecteurs et \u00ab followers \u00bb et n\u2019a pas manqu\u00e9 \u00e9galement d\u2019\u00e9clabousser le malheureux M. Najib Benamour, devenu usurpateur malgr\u00e9 lui !<\/p>\n<p>Toutefois, notre prompte intervention aupr\u00e8s du premier int\u00e9ress\u00e9 et nos explications (accompagn\u00e9es de nos excuses sinc\u00e8res) quant aux tenants et aboutissants de ce malentendu ont pu rapidement d\u00e9samorcer la situation qui aurait pu prendre une tournure plus f\u00e2cheuse.<\/p>\n<p>Aussi, tout en nous excusant aupr\u00e8s de nos lecteurs, nous ne pouvons-nous abstenir de publier, \u00e0 nouveau, la merveilleuse analyse sous-jacente, une des meilleures, notre foi, publi\u00e9es jusqu\u2019\u00e0 pr\u00e9sent par la presse marocaine ayant trait\u00e9 la crise diplomatique qui s\u00e9vit entre l\u2019Espagne et le Maroc et cette fois-ci sans rater l\u2019occasion de se r\u00e9f\u00e9rer explicitement \u00e0 l\u2019auteur r\u00e9el.<\/p>\n<hr class=\"wp-block-separator\"\/>\n<h2><strong>Les turpitudes inqualifiables espagnoles contre le Maroc!<\/strong><\/h2>\n<figure class=\"wp-block-image size-large\"><img decoding=\"async\" loading=\"lazy\" width=\"999\" height=\"518\" src=\"https:\/\/www.challenge.ma\/wp-content\/uploads\/2021\/06\/Abdessamade-Mouhieddine.jpg\" alt=\"\" class=\"wp-image-186743\" srcset=\"https:\/\/www.challenge.ma\/wp-content\/uploads\/2021\/06\/Abdessamade-Mouhieddine.jpg 999w, https:\/\/www.challenge.ma\/wp-content\/uploads\/2021\/06\/Abdessamade-Mouhieddine-300x156.jpg 300w, https:\/\/www.challenge.ma\/wp-content\/uploads\/2021\/06\/Abdessamade-Mouhieddine-768x398.jpg 768w, https:\/\/www.challenge.ma\/wp-content\/uploads\/2021\/06\/Abdessamade-Mouhieddine-360x187.jpg 360w, https:\/\/www.challenge.ma\/wp-content\/uploads\/2021\/06\/Abdessamade-Mouhieddine-750x389.jpg 750w\" sizes=\"auto, (max-width: 999px) 100vw, 999px\"\/><\/figure>\n<p><strong>Nous publions in extenso l\u2019article de Abdessamad Mouhieddine, universitaire, journaliste et anthropologue.<\/strong><\/p>\n<p><strong>Crier au scandale<\/strong> lorsque le Maroc a d\u00e9limit\u00e9 son plateau continental en fixant la limite de ses eaux territoriales et en instituant une zone \u00e9conomique exclusive de 200 miles marins au large des c\u00f4tes marocaines ;<\/p>\n<p><strong>S\u2019indigner<\/strong> aupr\u00e8s de la France apr\u00e8s le lancement par celle-ci (du temps de Fran\u00e7ois Hollande) des deux satellites marocains, notamment Mohammed VI-A qualifi\u00e9 de \u00ab satellite espion \u00bb ;<\/p>\n<p><strong>S\u2019alarmer<\/strong> au lendemain de la signature de la reconnaissance par les USA de la marocanit\u00e9 du Sahara, puis aller jusqu\u2019\u00e0 intervenir aupr\u00e8s de l\u2019administration Biden afin que celle-ci revienne sur l\u2019accord tripartite (Maroc-USA-Isra\u00ebl) et m\u00eame redouter l\u2019installation de bases am\u00e9ricaines au Sahara ;<\/p>\n<p><strong>S\u2019indigner<\/strong> au lendemain du lancement des appels d\u2019offres relatifs au m\u00e9ga projet structurant de \u00ab Dakhla Atlantique \u00bb (NTIREFT) ;<br \/>\ufeff<\/p>\n<p><strong>S\u2019offusquer<\/strong> du projet de liaison fixe entre Gibraltar et le Maroc, sachant que :<\/p>\n<p>1) Cette liaison permettra au Royaume Uni d\u2019acc\u00e9der directement au continent africain,<\/p>\n<p>2) La Grande-Bretagne d\u00e9tient tout le savoir-faire pour la mise en \u0153uvre d\u2019une telle liaison,<\/p>\n<p>3) Des fonds souverains golfiens ont manifest\u00e9 un vif int\u00e9r\u00eat pour le projet ;<\/p>\n<p><strong>Percevoir<\/strong> l\u2019encadrement de la culture du cannabis et son industrialisation in situ comme un acte de guerre du fait qu\u2019il r\u00e9ussira vite \u00e0 ass\u00e9cher financi\u00e8rement les puissantes mafias de la drogue de la Costa Del Sol, seules \u00e0 b\u00e9n\u00e9ficier r\u00e9ellement des revenus illicites du cannabis marocain et en financer ainsi les grands partis politiques espagnols ;<\/p>\n<p><strong>S\u2019enrager<\/strong> de plus en plus de la mise \u00e0 mort du port d\u2019Alg\u00e9siras par Tanger Med;<\/p>\n<p><strong>Oser recevoir<\/strong> le pire ennemi du Maroc sur son sol, sans respect aucun ni pour l\u2019Accord de Madrid, ni pour les liens historiques avec le voisin du sud ;<\/p>\n<p><strong>Oser mobiliser<\/strong> l\u2019Union europ\u00e9enne contre le Maroc et se permettre de se transporter solennellement et en commando politique de choc (premier ministre + ministre de l\u2019int\u00e9rieur) \u00e0 Sebta tout en convoquant l\u2019ambassadrice marocaine \u00e0 Madrid pour la sermonner ;<\/p>\n<p><strong>Fomenter<\/strong> toutes sortes de combines avec la Camarilla d\u2019Alger et les associations polisariennes d\u2019Espagne contre la souverainet\u00e9 marocaine ;<\/p>\n<p>Et Dieu (et s\u00fbrement les sph\u00e8res politiques sup\u00e9rieures marocaines) sait de quels autres coups bas le gouvernement espagnol actuel s\u2019est-il rendu coupable ! ET VOUS VOULEZ, APRES TANT D\u2019HUMILIATIONS ET DE MEPRIS CARACTERISE, QUE LE MAROC FERME SA GUEULE ? N\u2019\u00e9tait-ce pas Isabelle de Castille, dite la Catholique, qui d\u00e9cr\u00e9ta que les fronti\u00e8res de son pays devaient s\u2019\u00e9tendre au-del\u00e0 de l\u2019Atlas ? Certains milieux politiques et m\u00e9diatiques espagnols semblent en \u00eatre toujours \u00e0 ce d\u00e9testable \u00e0 priori expansionniste !<\/p>\n<p>En v\u00e9rit\u00e9, que p\u00e8se l\u2019Espagne, en fin de compte, dans un monde o\u00f9 m\u00eame les USA cherchent \u00e0 sauver ce qui peut l\u2019\u00eatre de leur \u00e9conomie et o\u00f9 le nombril du futur s\u2019est d\u00e9plac\u00e9 en Asie et bient\u00f4t \u00e9galement en Afrique, l\u00e0 o\u00f9 le Maroc a d\u00e9j\u00e0 p\u00e9n\u00e9tr\u00e9 les grands circuits des \u00e9changes ? Ajoutez \u00e0 cela le fait que la France ne serait pas m\u00e9contente parce qu\u2019elle n\u2019arrive pas encore \u00e0 dig\u00e9rer son d\u00e9classement par ce pays au tableau des \u00e9changes avec le Maroc.<\/p>\n<p>Des think-tanks espagnols ont, depuis l\u2019aube des ann\u00e9es 2000, recommand\u00e9 aux gouvernants espagnols de favoriser une guerre entre l\u2019Alg\u00e9rie et le Maroc afin de neutraliser ce dernier. Certains de ces think-tanks se sont illustr\u00e9s par leur hostilit\u00e9 \u00e0 l\u2019acquisition par le Maroc d\u2019armes sophistiqu\u00e9es (avions F16, h\u00e9licopt\u00e8res Apache AH-64E , bient\u00f4t F35 \u00e9quip\u00e9s par Isra\u00ebl, fr\u00e9gates militaires, missiles intelligents, la modernisation de sa flotte ancienne\u2026)<br \/>M\u00eame si le Maroc n\u2019ira jamais jusqu\u2019\u00e0 l\u2019affrontement militaire avec l\u2019Espagne, celle-ci redoute toujours une \u00ab sortie \u00bb spectaculaire (type Marche verte) du Maroc au sujet de ses deux villes et autres \u00eeles occup\u00e9es par l\u2019Espagne sur sa terre africaine. Que pourra-t-elle faire dans pareil cas ? Tirer \u00e0 vue sur des civils ?<\/p>\n<p>Ceux qui paniquent en voyant la diplomatie marocaine ouvrir simultan\u00e9ment autant de fronts de r\u00e9sistance seraient bien inspir\u00e9s de comprendre que l\u2019Espagne, elle-m\u00eame plong\u00e9e dans un capharna\u00fcm indescriptible face aux vell\u00e9it\u00e9s s\u00e9paratistes catalanes et une \u00e9quation institutionnelle hybride englobant notamment une extr\u00eame-gauche cyclothymique, \u00e0 savoir la coalition fragile ainsi compos\u00e9e : Parti socialiste ouvrier espagnol (PSOE), le Parti des socialistes de Catalogne (PSC) et l\u2019alliance Unidas Podemos (UP), ne peut se permettre un conflit arm\u00e9 contre le Maroc.<\/p>\n<p>Quant \u00e0 l\u2019Alg\u00e9rie, m\u00eame si son quarteron fasciste le d\u00e9sire ardemment, elle n\u2019a ni les moyens, notamment p\u00e9cuniaires, ni l\u2019adh\u00e9sion populaire n\u00e9cessaire \u00e0 l\u2019engagement d\u2019une guerre contre le Maroc. Pour le reste, l\u2019ensemble de l\u2019Union europ\u00e9enne ne peut s\u2019aventurer \u00e0 une f\u00e2cherie s\u00e9rieuse contre le Maroc qui constitue sa profondeur strat\u00e9gique imm\u00e9diate et son seul pont cr\u00e9dible vers la galaxie subsaharienne, vers l\u2019Afrique, le continent du XXI\u00e8me si\u00e8cle. D\u2019ailleurs, que peut-elle faire de si douloureux contre ce Maroc qui \u00e9merge socio\u00e9conomiquement selon une vision claire et connue de tous ? Ass\u00e9cher ses finances ? Peine perdue, puisque le Royaume s\u2019est d\u00e9j\u00e0 introduit dans les circuits capitalistiques extra-europ\u00e9ens auxquels l\u2019Europe elle-m\u00eame s\u2019adresse pour ses besoins propres. Il peut m\u00eame se passer des \u00ab quat\u2019sous \u00bb que l\u2019UE lui \u00ab octroie \u00bb au titre du fameux \u00ab Statut avanc\u00e9 \u00bb et dont le montant bon an mal an n\u2019atteint jamais deux chiffres en milliards d\u2019Euros !<\/p>\n<p>Oui, mesdames et messieurs, nous sommes bel et bien dans un rapport de force et chaque marocain doit faire montre de coh\u00e9sion et de solidarit\u00e9 face aux humiliations diverses et vari\u00e9es qui nous sont ass\u00e9n\u00e9es par certains pays d\u2019Europe. Comme par le pass\u00e9, la solidit\u00e9 du front int\u00e9rieur constituera l\u2019atout central du Maroc. Ce front int\u00e9rieur doit donc \u00eatre consolid\u00e9 par l\u2019enracinement acc\u00e9l\u00e9r\u00e9 de la d\u00e9mocratie et une meilleure justice sociale. En un mot, il s\u2019agit aujourd\u2019hui d\u2019un bras de fer entre le taureau et le lion. Le Maroc d\u00e9tient des cartes pr\u00e9cieuses et, \u00e0 maints \u00e9gards, strat\u00e9giques. Pourvu qu\u2019il sache les d\u00e9ployer intelligemment et m\u00eame sereinement !<\/p>\n<p><strong>Lire aussi| <a href=\"https:\/\/www.challenge.ma\/lespagne-embourbee-186794\/\">L\u2019Espagne embourb\u00e9e<\/a><\/strong><\/p>\n<p>Auteur: challenge<br \/>\n<a href=\"https:\/\/www.challenge.ma\/reseaux-sociaux-et-droit-dauteur-des-lecons-a-mediter-186775\/\">Cliquez ici pour lire l&rsquo;article depuis sa source.<\/a><\/p>\n","protected":false},"excerpt":{"rendered":"<p>Pendant que les r\u00e9seaux sociaux ont une vocation de partage, et incitent les utilisateurs \u00e0 faire circuler le contenu qu\u2019ils postent, le droit d\u2019auteur, lui, prot\u00e8ge au mieux l\u2019\u0153uvre. Ces deux concepts semblent difficilement conciliables. Mais, pour l\u2019auteur qui voit son \u0153uvre utilis\u00e9e sans son consentement sur les r\u00e9seaux sociaux, la pilule est difficile \u00e0 [&hellip;]<\/p>\n","protected":false},"author":1787,"featured_media":0,"comment_status":"closed","ping_status":"closed","sticky":false,"template":"","format":"standard","meta":{"fifu_image_url":"https:\/\/www.challenge.ma\/wp-content\/uploads\/2021\/06\/Abdessamade-Mouhieddine.jpg","fifu_image_alt":"R\u00e9seaux sociaux et droit d\u2019auteur, des le\u00e7ons \u00e0 m\u00e9diter !","footnotes":""},"categories":[78,54],"tags":[],"class_list":["post-117893","post","type-post","status-publish","format-standard","hentry","category-economie","category-maroc"],"_links":{"self":[{"href":"https:\/\/linitiative.ca\/International\/wp-json\/wp\/v2\/posts\/117893","targetHints":{"allow":["GET"]}}],"collection":[{"href":"https:\/\/linitiative.ca\/International\/wp-json\/wp\/v2\/posts"}],"about":[{"href":"https:\/\/linitiative.ca\/International\/wp-json\/wp\/v2\/types\/post"}],"author":[{"embeddable":true,"href":"https:\/\/linitiative.ca\/International\/wp-json\/wp\/v2\/users\/1787"}],"replies":[{"embeddable":true,"href":"https:\/\/linitiative.ca\/International\/wp-json\/wp\/v2\/comments?post=117893"}],"version-history":[{"count":0,"href":"https:\/\/linitiative.ca\/International\/wp-json\/wp\/v2\/posts\/117893\/revisions"}],"wp:attachment":[{"href":"https:\/\/linitiative.ca\/International\/wp-json\/wp\/v2\/media?parent=117893"}],"wp:term":[{"taxonomy":"category","embeddable":true,"href":"https:\/\/linitiative.ca\/International\/wp-json\/wp\/v2\/categories?post=117893"},{"taxonomy":"post_tag","embeddable":true,"href":"https:\/\/linitiative.ca\/International\/wp-json\/wp\/v2\/tags?post=117893"}],"curies":[{"name":"wp","href":"https:\/\/api.w.org\/{rel}","templated":true}]}}