{"id":117894,"date":"2021-06-02T12:20:56","date_gmt":"2021-06-02T16:20:56","guid":{"rendered":"https:\/\/linitiative.ca\/International\/immobilier-une-prorogation-de-lexoneration-des-droits-denregistrement-en-vue-document\/"},"modified":"2021-06-02T12:20:56","modified_gmt":"2021-06-02T16:20:56","slug":"immobilier-une-prorogation-de-lexoneration-des-droits-denregistrement-en-vue-document","status":"publish","type":"post","link":"https:\/\/linitiative.ca\/International\/immobilier-une-prorogation-de-lexoneration-des-droits-denregistrement-en-vue-document\/","title":{"rendered":"Immobilier : une prorogation de l\u2019exon\u00e9ration des droits d\u2019enregistrement en vue [Document]"},"content":{"rendered":"<p><strong>Le PJD vient de d\u00e9poser, \u00e0 la premi\u00e8re Chambre du Parlement, une proposition de prorogation des d\u00e9lais d\u2019exon\u00e9ration des droits d\u2019enregistrement devant prendre fin, en principe, le 30 juin 2021.<\/strong><\/p>\n<div class=\"c10\">\n<\/div>\n<p>La loi de finances (LF) de l\u2019ann\u00e9e 2021 a pr\u00e9vu une prorogation des d\u00e9lais de l\u2019exon\u00e9ration des droits d\u2019enregistrement, totale ou partielle (50%), jusqu\u2019au 30 juin 2021, au profit des actes d\u2019acquisition des biens immeubles destin\u00e9s \u00e0 l\u2019habitation principale. Il s\u2019agit plus exactement des biens immeubles construits de type logement \u00e9conomique et social, pour lesquels l\u2019exon\u00e9ration est de 100% des droits d\u2019enregistrement, et des biens immeubles construits dont la valeur totale, constituant la base imposable, est inf\u00e9rieure ou \u00e9gale \u00e0 4 millions de DH, et pour lesquels l\u2019exon\u00e9ration des droits d\u2019enregistrement est de 50%.<\/p>\n<p><strong>Lire aussi | <a href=\"https:\/\/www.challenge.ma\/reseaux-sociaux-et-droit-dauteur-des-lecons-a-mediter-186775\/\" target=\"_blank\" rel=\"noreferrer noopener\">R\u00e9seaux sociaux et droit d\u2019auteur, des le\u00e7ons \u00e0 m\u00e9diter !<\/a><\/strong><\/p>\n<p>Le nouveau d\u00e9lai indiqu\u00e9 dans la nouvelle proposition de \u00ab\u00a0prorogation de la prorogation\u00a0\u00bb est le 31 d\u00e9cembre 2021, au lieu du 30 juin 2021, fix\u00e9 initialement par la LF-2021. Les arguments \u00e9voqu\u00e9s par les parlementaires du PJD sont aff\u00e9rents \u00e0 la persistance de la crise due au Covid-19, beaucoup plus que pr\u00e9vu. C\u2019est en fait aussi un \u00ab\u00a0pilotage \u00e0 vue\u00a0\u00bb, car la crise du secteur immobilier dure depuis au moins quatre ans.<\/p>\n<p>Les chiffres des recettes fiscales provenant de ce secteur en t\u00e9moignent. Il est aussi question, pour les parlementaires du PJD, de faire profiter les marocains r\u00e9sidant \u00e0 l\u2019\u00e9tranger de cette d\u00e9rogation pendant la prochaine p\u00e9riode estivale. En effet, cette cat\u00e9gorie de citoyens marocains est bien connue pour son potentiel important d\u2019achat en biens immobiliers. Cette mesure pourrait aussi donner une bouff\u00e9e d\u2019oxyg\u00e8ne exceptionnelle au secteur immobilier et impacter favorablement d\u2019autres secteurs li\u00e9s \u00e0 ce dernier.<\/p>\n<p><strong>Lire aussi |<\/strong> <strong><a href=\"https:\/\/www.challenge.ma\/le-conflit-espagnol-avec-le-maroc-accelere-larrivee-des-travailleurs-saisonniers-du-honduras-en-espagne-186549\/\">Espagne : la crise avec le Maroc acc\u00e9l\u00e8re l\u2019arriv\u00e9e des travailleurs saisonniers du Honduras<\/a><\/strong><\/p>\n<p>Ainsi, si la proposition est adopt\u00e9e par le Parlement, les nouveaux acqu\u00e9reurs des biens immeubles construits et destin\u00e9s \u00e0 l\u2019habitation principale, pourront b\u00e9n\u00e9ficier de ladite exon\u00e9ration totale ou partielle selon les conditions et les seuils indiqu\u00e9s.<\/p>\n<p>Auteur: Mohamed Amine<br \/>\n<a href=\"https:\/\/www.challenge.ma\/immobilier-une-prorogation-de-lexoneration-des-droits-denregistrement-en-vue-document-186789\/\">Cliquez ici pour lire l&rsquo;article depuis sa source.<\/a><\/p>\n","protected":false},"excerpt":{"rendered":"<p>Le PJD vient de d\u00e9poser, \u00e0 la premi\u00e8re Chambre du Parlement, une proposition de prorogation des d\u00e9lais d\u2019exon\u00e9ration des droits d\u2019enregistrement devant prendre fin, en principe, le 30 juin 2021. La loi de finances (LF) de l\u2019ann\u00e9e 2021 a pr\u00e9vu une prorogation des d\u00e9lais de l\u2019exon\u00e9ration des droits d\u2019enregistrement, totale ou partielle (50%), jusqu\u2019au 30 [&hellip;]<\/p>\n","protected":false},"author":1787,"featured_media":0,"comment_status":"closed","ping_status":"closed","sticky":false,"template":"","format":"standard","meta":{"fifu_image_url":"","fifu_image_alt":"","footnotes":""},"categories":[78,54],"tags":[],"class_list":["post-117894","post","type-post","status-publish","format-standard","hentry","category-economie","category-maroc"],"_links":{"self":[{"href":"https:\/\/linitiative.ca\/International\/wp-json\/wp\/v2\/posts\/117894","targetHints":{"allow":["GET"]}}],"collection":[{"href":"https:\/\/linitiative.ca\/International\/wp-json\/wp\/v2\/posts"}],"about":[{"href":"https:\/\/linitiative.ca\/International\/wp-json\/wp\/v2\/types\/post"}],"author":[{"embeddable":true,"href":"https:\/\/linitiative.ca\/International\/wp-json\/wp\/v2\/users\/1787"}],"replies":[{"embeddable":true,"href":"https:\/\/linitiative.ca\/International\/wp-json\/wp\/v2\/comments?post=117894"}],"version-history":[{"count":0,"href":"https:\/\/linitiative.ca\/International\/wp-json\/wp\/v2\/posts\/117894\/revisions"}],"wp:attachment":[{"href":"https:\/\/linitiative.ca\/International\/wp-json\/wp\/v2\/media?parent=117894"}],"wp:term":[{"taxonomy":"category","embeddable":true,"href":"https:\/\/linitiative.ca\/International\/wp-json\/wp\/v2\/categories?post=117894"},{"taxonomy":"post_tag","embeddable":true,"href":"https:\/\/linitiative.ca\/International\/wp-json\/wp\/v2\/tags?post=117894"}],"curies":[{"name":"wp","href":"https:\/\/api.w.org\/{rel}","templated":true}]}}