{"id":117896,"date":"2021-06-02T12:41:25","date_gmt":"2021-06-02T16:41:25","guid":{"rendered":"https:\/\/linitiative.ca\/International\/lespagne-embourbee\/"},"modified":"2021-06-02T12:41:25","modified_gmt":"2021-06-02T16:41:25","slug":"lespagne-embourbee","status":"publish","type":"post","link":"https:\/\/linitiative.ca\/International\/lespagne-embourbee\/","title":{"rendered":"L\u2019Espagne embourb\u00e9e"},"content":{"rendered":"<p><strong>Brahim Ghali, marionnette des services secrets alg\u00e9riens, a pu sortir de la mani\u00e8re la plus simple du territoire espagnol, cette fois sous sa v\u00e9ritable identit\u00e9 et revenir chez ses ma\u00eetres alg\u00e9riens. La Justice espagnole, malgr\u00e9 la multiplicit\u00e9 des plaintes, n\u2019a pas consid\u00e9r\u00e9 utile de le garder sur son territoire, ne serait-ce que pour approfondir l\u2019enqu\u00eate. Quel d\u00e9shonneur\u00a0pour l\u2019Etat de droit espagnol, quel choc pour ceux qui ont combattu le franquisme, que de voir la Justice de leur pays instrumentalis\u00e9e dans un imbroglio diplomatique, car c\u2019est de cela qu\u2019il s\u2019agit.<\/strong><\/p>\n<div class=\"c10\">\n<\/div>\n<p>Le gouvernement Sanchez a perdu la boussole. Des sages, des gens qui ont \u00e9t\u00e9 aux responsabilit\u00e9s, un ex-ministre de la D\u00e9fense, Zapatero ancien Premier ministre crient \u00e0 la folie, au \u00ab\u00a0suicide s\u00e9curitaire\u00a0\u00bb, Sanchez est dans l\u2019entourloupe \u00e9lectorale. Il veut faire croire que le Maroc fait le chantage \u00e0 l\u2019\u00e9migration\u2026 S.M. le Roi lui r\u00e9pond en demandant aux autorit\u00e9s marocaines de reprendre tous les mineurs isol\u00e9s marocains qui se trouvent sur le sol Europ\u00e9en et ils sont vingt mille.<\/p>\n<p><strong>Lire aussi | <a href=\"https:\/\/www.challenge.ma\/immobilier-une-prorogation-de-lexoneration-des-droits-denregistrement-en-vue-document-186789\/\" target=\"_blank\" rel=\"noreferrer noopener\">Immobilier : une prorogation de l\u2019exon\u00e9ration des droits d\u2019enregistrement en vue [Document]<\/a><\/strong><\/p>\n<p>Le d\u00e9part de Ghali, plus que son arriv\u00e9e, devrait poser aux citoyens espagnols la question du respect de leur propre gouvernement, non seulement des int\u00e9r\u00eats nationaux, mais surtout de leur souverainet\u00e9 nationale. Car le num\u00e9ro 2 du Polisario avait annonc\u00e9 le retour de Ghali, une semaine avant la d\u00e9cision du juge, qui est elle-m\u00eame incompr\u00e9hensible. Le Maroc, avec la meilleure des bonnes volont\u00e9s ne peut pas\u00a0 accepter un tel traitement. Surtout quand on sait que Sanchez, de mani\u00e8re indigne d\u2019un homme d\u2019Etat, en fait un ph\u00e9nom\u00e8ne \u00e9lectoraliste.<\/p>\n<p><strong>Lire aussi | <a href=\"https:\/\/www.challenge.ma\/la-compagnie-israelienne-israir-commencera-ses-vols-vers-le-maroc-a-partir-de-juillet-186732\/\" target=\"_blank\" rel=\"noreferrer noopener\">La compagnie isra\u00e9lienne Israir commencera ses vols vers le Maroc \u00e0 partir de juillet<\/a><\/strong><\/p>\n<p>La crise n\u2019est pas pr\u00e8s de s\u2019estomper, malgr\u00e9 les interventions discr\u00e8tes de l\u2019Union Europ\u00e9enne. Le Maroc ne peut pas accepter de se taire sur autant de gestes hostiles. Sanchez fera payer aux relations entre les deux pays son prisme pro-alg\u00e9rien. C\u2019est malheureux, parce que cette relation est essentielle pour les deux rives, mais Sanchez doit supporter les cons\u00e9quences de ses actes.<\/p>\n<p>Auteur: challenge<br \/>\n<a href=\"https:\/\/www.challenge.ma\/lespagne-embourbee-186794\/\">Cliquez ici pour lire l&rsquo;article depuis sa source.<\/a><\/p>\n","protected":false},"excerpt":{"rendered":"<p>Brahim Ghali, marionnette des services secrets alg\u00e9riens, a pu sortir de la mani\u00e8re la plus simple du territoire espagnol, cette fois sous sa v\u00e9ritable identit\u00e9 et revenir chez ses ma\u00eetres alg\u00e9riens. La Justice espagnole, malgr\u00e9 la multiplicit\u00e9 des plaintes, n\u2019a pas consid\u00e9r\u00e9 utile de le garder sur son territoire, ne serait-ce que pour approfondir l\u2019enqu\u00eate. [&hellip;]<\/p>\n","protected":false},"author":1787,"featured_media":0,"comment_status":"closed","ping_status":"closed","sticky":false,"template":"","format":"standard","meta":{"fifu_image_url":"","fifu_image_alt":"","footnotes":""},"categories":[78,54],"tags":[],"class_list":["post-117896","post","type-post","status-publish","format-standard","hentry","category-economie","category-maroc"],"_links":{"self":[{"href":"https:\/\/linitiative.ca\/International\/wp-json\/wp\/v2\/posts\/117896","targetHints":{"allow":["GET"]}}],"collection":[{"href":"https:\/\/linitiative.ca\/International\/wp-json\/wp\/v2\/posts"}],"about":[{"href":"https:\/\/linitiative.ca\/International\/wp-json\/wp\/v2\/types\/post"}],"author":[{"embeddable":true,"href":"https:\/\/linitiative.ca\/International\/wp-json\/wp\/v2\/users\/1787"}],"replies":[{"embeddable":true,"href":"https:\/\/linitiative.ca\/International\/wp-json\/wp\/v2\/comments?post=117896"}],"version-history":[{"count":0,"href":"https:\/\/linitiative.ca\/International\/wp-json\/wp\/v2\/posts\/117896\/revisions"}],"wp:attachment":[{"href":"https:\/\/linitiative.ca\/International\/wp-json\/wp\/v2\/media?parent=117896"}],"wp:term":[{"taxonomy":"category","embeddable":true,"href":"https:\/\/linitiative.ca\/International\/wp-json\/wp\/v2\/categories?post=117896"},{"taxonomy":"post_tag","embeddable":true,"href":"https:\/\/linitiative.ca\/International\/wp-json\/wp\/v2\/tags?post=117896"}],"curies":[{"name":"wp","href":"https:\/\/api.w.org\/{rel}","templated":true}]}}