{"id":117899,"date":"2021-06-02T16:56:18","date_gmt":"2021-06-02T20:56:18","guid":{"rendered":"https:\/\/linitiative.ca\/International\/tunisie-la-ctn-se-moque-de-son-monde\/"},"modified":"2021-06-02T16:56:18","modified_gmt":"2021-06-02T20:56:18","slug":"tunisie-la-ctn-se-moque-de-son-monde","status":"publish","type":"post","link":"https:\/\/linitiative.ca\/International\/tunisie-la-ctn-se-moque-de-son-monde\/","title":{"rendered":"Tunisie \u2013 La CTN se moque de son monde\u00a0!"},"content":{"rendered":"<div id=\"content-main\" class=\"left relative left relative\">\n<div class=\"post-info-out\">\n<div class=\"post-info-img left relative\"><img decoding=\"async\" alt=\"\" src=\"https:\/\/secure.gravatar.com\/avatar\/047123be9d5e8513774383916ee72db2?s=50&amp;d=mm&amp;r=g\" srcset=\"https:\/\/secure.gravatar.com\/avatar\/047123be9d5e8513774383916ee72db2?s=100&amp;d=mm&amp;r=g 2x\" class=\"avatar avatar-50 photo\" height=\"50\" width=\"50\" loading=\"lazy\"\/><\/div>\n<div class=\"post-info-in\">\n<div class=\"post-info-right left relative post-info-name left relative\"><span><span class=\"post-info-text\">Par<\/span> <span class=\"author-name vcard fn author\"><a href=\"https:\/\/www.tunisienumerique.com\/author\/lm\/\" title=\"Articles par LM\" rel=\"author\">LM<\/a><\/span><\/span> <span class=\"post-date updated\"><time class=\"post-date updated\" datetime=\"2021-06-02\">\u00a0| Il y a 15 secondes<\/time><\/span><br \/>\n<meta itemprop=\"dateModified\" content=\"2021-06-02\"\/><\/div>\n<\/div>\n<\/div>\n<div class=\"code-block code-block-1 c4\">\n <ins class=\"adsbygoogle c3\" data-ad-layout=\"in-article\" data-ad-format=\"fluid\" data-ad-client=\"ca-pub-2102118777505746\" data-ad-slot=\"7301775417\"\/>\n<\/div>\n<p>Ils \u00e9taient plusieurs dizaines de personnes, entre tunisiens et non-tunisiens, \u00e0 s\u2019\u00eatre tap\u00e9, depuis hier, des centaines de kilom\u00e8tres, le plus souvent, apr\u00e8s des heures de rangement pour charger leurs v\u00e9hicules, et des semaines de programmation de leur voyage. Ils \u00e9taient, des dizaines de personnes \u00e0 se pr\u00e9senter, ce mercredi au terminal du port de Marseille, pour embarquer \u00e0 bord du ferry qui devait les emmener \u00e0 Tunis.<\/p>\n<p>Or, quelle ne f\u00fbt leur surprise de ne trouver ni ferry, ni rien du tout. En fait, il n\u2019y avait aucune navette de programm\u00e9e pour Tunis, ni aujourd\u2019hui ni demain ni un autre jour.<\/p>\n<p>Renseignement pris, les responsables de la CTN, qui devait assurer leur travers\u00e9e, leur a r\u00e9pondu que cela n\u2019\u00e9tait pas de leur faute, et que ce sont les autorit\u00e9s tunisiennes qui n\u2019ont, jusqu\u2019\u00e0 ce jour, et on ne sait jusqu\u2019\u00e0 quand, autoris\u00e9 la reprise des voyages par mer vers la Tunisie.<\/p>\n<p>S\u2019il est vrai, comme le disaient les responsables de la CTN, qu\u2019il s\u2019agit d\u2019une d\u00e9cision des autorit\u00e9s fran\u00e7aises, il n\u2019en demeure pas moins, qu\u2019ils ont failli \u00e0 leur devoir. Celui d\u2019informer leur clients de l\u2019annulation jusqu\u2019\u00e0 nouvel ordre, de toutes les travers\u00e9es vers Tunis. Et en plus des excuses qu\u2019ils devaient aux passagers bloqu\u00e9s malgr\u00e9 qu\u2019ils aient pay\u00e9 leurs billets, les responsables de la CTN devraient, proposer des solutions alternatives, pour permettre aux passagers de r\u00e9aliser leur projet de voyage.<\/p>\n<p>Jusqu\u2019\u00e0 quand la CTN va-t-elle continuer \u00e0 ignorer ses clients et \u00e0 les m\u00e9priser\u00a0? Et apr\u00e8s ils viendront se lamenter que les tunisiens ne veulent plus embarquer sur leurs navires\u00a0!<\/p>\n<div class=\"swp_social_panel swp_horizontal_panel swp_flat_fresh swp_default_full_color swp_individual_full_color swp_other_full_color scale-100 scale-\" data-min-width=\"1100\" data-float-color=\"#ffffff\" data-float=\"bottom\" data-float-mobile=\"bottom\" data-transition=\"slide\">\n<div class=\"nc_tweetContainer swp_share_button total_shares total_sharesalt\"><span class=\"swp_count\">0 <span class=\"swp_label\">Partages<\/span><\/span><\/div>\n<\/div>\n<p><strong>Que se passe-t-il en Tunisie?<\/strong><br \/>Nous expliquons sur notre <a href=\"https:\/\/www.youtube.com\/channel\/UCRzypVq0B_yBad5eGrwBx0Q?sub_confirmation=1\" target=\"_blank\" rel=\"noopener\">cha\u00eene YouTube<\/a> . <a href=\"https:\/\/www.youtube.com\/channel\/UCRzypVq0B_yBad5eGrwBx0Q?sub_confirmation=1\" target=\"_blank\" rel=\"noopener\">Abonnez-vous!<\/a><\/p>\n<div class=\"mvp-org-wrap\" itemprop=\"publisher\">\n<div class=\"mvp-org-logo\" itemprop=\"logo\"><img decoding=\"async\" src=\"https:\/\/www.tunisienumerique.com\/wp-content\/uploads\/2017\/02\/logo_tunisie_numerique.png\"\/><br \/>\n<meta itemprop=\"url\" content=\"https:\/\/www.tunisienumerique.com\/wp-content\/uploads\/2017\/02\/logo_tunisie_numerique.png\"\/><\/div>\n<p><meta content=\"Tunisie\"\/><\/div>\n<div class=\"mvp-related-posts left relative\">\n<h4 class=\"post-header\"><span class=\"post-header\">Lire aussi<\/span><\/h4>\n<\/div>\n<div id=\"article-ad\">\n <ins class=\"adsbygoogle c5\" data-ad-client=\"ca-pub-2102118777505746\" data-ad-slot=\"6513972734\" data-ad-format=\"auto\" data-full-width-responsive=\"true\"\/>\n<\/div>\n<\/div>\n<div id=\"post-sidebar-wrap\">\n <ins class=\"adsbygoogle c5\" data-ad-client=\"ca-pub-2102118777505746\" data-ad-slot=\"6168283410\" data-ad-format=\"auto\" data-full-width-responsive=\"true\"\/>\n<\/div>\n<p>Auteur: LM<br \/>\n<a href=\"https:\/\/www.tunisienumerique.com\/tunisie-la-ctn-se-moque-de-son-monde\/\">Cliquez ici pour lire l&rsquo;article depuis sa source.<\/a><\/p>\n","protected":false},"excerpt":{"rendered":"<p>Par LM \u00a0| Il y a 15 secondes Ils \u00e9taient plusieurs dizaines de personnes, entre tunisiens et non-tunisiens, \u00e0 s\u2019\u00eatre tap\u00e9, depuis hier, des centaines de kilom\u00e8tres, le plus souvent, apr\u00e8s des heures de rangement pour charger leurs v\u00e9hicules, et des semaines de programmation de leur voyage. Ils \u00e9taient, des dizaines de personnes \u00e0 se [&hellip;]<\/p>\n","protected":false},"author":1789,"featured_media":0,"comment_status":"closed","ping_status":"closed","sticky":false,"template":"","format":"standard","meta":{"fifu_image_url":"https:\/\/secure.gravatar.com\/avatar\/047123be9d5e8513774383916ee72db2?s=50&d=mm&r=g","fifu_image_alt":"Tunisie \u2013 La CTN se moque de son monde\u00a0!","footnotes":""},"categories":[73,55],"tags":[],"class_list":["post-117899","post","type-post","status-publish","format-standard","hentry","category-actualite","category-tunisie"],"_links":{"self":[{"href":"https:\/\/linitiative.ca\/International\/wp-json\/wp\/v2\/posts\/117899","targetHints":{"allow":["GET"]}}],"collection":[{"href":"https:\/\/linitiative.ca\/International\/wp-json\/wp\/v2\/posts"}],"about":[{"href":"https:\/\/linitiative.ca\/International\/wp-json\/wp\/v2\/types\/post"}],"author":[{"embeddable":true,"href":"https:\/\/linitiative.ca\/International\/wp-json\/wp\/v2\/users\/1789"}],"replies":[{"embeddable":true,"href":"https:\/\/linitiative.ca\/International\/wp-json\/wp\/v2\/comments?post=117899"}],"version-history":[{"count":0,"href":"https:\/\/linitiative.ca\/International\/wp-json\/wp\/v2\/posts\/117899\/revisions"}],"wp:attachment":[{"href":"https:\/\/linitiative.ca\/International\/wp-json\/wp\/v2\/media?parent=117899"}],"wp:term":[{"taxonomy":"category","embeddable":true,"href":"https:\/\/linitiative.ca\/International\/wp-json\/wp\/v2\/categories?post=117899"},{"taxonomy":"post_tag","embeddable":true,"href":"https:\/\/linitiative.ca\/International\/wp-json\/wp\/v2\/tags?post=117899"}],"curies":[{"name":"wp","href":"https:\/\/api.w.org\/{rel}","templated":true}]}}