{"id":117900,"date":"2021-06-02T17:01:48","date_gmt":"2021-06-02T21:01:48","guid":{"rendered":"https:\/\/linitiative.ca\/International\/ephemeride-2-juin-2013-le-niqab-interdit-au-baccalaureat\/"},"modified":"2021-06-02T17:01:48","modified_gmt":"2021-06-02T21:01:48","slug":"ephemeride-2-juin-2013-le-niqab-interdit-au-baccalaureat","status":"publish","type":"post","link":"https:\/\/linitiative.ca\/International\/ephemeride-2-juin-2013-le-niqab-interdit-au-baccalaureat\/","title":{"rendered":"Eph\u00e9m\u00e9ride \u2013 2 juin 2013 : Le niqab interdit au Baccalaur\u00e9at"},"content":{"rendered":"<div id=\"content-main\" class=\"left relative left relative\">\n<div class=\"post-info-out\">\n<div class=\"post-info-img left relative\"><img decoding=\"async\" alt=\"\" src=\"https:\/\/secure.gravatar.com\/avatar\/b658f27b24160a89d557421a966e5ca1?s=50&amp;d=mm&amp;r=g\" srcset=\"https:\/\/secure.gravatar.com\/avatar\/b658f27b24160a89d557421a966e5ca1?s=100&amp;d=mm&amp;r=g 2x\" class=\"avatar avatar-50 photo\" height=\"50\" width=\"50\" loading=\"lazy\"\/><\/div>\n<div class=\"post-info-in\">\n<div class=\"post-info-right left relative post-info-name left relative\"><span><span class=\"post-info-text\">Par<\/span> <span class=\"author-name vcard fn author\"><a href=\"https:\/\/www.tunisienumerique.com\/author\/htb\/\" title=\"Articles par Mohamed Ben Abderrazek\" rel=\"author\">Mohamed Ben Abderrazek<\/a><\/span><\/span> <span class=\"post-date updated\"><time class=\"post-date updated\" datetime=\"2021-06-02\">\u00a0| Il y a 26 secondes<\/time><\/span><br \/>\n<meta itemprop=\"dateModified\" content=\"2021-06-02\"\/><\/div>\n<\/div>\n<\/div>\n<div class=\"code-block code-block-1 c4\">\n <ins class=\"adsbygoogle c3\" data-ad-layout=\"in-article\" data-ad-format=\"fluid\" data-ad-client=\"ca-pub-2102118777505746\" data-ad-slot=\"7301775417\"\/>\n<\/div>\n<p>Le ministre de l\u2019Education, Salem Labiadh, a affirm\u00e9 \u00e0 l\u2019occasion des examens nationaux de l\u2019ann\u00e9e scolaire 2012-2013, qu\u2019aucune candidate portant le niqab ne sera autoris\u00e9e \u00e0 passer les examens du Baccalaur\u00e9at et que les \u00e9l\u00e8ves portant le niqab devaient obligatoirement montrer leur visage avant de passer les examens.<\/p>\n<p>Il a exhort\u00e9 les directeurs des centres d\u2019examens \u00e0 appliquer strictement ces mesures lors de l\u2019imminente session du baccalaur\u00e9at.<\/p>\n<p>Il a expliqu\u00e9 que l\u2019\u00e9ducation doit \u00eatre maintenue \u00e0 l\u2019abri des tiraillements politiques et id\u00e9ologiques, soulignant que tout candidat doit d\u00e9voiler son identit\u00e9.<\/p>\n<div class=\"swp_social_panel swp_horizontal_panel swp_flat_fresh swp_default_full_color swp_individual_full_color swp_other_full_color scale-100 scale-\" data-min-width=\"1100\" data-float-color=\"#ffffff\" data-float=\"bottom\" data-float-mobile=\"bottom\" data-transition=\"slide\">\n<div class=\"nc_tweetContainer swp_share_button total_shares total_sharesalt\"><span class=\"swp_count\">0 <span class=\"swp_label\">Partages<\/span><\/span><\/div>\n<\/div>\n<p><strong>Que se passe-t-il en Tunisie?<\/strong><br \/>Nous expliquons sur notre <a href=\"https:\/\/www.youtube.com\/channel\/UCRzypVq0B_yBad5eGrwBx0Q?sub_confirmation=1\" target=\"_blank\" rel=\"noopener\">cha\u00eene YouTube<\/a> . <a href=\"https:\/\/www.youtube.com\/channel\/UCRzypVq0B_yBad5eGrwBx0Q?sub_confirmation=1\" target=\"_blank\" rel=\"noopener\">Abonnez-vous!<\/a><\/p>\n<div class=\"mvp-org-wrap\" itemprop=\"publisher\">\n<div class=\"mvp-org-logo\" itemprop=\"logo\"><img decoding=\"async\" src=\"https:\/\/www.tunisienumerique.com\/wp-content\/uploads\/2017\/02\/logo_tunisie_numerique.png\"\/><br \/>\n<meta itemprop=\"url\" content=\"https:\/\/www.tunisienumerique.com\/wp-content\/uploads\/2017\/02\/logo_tunisie_numerique.png\"\/><\/div>\n<p><meta content=\"Tunisie\"\/><\/div>\n<div class=\"post-tags\"><span class=\"post-tags-header\">Sujets Connexes:<\/span><\/div>\n<div id=\"article-ad\">\n <ins class=\"adsbygoogle c5\" data-ad-client=\"ca-pub-2102118777505746\" data-ad-slot=\"6513972734\" data-ad-format=\"auto\" data-full-width-responsive=\"true\"\/>\n<\/div>\n<\/div>\n<div id=\"post-sidebar-wrap\">\n <ins class=\"adsbygoogle c5\" data-ad-client=\"ca-pub-2102118777505746\" data-ad-slot=\"6168283410\" data-ad-format=\"auto\" data-full-width-responsive=\"true\"\/>\n<\/div>\n<p>Auteur: Mohamed Ben Abderrazek<br \/>\n<a href=\"https:\/\/www.tunisienumerique.com\/ephemeride-2-juin-2013-le-niqab-interdit-au-baccalaureat\/\">Cliquez ici pour lire l&rsquo;article depuis sa source.<\/a><\/p>\n","protected":false},"excerpt":{"rendered":"<p>Par Mohamed Ben Abderrazek \u00a0| Il y a 26 secondes Le ministre de l\u2019Education, Salem Labiadh, a affirm\u00e9 \u00e0 l\u2019occasion des examens nationaux de l\u2019ann\u00e9e scolaire 2012-2013, qu\u2019aucune candidate portant le niqab ne sera autoris\u00e9e \u00e0 passer les examens du Baccalaur\u00e9at et que les \u00e9l\u00e8ves portant le niqab devaient obligatoirement montrer leur visage avant de [&hellip;]<\/p>\n","protected":false},"author":1789,"featured_media":0,"comment_status":"closed","ping_status":"closed","sticky":false,"template":"","format":"standard","meta":{"fifu_image_url":"https:\/\/secure.gravatar.com\/avatar\/b658f27b24160a89d557421a966e5ca1?s=50&d=mm&r=g","fifu_image_alt":"Eph\u00e9m\u00e9ride \u2013 2 juin 2013 : Le niqab interdit au Baccalaur\u00e9at","footnotes":""},"categories":[73,55],"tags":[],"class_list":["post-117900","post","type-post","status-publish","format-standard","hentry","category-actualite","category-tunisie"],"_links":{"self":[{"href":"https:\/\/linitiative.ca\/International\/wp-json\/wp\/v2\/posts\/117900","targetHints":{"allow":["GET"]}}],"collection":[{"href":"https:\/\/linitiative.ca\/International\/wp-json\/wp\/v2\/posts"}],"about":[{"href":"https:\/\/linitiative.ca\/International\/wp-json\/wp\/v2\/types\/post"}],"author":[{"embeddable":true,"href":"https:\/\/linitiative.ca\/International\/wp-json\/wp\/v2\/users\/1789"}],"replies":[{"embeddable":true,"href":"https:\/\/linitiative.ca\/International\/wp-json\/wp\/v2\/comments?post=117900"}],"version-history":[{"count":0,"href":"https:\/\/linitiative.ca\/International\/wp-json\/wp\/v2\/posts\/117900\/revisions"}],"wp:attachment":[{"href":"https:\/\/linitiative.ca\/International\/wp-json\/wp\/v2\/media?parent=117900"}],"wp:term":[{"taxonomy":"category","embeddable":true,"href":"https:\/\/linitiative.ca\/International\/wp-json\/wp\/v2\/categories?post=117900"},{"taxonomy":"post_tag","embeddable":true,"href":"https:\/\/linitiative.ca\/International\/wp-json\/wp\/v2\/tags?post=117900"}],"curies":[{"name":"wp","href":"https:\/\/api.w.org\/{rel}","templated":true}]}}