{"id":117901,"date":"2021-06-02T17:16:02","date_gmt":"2021-06-02T21:16:02","guid":{"rendered":"https:\/\/linitiative.ca\/International\/tunisie-kairouan-mesures-de-restriction-decidees-pour-circonscrire-lepidemie\/"},"modified":"2021-06-02T17:16:02","modified_gmt":"2021-06-02T21:16:02","slug":"tunisie-kairouan-mesures-de-restriction-decidees-pour-circonscrire-lepidemie","status":"publish","type":"post","link":"https:\/\/linitiative.ca\/International\/tunisie-kairouan-mesures-de-restriction-decidees-pour-circonscrire-lepidemie\/","title":{"rendered":"Tunisie \u2013 Kairouan\u00a0: Mesures de restriction d\u00e9cid\u00e9es pour circonscrire l\u2019\u00e9pid\u00e9mie"},"content":{"rendered":"<div id=\"content-main\" class=\"left relative left relative\">\n<div class=\"post-info-out\">\n<div class=\"post-info-img left relative\"><img decoding=\"async\" alt=\"\" src=\"https:\/\/secure.gravatar.com\/avatar\/047123be9d5e8513774383916ee72db2?s=50&amp;d=mm&amp;r=g\" srcset=\"https:\/\/secure.gravatar.com\/avatar\/047123be9d5e8513774383916ee72db2?s=100&amp;d=mm&amp;r=g 2x\" class=\"avatar avatar-50 photo\" height=\"50\" width=\"50\" loading=\"lazy\"\/><\/div>\n<div class=\"post-info-in\">\n<div class=\"post-info-right left relative post-info-name left relative\"><span><span class=\"post-info-text\">Par<\/span> <span class=\"author-name vcard fn author\"><a href=\"https:\/\/www.tunisienumerique.com\/author\/lm\/\" title=\"Articles par LM\" rel=\"author\">LM<\/a><\/span><\/span> <span class=\"post-date updated\"><time class=\"post-date updated\" datetime=\"2021-06-02\">\u00a0| Il y a 32 secondes<\/time><\/span><br \/>\n<meta itemprop=\"dateModified\" content=\"2021-06-02\"\/><\/div>\n<\/div>\n<\/div>\n<div class=\"code-block code-block-1 c4\">\n <ins class=\"adsbygoogle c3\" data-ad-layout=\"in-article\" data-ad-format=\"fluid\" data-ad-client=\"ca-pub-2102118777505746\" data-ad-slot=\"7301775417\"\/>\n<\/div>\n<p>Le gouverneur de Kairouan a annonc\u00e9 que le cellule r\u00e9gionale de gestion des crises s\u2019est r\u00e9unie, ce jour en pr\u00e9sence du Dr Nissaf Ben Alaya, et apr\u00e8s la discussion de la situation \u00e9pid\u00e9miologique dans la r\u00e9gion, a d\u00e9cid\u00e9 l\u2019imposition de mesures restrictives durant une semaine, \u00e0 dater de ce mercredi.<\/p>\n<p>Ces mesures sont\u00a0:<\/p>\n<ul>\n<li>Le retrait des chaises et des tables des espaces ferm\u00e9s des caf\u00e9s et restaurants<\/li>\n<li>Interdiction d\u2019organiser des f\u00eates et des c\u00e9r\u00e9monies publiques et priv\u00e9es.<\/li>\n<li>Suspension des activit\u00e9s culturelles<\/li>\n<li>Suspension des march\u00e9s hebdomadaires<\/li>\n<li>Rigueur dans l\u2019application du couvre feu de 22 heures \u00e0 05 heures.<\/li>\n<li>Les conducteurs des moyens de transports doivent mettre des bavettes<\/li>\n<li>Les \u00e9tablissements scolaires doivent veiller \u00e0 la bonne application des protocoles sanitaires.<\/li>\n<\/ul>\n<div class=\"swp_social_panel swp_horizontal_panel swp_flat_fresh swp_default_full_color swp_individual_full_color swp_other_full_color scale-100 scale-\" data-min-width=\"1100\" data-float-color=\"#ffffff\" data-float=\"bottom\" data-float-mobile=\"bottom\" data-transition=\"slide\">\n<div class=\"nc_tweetContainer swp_share_button total_shares total_sharesalt\"><span class=\"swp_count\">0 <span class=\"swp_label\">Partages<\/span><\/span><\/div>\n<\/div>\n<p><strong>Que se passe-t-il en Tunisie?<\/strong><br \/>Nous expliquons sur notre <a href=\"https:\/\/www.youtube.com\/channel\/UCRzypVq0B_yBad5eGrwBx0Q?sub_confirmation=1\" target=\"_blank\" rel=\"noopener\">cha\u00eene YouTube<\/a> . <a href=\"https:\/\/www.youtube.com\/channel\/UCRzypVq0B_yBad5eGrwBx0Q?sub_confirmation=1\" target=\"_blank\" rel=\"noopener\">Abonnez-vous!<\/a><\/p>\n<div class=\"mvp-org-wrap\" itemprop=\"publisher\">\n<div class=\"mvp-org-logo\" itemprop=\"logo\"><img decoding=\"async\" src=\"https:\/\/www.tunisienumerique.com\/wp-content\/uploads\/2017\/02\/logo_tunisie_numerique.png\"\/><br \/>\n<meta itemprop=\"url\" content=\"https:\/\/www.tunisienumerique.com\/wp-content\/uploads\/2017\/02\/logo_tunisie_numerique.png\"\/><\/div>\n<p><meta content=\"Tunisie\"\/><\/div>\n<div class=\"mvp-related-posts left relative\">\n<h4 class=\"post-header\"><span class=\"post-header\">Lire aussi<\/span><\/h4>\n<\/div>\n<div id=\"article-ad\">\n <ins class=\"adsbygoogle c5\" data-ad-client=\"ca-pub-2102118777505746\" data-ad-slot=\"6513972734\" data-ad-format=\"auto\" data-full-width-responsive=\"true\"\/>\n<\/div>\n<\/div>\n<div id=\"post-sidebar-wrap\">\n <ins class=\"adsbygoogle c5\" data-ad-client=\"ca-pub-2102118777505746\" data-ad-slot=\"6168283410\" data-ad-format=\"auto\" data-full-width-responsive=\"true\"\/>\n<\/div>\n<p>Auteur: LM<br \/>\n<a href=\"https:\/\/www.tunisienumerique.com\/tunisie-kairouan-mesures-de-restriction-decidees-pour-circonscrire-lepidemie\/\">Cliquez ici pour lire l&rsquo;article depuis sa source.<\/a><\/p>\n","protected":false},"excerpt":{"rendered":"<p>Par LM \u00a0| Il y a 32 secondes Le gouverneur de Kairouan a annonc\u00e9 que le cellule r\u00e9gionale de gestion des crises s\u2019est r\u00e9unie, ce jour en pr\u00e9sence du Dr Nissaf Ben Alaya, et apr\u00e8s la discussion de la situation \u00e9pid\u00e9miologique dans la r\u00e9gion, a d\u00e9cid\u00e9 l\u2019imposition de mesures restrictives durant une semaine, \u00e0 dater [&hellip;]<\/p>\n","protected":false},"author":1789,"featured_media":0,"comment_status":"closed","ping_status":"closed","sticky":false,"template":"","format":"standard","meta":{"fifu_image_url":"https:\/\/secure.gravatar.com\/avatar\/047123be9d5e8513774383916ee72db2?s=50&d=mm&r=g","fifu_image_alt":"Tunisie \u2013 Kairouan\u00a0: Mesures de restriction d\u00e9cid\u00e9es pour circonscrire l\u2019\u00e9pid\u00e9mie","footnotes":""},"categories":[73,55],"tags":[],"class_list":["post-117901","post","type-post","status-publish","format-standard","hentry","category-actualite","category-tunisie"],"_links":{"self":[{"href":"https:\/\/linitiative.ca\/International\/wp-json\/wp\/v2\/posts\/117901","targetHints":{"allow":["GET"]}}],"collection":[{"href":"https:\/\/linitiative.ca\/International\/wp-json\/wp\/v2\/posts"}],"about":[{"href":"https:\/\/linitiative.ca\/International\/wp-json\/wp\/v2\/types\/post"}],"author":[{"embeddable":true,"href":"https:\/\/linitiative.ca\/International\/wp-json\/wp\/v2\/users\/1789"}],"replies":[{"embeddable":true,"href":"https:\/\/linitiative.ca\/International\/wp-json\/wp\/v2\/comments?post=117901"}],"version-history":[{"count":0,"href":"https:\/\/linitiative.ca\/International\/wp-json\/wp\/v2\/posts\/117901\/revisions"}],"wp:attachment":[{"href":"https:\/\/linitiative.ca\/International\/wp-json\/wp\/v2\/media?parent=117901"}],"wp:term":[{"taxonomy":"category","embeddable":true,"href":"https:\/\/linitiative.ca\/International\/wp-json\/wp\/v2\/categories?post=117901"},{"taxonomy":"post_tag","embeddable":true,"href":"https:\/\/linitiative.ca\/International\/wp-json\/wp\/v2\/tags?post=117901"}],"curies":[{"name":"wp","href":"https:\/\/api.w.org\/{rel}","templated":true}]}}