{"id":117903,"date":"2021-06-02T17:09:23","date_gmt":"2021-06-02T21:09:23","guid":{"rendered":"https:\/\/linitiative.ca\/International\/il-vole-largent-de-son-pere\/"},"modified":"2021-06-02T17:09:23","modified_gmt":"2021-06-02T21:09:23","slug":"il-vole-largent-de-son-pere","status":"publish","type":"post","link":"https:\/\/linitiative.ca\/International\/il-vole-largent-de-son-pere\/","title":{"rendered":"Il vole l\u2019argent de son p\u00e8re"},"content":{"rendered":"<div class=\"td-post-featured-image\"><a href=\"https:\/\/www.sidwaya.info\/wp-content\/uploads\/2021\/06\/Au-coin-du-palais.jpg\" data-caption=\"\"><img loading=\"lazy\" decoding=\"async\" width=\"696\" height=\"464\" class=\"entry-thumb td-modal-image\" src=\"https:\/\/www.sidwaya.info\/wp-content\/uploads\/2021\/06\/Au-coin-du-palais-696x464.jpg\" srcset=\"https:\/\/www.sidwaya.info\/wp-content\/uploads\/2021\/06\/Au-coin-du-palais-696x464.jpg 696w, https:\/\/www.sidwaya.info\/wp-content\/uploads\/2021\/06\/Au-coin-du-palais-300x200.jpg 300w, https:\/\/www.sidwaya.info\/wp-content\/uploads\/2021\/06\/Au-coin-du-palais-768x512.jpg 768w, https:\/\/www.sidwaya.info\/wp-content\/uploads\/2021\/06\/Au-coin-du-palais-150x100.jpg 150w, https:\/\/www.sidwaya.info\/wp-content\/uploads\/2021\/06\/Au-coin-du-palais-630x420.jpg 630w, https:\/\/www.sidwaya.info\/wp-content\/uploads\/2021\/06\/Au-coin-du-palais.jpg 787w\" sizes=\"auto, (max-width: 696px) 100vw, 696px\" alt=\"\" title=\"Au coin du palais\"\/><\/a><\/div>\n<p><strong>Il vole l\u2019argent de son p\u00e8re<\/strong><\/p>\n<p>Mineur de 17 ans, T.U. a comparu, le mardi 1er juin 2021, devant la Chambre correctionnelle du Tribunal de grande instance de Banfora comme t\u00e9moin, aux c\u00f4t\u00e9s de deux de ses complices O.M. et B.I., pour r\u00e9pondre des faits de recel portant sur la somme de 1 700 000 FCFA, une somme appartenant \u00e0 son g\u00e9niteur, T.A. Le mineur \u00e0 la barre, a reconnu les faits sans d\u00e9tour. Il a soutenu devant les juges, avoir une premi\u00e8re fois soutir\u00e9 200 000 F CFA \u00e0 son p\u00e8re T.A. et une seconde fois la somme de 1,5 million F CFA. C\u2019est apr\u00e8s avoir d\u00e9rob\u00e9 l\u2019argent \u00e0 son papa, que T.U., selon ses explications, a fait appel \u00e0 ses acolytes, pour, dit-il, compter le fruit de son forfait. Le travail fait, O.M. et B.I., ont re\u00e7u de T.U. chacun 40 000 FCFA. Outre les trois principaux acteurs de cette affaire, un passant qui les a surpris dans les d\u00e9comptes, s\u2019est fait passer pour un policier et gr\u00e2ce \u00e0 son \u00ab statut \u00bb, il a pu avoir de T.U. et ses amis, la somme de 200 000 FCFA. Pour le reste du butin, T.U., dit avoir fait le tour chez les professionnelles du sexe o\u00f9 il dit avoir distribu\u00e9 plus de 40 000 F CFA. Les trois pr\u00e9venus, selon les explications de la Cour, ont \u00e9t\u00e9 appr\u00e9hend\u00e9s lorsqu\u2019ils s\u2019appr\u00eataient \u00e0 se rendre aux Cascades de Karfigu\u00e9la pour un barbecue. Apr\u00e8s les d\u00e9bats et les r\u00e9quisitions du parquet, le tribunal a reconnu les pr\u00e9venus coupables des faits \u00e0 eux reproch\u00e9s. En r\u00e9pression, une peine d\u2019emprisonnement de 12 mois et une amende d\u2019un million francs CFA, le tout avec sursis, a \u00e9t\u00e9 prononc\u00e9 contre O. M. et B.I. Quant \u00e0 T.U., il est maintenu dans la d\u00e9tention pr\u00e9ventive en attendant d\u2019\u00eatre situ\u00e9 sur son sort pour les faits de vol.<\/p>\n<p><strong>Un conducteur tue un enfant de deux ans et sa m\u00e8re<\/strong><\/p>\n<p>G.S., conducteur, a comparu, le mardi 1er juin 2021 \u00e0 la Cour de la Chambre correctionnelle du Tribunal de grande instance de Banfora, pour des faits d\u2019exc\u00e8s de vitesse, de d\u00e9faut de ma\u00eetrise, d\u2019homicides involontaires et de coups et blessures involontaires. En effet, le 24 avril dernier, au volant d\u2019un v\u00e9hicule en provenance de Cotonou et en partance pour la R\u00e9publique de C\u00f4te d\u2019Ivoire, G.S., a commis un accident de circulation ayant caus\u00e9 la mort sur place d\u2019un gar\u00e7onnet de 2 ans et de sa g\u00e9nitrice qui a succomb\u00e9 plus tard \u00e0 ses blessures. Cet accident avait aussi enregistr\u00e9 deux bless\u00e9s. Larmoyant par moment \u00e0 la barre, l\u2019accus\u00e9, de nationalit\u00e9 \u00e9trang\u00e8re, a reconnu les faits. Dans ses explications \u00e0 la Cour, il dit avoir \u00e9t\u00e9 surpris par une plaque de signalisation. C\u2019est en voulant \u00e9viter cet obstacle, qu\u2019il a crois\u00e9 le chemin des 4 victimes \u00e0 sa hauteur. Une version, qui sera corrobor\u00e9e par un t\u00e9moin oculaire de la sc\u00e8ne, qui \u00e9tait en compagnie du pr\u00e9venu. Dans ses r\u00e9quisitions, le minist\u00e8re public a demand\u00e9 \u00e0 la Cour de reconna\u00eetre G.S. coupable des faits qui lui sont reproch\u00e9s et de le condamner \u00e0 une peine de 24 mois de prison avec sursis. Une amende d\u2019un million, dont 50 000 FCFA ferme, a \u00e9t\u00e9 requise \u00e0 l\u2019encontre de l\u2019accus\u00e9. Le tribunal a renvoy\u00e9 le d\u00e9lib\u00e9r\u00e9 au 8 juin 2021 pour situer G.S sur son sort.<\/p>\n<p><strong>Pour vol de ch\u00e8vre, ils risquent gros<\/strong><br \/>B.H. et B.O. ont comparu, le lundi 31 mai 2021 devant le Tribunal de grande instance de D\u00e9dougou, pour r\u00e9pondre des faits de vol. En effet, le 16 mai dernier, B.H. a \u00e9t\u00e9 aper\u00e7u avec une ch\u00e8vre appartenant \u00e0 D.I. Interpell\u00e9 par des habitants du village, il a laiss\u00e9 entendre qu\u2019il aurait achet\u00e9 l\u2019animal dans un autre village chez D.H. Pour convaincre ses vis-\u00e0-vis, il a pr\u00e9cis\u00e9 qu\u2019il y avait un t\u00e9moin, son acolyte B.O. Pour \u00e9chapper \u00e0 la furie, il a promis d\u2019amener le propri\u00e9taire de la ch\u00e8vre, qui est rest\u00e9 introuvable. A la barre, B.H. est rest\u00e9 sur sa position de d\u00e9part, niant cat\u00e9goriquement les faits de vol \u00e0 lui reproch\u00e9s. Il a soutenu que l\u2019animal a \u00e9t\u00e9 achet\u00e9 \u00e0 la somme de 8 500 F CFA. Quant \u00e0 son complice, B.O., il a laiss\u00e9 entendre qu\u2019il est intervenu juste pour sauver un ami en difficult\u00e9. Sinon, qu\u2019il n\u2019\u00e9tait pas pr\u00e9sent au moment o\u00f9 il achetait la ch\u00e8vre. Le parquet a relev\u00e9, que depuis un certain temps, plusieurs pertes d\u2019animaux ont \u00e9t\u00e9 signal\u00e9es dans la zone. Il a invit\u00e9 le tribunal \u00e0 d\u00e9clarer B.H. et B.O., coupables des faits de vol. En r\u00e9pression, il a requis contre eux, 24 mois de prison, dont 18 mois fermes et une amende de 500 000 F CFA assortie de sursis. Leur sort sera connu le 14 juin prochain.<\/p>\n<p><strong>Il s\u2019empare d\u2019un v\u00e9lo devant une mosqu\u00e9e<\/strong><\/p>\n<p>K.E. \u00e9tait devant les juges de la Chambre correctionnelle, le 31 mai 2021, pour vol de v\u00e9lo appartenant \u00e0 B.I. Les faits ont \u00e9t\u00e9 commis devant une mosqu\u00e9e apr\u00e8s la pri\u00e8re de 5 heures du matin. A la barre, K.E. a reconnu les faits. \u00ab C\u2019est moi qui ai vol\u00e9 le v\u00e9lo devant la mosqu\u00e9e au moment o\u00f9 les musulmans \u00e9taient en pri\u00e8re \u00bb, a-t-il soutenu, \u00e0 la barre, ajoutant qu\u2019il avait besoin des roues pour un autre v\u00e9lo.<br \/>Le procureur dit regretter le comportement de K.E., car ayant \u00e9t\u00e9 d\u00e9j\u00e0 condamn\u00e9 \u00e0 12 mois et une amende de 500 000 FCFA, le tout assorti de sursis, rien qu\u2019en avril pass\u00e9 pour vol de paniers de tomates.<br \/>Il a donc invit\u00e9 la Cour \u00e0 r\u00e9voquer son sursis et lui infliger une nouvelle peine de 12 mois fermes et une amende de 100 000 FCFA. La Cour, en r\u00e9pression, a r\u00e9voqu\u00e9 le sursis de K.E., et l\u2019a condamn\u00e9 \u00e0 24 mois de prison ferme, plus une amende de 500 000 FCFA fermes. En tout, K.E. purgera 36 mois de prison ferme et versera une amende d\u2019un million F CFA.<\/p>\n<p class=\"c1\"><strong>Rassembl\u00e9s par Adama SEDGO et Mamadou YERE<\/strong><br \/><strong>(AIB\/Como\u00e9)<\/strong><\/p>\n<div class=\"td-a-rec td-a-rec-id-content_bottom tdi_33_e72 td_block_template_1\">\n<p><img loading=\"lazy\" decoding=\"async\" class=\"aligncenter size-full wp-image-27454\" src=\"https:\/\/www.sidwaya.info\/wp-content\/uploads\/2020\/10\/PUB-Bandeau-paiement-mobile-siteweb.jpg\" alt=\"\" width=\"728\" height=\"90\"\/><\/div>\n<p>Auteur: BM. Sidwaya<br \/>\n<a href=\"https:\/\/www.sidwaya.info\/blog\/2021\/06\/02\/il-vole-largent-de-son-pere\/\">Cliquez ici pour lire l&rsquo;article depuis sa source.<\/a><\/p>\n","protected":false},"excerpt":{"rendered":"<p>Il vole l\u2019argent de son p\u00e8re Mineur de 17 ans, T.U. a comparu, le mardi 1er juin 2021, devant la Chambre correctionnelle du Tribunal de grande instance de Banfora comme t\u00e9moin, aux c\u00f4t\u00e9s de deux de ses complices O.M. et B.I., pour r\u00e9pondre des faits de recel portant sur la somme de 1 700 000 [&hellip;]<\/p>\n","protected":false},"author":1816,"featured_media":0,"comment_status":"closed","ping_status":"closed","sticky":false,"template":"","format":"standard","meta":{"fifu_image_url":"https:\/\/www.sidwaya.info\/wp-content\/uploads\/2021\/06\/Au-coin-du-palais-696x464.jpg","fifu_image_alt":"Il vole l\u2019argent de son p\u00e8re","footnotes":""},"categories":[73,81],"tags":[],"class_list":["post-117903","post","type-post","status-publish","format-standard","hentry","category-actualite","category-burkina-faso"],"_links":{"self":[{"href":"https:\/\/linitiative.ca\/International\/wp-json\/wp\/v2\/posts\/117903","targetHints":{"allow":["GET"]}}],"collection":[{"href":"https:\/\/linitiative.ca\/International\/wp-json\/wp\/v2\/posts"}],"about":[{"href":"https:\/\/linitiative.ca\/International\/wp-json\/wp\/v2\/types\/post"}],"author":[{"embeddable":true,"href":"https:\/\/linitiative.ca\/International\/wp-json\/wp\/v2\/users\/1816"}],"replies":[{"embeddable":true,"href":"https:\/\/linitiative.ca\/International\/wp-json\/wp\/v2\/comments?post=117903"}],"version-history":[{"count":0,"href":"https:\/\/linitiative.ca\/International\/wp-json\/wp\/v2\/posts\/117903\/revisions"}],"wp:attachment":[{"href":"https:\/\/linitiative.ca\/International\/wp-json\/wp\/v2\/media?parent=117903"}],"wp:term":[{"taxonomy":"category","embeddable":true,"href":"https:\/\/linitiative.ca\/International\/wp-json\/wp\/v2\/categories?post=117903"},{"taxonomy":"post_tag","embeddable":true,"href":"https:\/\/linitiative.ca\/International\/wp-json\/wp\/v2\/tags?post=117903"}],"curies":[{"name":"wp","href":"https:\/\/api.w.org\/{rel}","templated":true}]}}