{"id":117904,"date":"2021-06-02T17:17:59","date_gmt":"2021-06-02T21:17:59","guid":{"rendered":"https:\/\/linitiative.ca\/International\/conseil-des-ministres-du-mercredi-02-juin-2021\/"},"modified":"2021-06-02T17:17:59","modified_gmt":"2021-06-02T21:17:59","slug":"conseil-des-ministres-du-mercredi-02-juin-2021","status":"publish","type":"post","link":"https:\/\/linitiative.ca\/International\/conseil-des-ministres-du-mercredi-02-juin-2021\/","title":{"rendered":"Conseil des ministres du mercredi 02 juin 2021"},"content":{"rendered":"<div class=\"td-post-featured-image\"><a href=\"https:\/\/www.sidwaya.info\/wp-content\/uploads\/2021\/05\/armoirie-2.png\" data-caption=\"\"><img loading=\"lazy\" decoding=\"async\" width=\"200\" height=\"234\" class=\"entry-thumb td-modal-image\" src=\"https:\/\/www.sidwaya.info\/wp-content\/uploads\/2021\/05\/armoirie-2.png\" srcset=\"https:\/\/www.sidwaya.info\/wp-content\/uploads\/2021\/05\/armoirie-2.png 200w, https:\/\/www.sidwaya.info\/wp-content\/uploads\/2021\/05\/armoirie-2-150x176.png 150w\" sizes=\"auto, (max-width: 200px) 100vw, 200px\" alt=\"\" title=\"armoirie\"\/><\/a><\/div>\n<p>Le Conseil des ministres s\u2019est tenu \u00e0 Ouagadougou, le mercredi 02 juin 2021, en s\u00e9ance ordinaire, de 09 H 00 mn \u00e0 14 H 30 mn, sous la pr\u00e9sidence de Son Excellence Monsieur Roch Marc Christian KABORE, Pr\u00e9sident du Faso, Pr\u00e9sident du Conseil des ministres. Il a d\u00e9lib\u00e9r\u00e9 sur les dossiers inscrits \u00e0 son ordre du jour, entendu des communications orales, proc\u00e9d\u00e9 \u00e0 des nominations et autoris\u00e9 des missions \u00e0 l\u2019\u00e9tranger.<\/p>\n<p>I. DELIBERATIONS<\/p>\n<p>I.1. AU TITRE DU MINISTERE DE LA SECURITE<br \/>Le Conseil a adopt\u00e9 un d\u00e9cret portant d\u00e9finition des uniformes, des galons et des \u00e9quipements du personnel du cadre de la Police nationale.<br \/>L\u2019adoption de ce d\u00e9cret permet \u00e0 la Police nationale de se doter de nouveaux \u00e9quipements et galons conform\u00e9ment aux dispositions de la loi n\u00b0027-2018\/AN du 1er juin 2018 portant statut du cadre de la Police nationale.<\/p>\n<p>I.2. AU TITRE DU MINISTERE DES AFFAIRES ETRANGERES, DE LA COOPERATION, DE L\u2019INTEGRATION AFRICAINE ET DES BURKINABE DE L\u2019EXTERIEUR<br \/>Le Conseil a adopt\u00e9 cinq (05) rapports.<\/p>\n<p>Le premier rapport est relatif \u00e0 un d\u00e9cret portant nomination d\u2019un Consul honoraire du Burkina Faso \u00e0 Djakarta, R\u00e9publique d\u2019Indon\u00e9sie.<br \/>Le Conseil a marqu\u00e9 son accord pour la nomination de Monsieur Eddie GUNADIRDJA, en qualit\u00e9 de Consul honoraire du Burkina Faso \u00e0 Djakarta, R\u00e9publique d\u2019Indon\u00e9sie.<\/p>\n<p>Le deuxi\u00e8me rapport est relatif \u00e0 deux (02) d\u00e9crets portant respectivement ouverture d\u2019un Consulat honoraire du Burkina Faso \u00e0 Turin, R\u00e9publique d\u2019Italie et nomination d\u2019un Consul honoraire audit Consulat.<br \/>Le Conseil a marqu\u00e9 son accord pour l\u2019ouverture du Consulat honoraire du Burkina Faso \u00e0 Turin, R\u00e9publique d\u2019Italie et la nomination de Monsieur Lorenzo MINOLI, en qualit\u00e9 de Consul honoraire.<\/p>\n<p>Le troisi\u00e8me rapport est relatif \u00e0 deux (02) d\u00e9crets portant respectivement ouverture d\u2019un Consulat honoraire du Burkina Faso en R\u00e9publique de Guin\u00e9e-Bissau et nomination d\u2019un Consul honoraire audit Consulat.<br \/>Le Conseil a marqu\u00e9 son accord pour l\u2019ouverture du Consulat honoraire du Burkina Faso en R\u00e9publique de Guin\u00e9e-Bissau et la nomination de Madame Maimouna DIARRA\/BORO, en qualit\u00e9 de Consul honoraire audit Consulat.<br \/>Le quatri\u00e8me rapport est relatif \u00e0 une demande d\u2019agr\u00e9ment pour la nomination d\u2019un Ambassadeur Extraordinaire et Pl\u00e9nipotentiaire de la R\u00e9publique du Ghana aupr\u00e8s du Burkina Faso.<br \/>Le Conseil a marqu\u00e9 son accord pour la nomination d\u2019un Ambassadeur Extraordinaire et Pl\u00e9nipotentiaire de la R\u00e9publique du Ghana aupr\u00e8s du Burkina Faso avec r\u00e9sidence \u00e0 Ouagadougou.<br \/>Le cinqui\u00e8me rapport est relatif \u00e0 une demande d\u2019agr\u00e9ment pour la nomination d\u2019un Ambassadeur Extraordinaire et Pl\u00e9nipotentiaire du Royaume des Pays-Bas aupr\u00e8s du Burkina Faso.<br \/>Le Conseil a marqu\u00e9 son accord pour la nomination d\u2019un Ambassadeur Extraordinaire et Pl\u00e9nipotentiaire du Royaume des Pays-Bas aupr\u00e8s du Burkina Faso avec r\u00e9sidence \u00e0 Ouagadougou.<\/p>\n<p>I.3. AU TITRE DU MINISTERE<br \/>DE L\u2019ECONOMIE, DES FINANCES<br \/>ET DU DEVELOPPEMENT<br \/>Le Conseil a adopt\u00e9 un d\u00e9cret portant \u00e9rection du Laboratoire national de sant\u00e9 publique en Agence nationale pour la s\u00e9curit\u00e9 sanitaire de l\u2019environnement, de l\u2019alimentation, du travail et des produits de sant\u00e9.<br \/>L\u2019adoption de ce d\u00e9cret permet \u00e0 notre pays de se doter d\u2019une structure de r\u00e9f\u00e9rence pour les contr\u00f4les de qualit\u00e9 et de se conformer aux r\u00e9f\u00e9rentiels internationaux notamment les recommandations de l\u2019Organisation mondiale de la sant\u00e9 (OMS).<\/p>\n<p>I.4. AU TITRE DU MINISTERE DE<br \/>L\u2019EDUCATION NATIONALE, DE<br \/>L\u2019ALPHABETISATION ET DE LA<br \/>PROMOTION DES LANGUES<br \/>NATIONALES.<br \/>Le Conseil a adopt\u00e9 deux (02) rapports.<br \/>Le premier rapport est relatif aux arri\u00e9r\u00e9s de paiement pour les ann\u00e9es scolaires 2019-2020 et 2020-2021 pour les \u00e9l\u00e8ves affect\u00e9s dans les \u00e9tablissements priv\u00e9s conventionn\u00e9s.<br \/>Pour rem\u00e9dier au d\u00e9ficit des capacit\u00e9s d\u2019accueil dans les \u00e9tablissements publics d\u2019enseignement, le minist\u00e8re de l\u2019Education nationale, de l\u2019alphab\u00e9tisation et de la promotion des langues nationales a sign\u00e9 des conventions d\u2019affectation d\u2019\u00e9l\u00e8ves avec les \u00e9tablissements priv\u00e9s, d\u00e9sign\u00e9s sous le terme d\u2019\u00e9tablissements priv\u00e9s conventionn\u00e9s.<br \/>A la date du 03 avril 2021, le montant total des arri\u00e9r\u00e9s de subvention s\u2019\u00e9l\u00e8ve \u00e0 11\u00a0757\u00a0261\u00a0200 FCFA, correspondant \u00e0 la prise en charge des frais de scolarit\u00e9 de 190\u00a0761 \u00e9l\u00e8ves.<br \/>Dans le cadre des efforts consentis pour le paiement des frais de scolarit\u00e9 de l\u2019ann\u00e9e en cours, le MENAPLN a inscrit dans le budget exercice 2021 un montant de 3\u00a0200\u00a0000\u00a0000 FCFA. En outre, \u00e0 la faveur d\u2019un r\u00e9am\u00e9nagement budg\u00e9taire, le MENAPLN a pu d\u00e9gager un montant cumul\u00e9 de 3\u00a0607\u00a0000\u00a0000 FCFA. En somme, pour un besoin de 11\u00a0757\u00a0261\u00a0200 FCFA, le MENAPLN dispose d\u2019un montant de 6\u00a0807\u00a0000\u00a0000 FCFA. Il se d\u00e9gage alors un d\u00e9ficit de 4\u00a0950\u00a0261\u00a0200 FCFA.<br \/>Le Conseil a instruit les ministres charg\u00e9s de l\u2019Education nationale et celui des Finances de prendre toutes les dispositions n\u00e9cessaires en vue de l\u2019apurement des arri\u00e9r\u00e9s des frais de scolarit\u00e9 et des subventions dus aux \u00e9tablissements conventionn\u00e9s et aux structures fa\u00eeti\u00e8res.<br \/>Le deuxi\u00e8me rapport est relatif \u00e0 la situation de la gestion des cantines scolaires, exercice 2020.<br \/>Pour l\u2019ann\u00e9e scolaire 2020-2021, dix-huit milliards huit cent quatre-vingt-deux millions huit cent quatre-vingt-neuf mille cent cinquante-deux (18\u00a0882\u00a0889\u00a0152) FCFA ont \u00e9t\u00e9 transf\u00e9r\u00e9s \u00e0 336 communes pour l\u2019acquisition de 40\u00a0093,92 tonnes de vivres.<br \/>A la date du 15 avril 2021, 33\u00a0675 tonnes ont \u00e9t\u00e9 acquises pour une valeur de dix-sept milliards cent trente-deux millions cinq cent un mille six cent quatre-vingt-seize (17\u00a0132\u00a0501\u00a0696) FCFA. Ainsi, il se d\u00e9gage un budget non consomm\u00e9 d\u2019un milliard sept cent cinquante millions trois cent quatre-vingt-sept mille quatre cent cinquante-six (1\u00a0750\u00a0387\u00a0456) FCFA.<br \/>Sur 336 communes b\u00e9n\u00e9ficiaires, 290 communes ont re\u00e7u des livraisons partielles ou totales de vivres et 46 communes sont toujours en attente de livraison.<br \/>Les difficult\u00e9s rencontr\u00e9es par les communes dans l\u2019acquisition des vivres sont notamment\u00a0li\u00e9es au manque d\u2019exp\u00e9rience, de professionnalisme et \u00e0 la d\u00e9faillance de certains fournisseurs.<br \/>Le Conseil a instruit les ministres charg\u00e9s du dossier de prendre les mesures n\u00e9cessaires pour\u00a0le rapatriement des ressources non consomm\u00e9es \u00e0 la date du 1er juin 2021 et pour l\u2019arr\u00eat au plus tard le 02 juin 2021 de l\u2019expertise des vivres.<\/p>\n<p>I.5. AU TITRE DU MINISTERE DE L\u2019ENSEIGNEMENT SUPERIEUR, DE LA RECHERCHE SCIENTIFIQUE ET DE L\u2019INNOVATION<br \/>Le Conseil a adopt\u00e9 deux (02) rapports.<br \/>Le premier rapport est relatif \u00e0 un d\u00e9cret portant cr\u00e9ation d\u2019emplois \u00e0 l\u2019Universit\u00e9 de Ouahigouya (UOHG).<br \/>L\u2019adoption de ce d\u00e9cret permet la cr\u00e9ation de sept (07) emplois de ma\u00eetre-assistant dont trois (03) emplois de ma\u00eetre-assistant hospitalo-universitaire.<br \/>Le deuxi\u00e8me rapport est relatif \u00e0 la tenue de la XIII\u00e8me \u00e9dition du Forum national de la recherche scientifique et des innovations technologiques (FRSIT).<br \/>Le Forum national de la recherche scientifique et des innovations technologiques se tiendra du 26 au 30 octobre 2021 \u00e0 Ouagadougou, sous le th\u00e8me\u00a0: \u00ab\u00a0La recherche scientifique et l\u2019innovation au service de l\u2019entreprenariat et l\u2019employabilit\u00e9 des jeunes dans la sous-r\u00e9gion Ouest-africaine\u00a0\u00bb.<br \/>Cette XIII\u00e8me \u00e9dition co\u00efncide avec les 25 ans du FRSIT et verra la participation de la communaut\u00e9 scientifique nationale et de la sous-r\u00e9gion.<\/p>\n<p>I.6. AU TITRE DU MINISTERE DE LA FEMME, DE LA SOLIDARITE NATIONALE, DE LA FAMILLE ET DE L\u2019ACTION HUMANITAIRE<br \/>Le Conseil a adopt\u00e9 un d\u00e9cret portant approbation des Statuts particuliers du Fonds d\u2019appui aux activit\u00e9s r\u00e9mun\u00e9ratrices des femmes (FAARF).<br \/>L\u2019adoption de ce d\u00e9cret permet au Fonds d\u2019appui aux activit\u00e9s r\u00e9mun\u00e9ratrices des femmes d\u2019accro\u00eetre ses capacit\u00e9s op\u00e9rationnelles et de se conformer au d\u00e9cret n\u00b02019-0184\/PRES\/PM\/MINEFID\/MFSNF du 07 mars 2019 portant modification du Kiti n\u00b0AN VIII-034\/FP\/MF du 13 septembre 1990.<\/p>\n<p>I.7. AU TITRE DU MINISTERE DE LA<br \/>JEUNESSE, DE LA PROMOTION DE<br \/>L\u2019ENTREPRENEURIAT ET DE<br \/>L\u2019EMPLOI<br \/>Le Conseil a adopt\u00e9 un d\u00e9cret portant organisation du minist\u00e8re de la Jeunesse, de la promotion de l\u2019entrepreneuriat et de l\u2019emploi.<br \/>L\u2019adoption de ce d\u00e9cret permet au minist\u00e8re en charge de la Jeunesse, de remplir efficacement ses missions conform\u00e9ment au d\u00e9cret n\u00b02021-0002\/PRES\/PM du 10 janvier 2021 portant composition du Gouvernement et au d\u00e9cret n\u00b02021-0023\/PRES\/PM\/SGG-CM du 1er f\u00e9vrier 2021 portant attributions des membres du Gouvernement.<\/p>\n<p>II. COMMUNICATIONS ORALES<\/p>\n<p>II.1. Le ministre de l\u2019E ducation nationale, de l\u2019alphab\u00e9tisation et de la promotion des langues nationales a inform\u00e9 le Conseil de la poursuite de l\u2019ach\u00e8vement de l\u2019ann\u00e9e scolaire 2020-2021. A la date du 29 mai 2021, sur 4 427 \u00e9tablissements d\u2019enseignement de notre pays, seuls 194 n\u2019avaient pas fait d\u2019\u00e9valuations finales, soit un taux de 95,61% des \u00e9tablissements ayant achev\u00e9 toutes les \u00e9valuations.<br \/>Le gouvernement f\u00e9licite le corps enseignant pour les r\u00e9sultats ainsi obtenus et encourage la communaut\u00e9 \u00e9ducative \u00e0 travailler pour le bon d\u00e9roulement des examens scolaires.<br \/>II.2. Le ministre de la Sant\u00e9 a inform\u00e9 le Conseil de la r\u00e9ception par le Burkina Faso, le 30 mai 2021, de 115\u00a0000 doses du vaccin AstraZeneca dans le cadre de l\u2019initiative internationale COVAX.<br \/>En lan\u00e7ant la campagne de vaccination le mercredi 02 juin 2021 \u00e0 Ouagadougou, le ministre a rappel\u00e9 que le vaccin est volontaire et concerne dans une premi\u00e8re phase le personnel de sant\u00e9, les personnes expos\u00e9es aux cas s\u00e9v\u00e8res du Coronavirus et les candidats au p\u00e8lerinage du Hadj \u00e9dition 2021.<br \/>Le Conseil a encourag\u00e9 le ministre de la Sant\u00e9 \u00e0 prendre les dispositions pour le bon d\u00e9roulement de la vaccination.<br \/>II.3. Le ministre de la Communication et des relations avec le Parlement a inform\u00e9 le Conseil de la cl\u00f4ture de la premi\u00e8re session ordinaire de l\u2019ann\u00e9e 2021 de l\u2019Assembl\u00e9e nationale qui s\u2019est d\u00e9roul\u00e9e du 03 mars au 28 mai.<br \/>Au cours de cette premi\u00e8re session, trente (30) projets de loi ont \u00e9t\u00e9 vot\u00e9s et le Premier ministre Monsieur Christophe Joseph Marie DABIRE a fait un expos\u00e9 sur la situation de la Nation le 20 mai 2021.<\/p>\n<p>III. NOMINATIONS<\/p>\n<p>III. NOMINATIONS DANS LES<br \/>FONCTIONS INDIVIDUELLES<br \/>AU TITRE DU MINISTERE DES<br \/>AFFAIRES ETRANGERES, DE LA<br \/>COOPERATION, DE L\u2019INTEGRATION AFRICAINE ET DES BURKINABE DE L\u2019EXTERIEUR<\/p>\n<p>Monsieur Jean Marie BAKOUAN, Mle 216\u00a0583 R, Conseiller des affaires \u00e9trang\u00e8res, 1\u00e8re classe, 2\u00e8me \u00e9chelon, est nomm\u00e9 Deuxi\u00e8me Conseiller pr\u00e8s l\u2019Ambassade du Burkina Faso \u00e0 Paris (France)\u00a0;<br \/>Monsieur Amadou Ardo DICKO, Mle 78\u00a0670 N, Conseiller en sciences et techniques de l\u2019information et de la communication, 1\u00e8re classe, 6\u00e8me \u00e9chelon, est nomm\u00e9 Attach\u00e9 de presse \u00e0 la Mission permanente du Burkina Faso aupr\u00e8s de l\u2019Union Africaine \u00e0 Addis Abeba (Ethiopie).<\/p>\n<p>AU TITRE DU MINISTERE DE LA FEMME, DE LA SOLIDARITE NATIONALE, DE LA FAMILLE ET DE L\u2019ACTION HUMANITAIRE<br \/>Monsieur Moussa OUATTARA, Mle 53\u00a0482 W, Administrateur des affaires sociales, 1\u00e8re classe, 7\u00e8me \u00e9chelon, est nomm\u00e9 Charg\u00e9 de missions\u00a0;<br \/>Monsieur Gu\u00e9taouind\u00e9 Livingstone SABA, Mle 220\u00a0405 N, Conseiller d\u2019\u00e9ducation f\u00e9minine, 1\u00e8re classe, 5\u00e8me \u00e9chelon est nomm\u00e9 Conseiller technique\u00a0;<br \/>Monsieur Issaka PAMTAM, Mle 53\u00a0487 R, Administrateur des affaires sociales, 1\u00e8re classe, 5\u00e8me \u00e9chelon est nomm\u00e9 Chef de D\u00e9partement de l\u2019assistance humanitaire et de la r\u00e9habilitation du Secr\u00e9tariat permanent du Conseil national de secours d\u2019urgence et de r\u00e9habilitation (SP\/CONASUR)\u00a0;<br \/>Monsieur Hamidou DIALLO, Mle 57\u00a0228 T, Administrateur des Affaires sociales, 1\u00e8re classe, 5\u00e8me \u00e9chelon, est nomm\u00e9 Chef de D\u00e9partement des \u00e9tudes et de la planification du SP\/CONASUR\u00a0;<br \/>Monsieur Boureima NACANABO, Mle 57\u00a0237 P, Administrateur des affaires sociales, 1\u00e8re classe, 6\u00e8me \u00e9chelon est nomm\u00e9 Directeur r\u00e9gional de la Femme, de la solidarit\u00e9 nationale, de la famille et de l\u2019action humanitaire du Sud-Ouest\u00a0;<br \/>Monsieur Jean-Paul OUEDRAOGO, Mle 109\u00a0118 S, Administrateur des affaires sociales, 1\u00e8re classe, 5\u00e8me \u00e9chelon, est nomm\u00e9 Directeur provincial de la Femme, de la solidarit\u00e9 nationale, de la famille et de l\u2019action humanitaire du Gourma\u00a0;<br \/>Monsieur Windkouni Benjamin OUEDRAOGO, Mle 205\u00a0354 S, Inspecteur d\u2019\u00e9ducation sp\u00e9cialis\u00e9e, 1\u00e8re classe, 2\u00e8me \u00e9chelon, est nomm\u00e9 Directeur provincial de la Femme, de la solidarit\u00e9 nationale, de la famille et de l\u2019action humanitaire du Kadiogo\u00a0;<br \/>Monsieur Pierre LOMPO, Mle 108\u00a0599 R, Administrateur des affaires sociales, 1\u00e8re classe, 4\u00e8me \u00e9chelon, est nomm\u00e9 Directeur provincial de la Femme, de la solidarit\u00e9 nationale, de la famille et de l\u2019action humanitaire de la Komondjari ;<br \/>Monsieur Alassane KAGONE, Mle 225\u00a0764 R, Inspecteur d\u2019\u00e9ducation sp\u00e9cialis\u00e9e, 1\u00e8re classe, 2\u00e8me \u00e9chelon, est nomm\u00e9 Directeur provincial de la Femme, de la solidarit\u00e9 nationale, de la famille et de l\u2019action humanitaire du Yatenga.<\/p>\n<p>AU TITRE DU MINISTERE DE<br \/>L\u2019AGRICULTURE, DES<br \/>AMENAGEMENTS HYDRO-<br \/>AGRICOLES ET DE LA<br \/>MECANISATION<br \/>Monsieur Sa\u00efdou OUEDRAOGO, Mle 245\u00a0752 F, Ma\u00eetre-assistant en sciences de gestion, cat\u00e9gorie P, 1\u00e8re classe, 3\u00e8me \u00e9chelon, est nomm\u00e9 Directeur g\u00e9n\u00e9ral de la Soci\u00e9t\u00e9 de d\u00e9veloppement int\u00e9gr\u00e9 du P\u00f4le de croissance de la Vall\u00e9e du Sourou (SOUROUPOLE_SEM)\u00a0;<br \/>Monsieur Boundia Alexandre THIOMBIANO, Mle 271\u00a0386 X, Enseignant chercheur (Ma\u00eetre-assistant), cat\u00e9gorie P, 1er \u00e9chelon, est nomm\u00e9 Directeur g\u00e9n\u00e9ral de la Soci\u00e9t\u00e9 d\u2019exploitation des phosphates du Burkina.<\/p>\n<p>AU TITRE DU MINISTERE DE L\u2019EAU ET DE L\u2019ASSAINISSEMENT<br \/>Monsieur Abdoulaye SEREME, Mle 52\u00a0131 K, Ma\u00eetre de recherche, cat\u00e9gorie P2, grade terminal, est nomm\u00e9 Conseiller technique\u00a0;<br \/>Monsieur Issouf ZIO, Mle 97\u00a0592 T, Conseiller de jeunesse et d\u2019\u00e9ducation permanente, 1\u00e8re classe, 5\u00e8me \u00e9chelon, est nomm\u00e9 Conseiller technique\u00a0;<br \/>Madame Se\u00efmata OUBIAN\/DERRA, Mle 212\u00a0652 H, Ing\u00e9nieur du g\u00e9nie rural, 1\u00e8re classe, 6\u00e8me \u00e9chelon, est nomm\u00e9e cumulativement Directrice g\u00e9n\u00e9rale des infrastructures hydrauliques et Responsable du \u00ab\u00a0Programme national des am\u00e9nagements hydrauliques\u00a0\u00bb\u00a0;<br \/>Monsieur Ibrahim YANOGO, Mle 003, Economiste-gestionnaire, 1\u00e8re classe, 6\u00e8me \u00e9chelon, est nomm\u00e9 Directeur g\u00e9n\u00e9ral de l\u2019Agence d\u2019ex\u00e9cution des travaux eau et \u00e9quipement rural (AGETEER)\u00a0;<br \/>Madame Dj\u00e9n\u00e9ba SANON\/DRABO, Mle 55\u00a0895 A, Conseiller en gestion des ressources humaines, 1\u00e8re classe, 9\u00e8me \u00e9chelon, est nomm\u00e9e Directrice des ressources humaines\u00a0;<br \/>Madame Dj\u00e9lika Somborigna DRABO, Mle 244\u00a0966 G, Conseiller en sciences et techniques de l\u2019information et de la communication, 1\u00e8re classe, 3\u00e8me \u00e9chelon, est nomm\u00e9e Directrice de la communication et de la presse minist\u00e9rielle.<\/p>\n<p>AU TITRE DU MINISTERE DES<br \/>INFRASTRUCTURES ET DU<br \/>DESENCLAVEMENT<br \/>Madame K\u00e2 Josseline Sonia KABORE\/OUEDRAOGO, Mle 205\u00a0537 E, Ing\u00e9nieur en g\u00e9nie civil, 1\u00e8re classe, 5\u00e8me \u00e9chelon, est nomm\u00e9e Directrice g\u00e9n\u00e9rale des travaux routiers urbains ;<br \/>Monsieur Emmanuel BEMBAMBA, Mle 101\u00a0777 D, Ing\u00e9nieur en g\u00e9nie civil, 1\u00e8re classe, 6\u00e8me \u00e9chelon, est nomm\u00e9 Directeur g\u00e9n\u00e9ral des pistes rurales\u00a0;<br \/>Monsieur Issouf 1er Jumeau ZOUNGRANA, Mle 101\u00a0781 N, Ing\u00e9nieur en g\u00e9nie civil, 1\u00e8re classe, 7\u00e8me \u00e9chelon, est nomm\u00e9 Directeur des travaux d\u2019entretien\u00a0;<br \/>Monsieur Sanoussa BELEM, Mle 101\u00a0786 S, Ing\u00e9nieur en g\u00e9nie civil, 1\u00e8re classe, 3\u00e8me \u00e9chelon, est nomm\u00e9 Directeur de la surveillance du r\u00e9seau et des travaux en r\u00e9gie\u00a0;<br \/>Monsieur Seydou TRAORE, Mle 92\u00a0736 X, Ing\u00e9nieur en g\u00e9nie civil, 1\u00e8re classe, 4\u00e8me \u00e9chelon, est nomm\u00e9 Directeur r\u00e9gional des Infrastructures et du d\u00e9senclavement de la Boucle du Mouhoun\u00a0;<br \/>Monsieur Karim SAWADOGO, Mle 98\u00a0227 J, Ing\u00e9nieur de conception en g\u00e9nie civil, 1\u00e8re classe, 1er \u00e9chelon, est nomm\u00e9 Directeur r\u00e9gional des Infrastructures et du d\u00e9senclavement des Cascades\u00a0;<br \/>Monsieur Hamidou OUEDRAOGO, Mle 110\u00a0002 N, Ing\u00e9nieur en g\u00e9nie civil, 1\u00e8re classe, 3\u00e8me \u00e9chelon, est nomm\u00e9 Directeur r\u00e9gional des Infrastructures et du d\u00e9senclavement du Centre-Nord\u00a0;<br \/>Monsieur Kalby Dominique ZONGO, Mle 205\u00a0529 J, Ing\u00e9nieur de conception en g\u00e9nie civil, 1\u00e8re classe, 3\u00e8me \u00e9chelon, est nomm\u00e9 Directeur r\u00e9gional des Infrastructures et du d\u00e9senclavement du Nord\u00a0;<br \/>Monsieur Ousmane Andr\u00e9 OUEDRAOGO, Mle 92\u00a0724 S, Ing\u00e9nieur de conception en g\u00e9nie civil, 1\u00e8re classe, 3\u00e8me \u00e9chelon, est nomm\u00e9 Directeur r\u00e9gional des Infrastructures et du d\u00e9senclavement du Sahel.<\/p>\n<p>AU TITRE DU MINISTERE DE LA CULTURE, DES ARTS ET DU TOURISME<br \/>Monsieur Abdoulaye DIONI, Mle 216\u00a0780 F, Administrateur des services touristiques, 1\u00e8re classe, 6\u00e8me \u00e9chelon, est nomm\u00e9 Directeur g\u00e9n\u00e9ral du Tourisme\u00a0;<br \/>Madame T\u00e9nin KINDO\/OUEDRAOGO, Mle 244\u00a0938 C, Juriste, 1\u00e8re classe, 6\u00e8me \u00e9chelon, est nomm\u00e9e Directrice du d\u00e9veloppement institutionnel et de l\u2019innovation\u00a0;<br \/>Madame Talata Marcelline KABORE, Mle 200\u00a0483 Z, Administrateur des services touristiques, 1\u00e8re classe, 6\u00e8me \u00e9chelon, est nomm\u00e9e Directrice r\u00e9gionale de la Culture, des arts et du tourisme de l\u2019Est\u00a0;<br \/>Monsieur Pingr\u00e9b\u00e9wind\u00e9 Togonoma Fran\u00e7ois OUEDRAOGO, Mle 114\u00a0644 F, Instituteur principal, 1\u00e8re classe, 5\u00e8me \u00e9chelon, est nomm\u00e9 Directeur provincial de la Culture, des arts et du tourisme du Bam\u00a0;<br \/>Monsieur Jean LOMPO, Mle 37\u00a0831 M, Instituteur certifi\u00e9, 1\u00e8re classe, 10\u00e8me \u00e9chelon, est nomm\u00e9 Directeur provincial de la Culture, des arts et du tourisme du Gourma\u00a0;<br \/>Monsieur Ouss\u00e9ni de Adama OUEDRAOGO, Mle 37\u00a0909 E, Conseiller d\u2019\u00e9ducation, 1\u00e8re classe, 4\u00e8me \u00e9chelon, est nomm\u00e9 Directeur provincial de la Culture, des arts et du tourisme du Sanmatenga\u00a0;<br \/>Monsieur Bounjoa Micka\u00ebl LOMPO, Mle 216\u00a0682 L, Conseiller en gestion du patrimoine culturel, 1\u00e8re classe, 3\u00e8me \u00e9chelon, est nomm\u00e9 Directeur des arts plastiques\u00a0;<br \/>Monsieur Gountanini BOUDIDANO, Mle 88\u00a0157 U, Conseiller d\u2019administration scolaire et universitaire, 1\u00e8re classe, 3\u00e8me \u00e9chelon, est nomm\u00e9 Directeur de l\u2019administration des finances du Mus\u00e9e national\u00a0;<br \/>Monsieur Issouf KONE, Mle 280\u00a0009 N, Conseiller d\u2019administration scolaire et universitaire, 1\u00e8re classe, 2\u00e8me \u00e9chelon, est nomm\u00e9 Directeur de l\u2019administration des finances de la Direction g\u00e9n\u00e9rale de l\u2019Institut du son et de l\u2019image Studio-\u00e9cole\u00a0;<br \/>Monsieur Souma\u00efla MARE, Mle 238\u00a0119 Y, Administrateur des services touristiques, 1\u00e8re classe, 4\u00e8me \u00e9chelon, est nomm\u00e9 Directeur de l\u2019am\u00e9nagement touristique\u00a0;<br \/>Madame Mariam ZOUGMORE\/TAPSOBA, Mle 245\u00a0143 V, Inspecteur des imp\u00f4ts, 1\u00e8re classe, 4\u00e8me \u00e9chelon, est nomm\u00e9 Personne responsable des march\u00e9s du FESPACO.<\/p>\n<p><strong>Le Ministre de la Communication et<\/strong><br \/><strong>des Relations avec le Parlement,<\/strong><br \/><strong>Porte-parole du gouvernement<\/strong><\/p>\n<p class=\"c1\"><strong>Ouss\u00e9ni TAMBOURA<\/strong><br \/><strong>Officier de l\u2019Ordre de l\u2019Etalon<\/strong><\/p>\n<div class=\"td-a-rec td-a-rec-id-content_bottom tdi_33_dbd td_block_template_1\">\n<p><img loading=\"lazy\" decoding=\"async\" class=\"aligncenter size-full wp-image-27454\" src=\"https:\/\/www.sidwaya.info\/wp-content\/uploads\/2020\/10\/PUB-Bandeau-paiement-mobile-siteweb.jpg\" alt=\"\" width=\"728\" height=\"90\"\/><\/div>\n<p>Auteur: BM. Sidwaya<br \/>\n<a href=\"https:\/\/www.sidwaya.info\/blog\/2021\/06\/02\/conseil-des-ministres-du-mercredi-02-juin-2021\/\">Cliquez ici pour lire l&rsquo;article depuis sa source.<\/a><\/p>\n","protected":false},"excerpt":{"rendered":"<p>Le Conseil des ministres s\u2019est tenu \u00e0 Ouagadougou, le mercredi 02 juin 2021, en s\u00e9ance ordinaire, de 09 H 00 mn \u00e0 14 H 30 mn, sous la pr\u00e9sidence de Son Excellence Monsieur Roch Marc Christian KABORE, Pr\u00e9sident du Faso, Pr\u00e9sident du Conseil des ministres. Il a d\u00e9lib\u00e9r\u00e9 sur les dossiers inscrits \u00e0 son ordre [&hellip;]<\/p>\n","protected":false},"author":1816,"featured_media":0,"comment_status":"closed","ping_status":"closed","sticky":false,"template":"","format":"standard","meta":{"fifu_image_url":"https:\/\/www.sidwaya.info\/wp-content\/uploads\/2021\/05\/armoirie-2.png","fifu_image_alt":"Conseil des ministres du mercredi 02 juin 2021","footnotes":""},"categories":[73,81],"tags":[],"class_list":["post-117904","post","type-post","status-publish","format-standard","hentry","category-actualite","category-burkina-faso"],"_links":{"self":[{"href":"https:\/\/linitiative.ca\/International\/wp-json\/wp\/v2\/posts\/117904","targetHints":{"allow":["GET"]}}],"collection":[{"href":"https:\/\/linitiative.ca\/International\/wp-json\/wp\/v2\/posts"}],"about":[{"href":"https:\/\/linitiative.ca\/International\/wp-json\/wp\/v2\/types\/post"}],"author":[{"embeddable":true,"href":"https:\/\/linitiative.ca\/International\/wp-json\/wp\/v2\/users\/1816"}],"replies":[{"embeddable":true,"href":"https:\/\/linitiative.ca\/International\/wp-json\/wp\/v2\/comments?post=117904"}],"version-history":[{"count":0,"href":"https:\/\/linitiative.ca\/International\/wp-json\/wp\/v2\/posts\/117904\/revisions"}],"wp:attachment":[{"href":"https:\/\/linitiative.ca\/International\/wp-json\/wp\/v2\/media?parent=117904"}],"wp:term":[{"taxonomy":"category","embeddable":true,"href":"https:\/\/linitiative.ca\/International\/wp-json\/wp\/v2\/categories?post=117904"},{"taxonomy":"post_tag","embeddable":true,"href":"https:\/\/linitiative.ca\/International\/wp-json\/wp\/v2\/tags?post=117904"}],"curies":[{"name":"wp","href":"https:\/\/api.w.org\/{rel}","templated":true}]}}