{"id":117906,"date":"2021-06-02T17:27:44","date_gmt":"2021-06-02T21:27:44","guid":{"rendered":"https:\/\/linitiative.ca\/International\/cooperation-bilaterale-12-accords-pour-dynamiser-laxe-ouaga-bissau\/"},"modified":"2021-06-02T17:27:44","modified_gmt":"2021-06-02T21:27:44","slug":"cooperation-bilaterale-12-accords-pour-dynamiser-laxe-ouaga-bissau","status":"publish","type":"post","link":"https:\/\/linitiative.ca\/International\/cooperation-bilaterale-12-accords-pour-dynamiser-laxe-ouaga-bissau\/","title":{"rendered":"Coop\u00e9ration bilat\u00e9rale : 12 accords pour dynamiser l\u2019axe Ouaga-Bissau"},"content":{"rendered":"<div class=\"td-post-featured-image\"><a href=\"https:\/\/www.sidwaya.info\/wp-content\/uploads\/2021\/06\/1-3.jpg\" data-caption=\"\"><img loading=\"lazy\" decoding=\"async\" width=\"595\" height=\"484\" class=\"entry-thumb td-modal-image\" src=\"https:\/\/www.sidwaya.info\/wp-content\/uploads\/2021\/06\/1-3.jpg\" srcset=\"https:\/\/www.sidwaya.info\/wp-content\/uploads\/2021\/06\/1-3.jpg 595w, https:\/\/www.sidwaya.info\/wp-content\/uploads\/2021\/06\/1-3-300x244.jpg 300w, https:\/\/www.sidwaya.info\/wp-content\/uploads\/2021\/06\/1-3-150x122.jpg 150w, https:\/\/www.sidwaya.info\/wp-content\/uploads\/2021\/06\/1-3-516x420.jpg 516w\" sizes=\"auto, (max-width: 595px) 100vw, 595px\" alt=\"\" title=\"1\"\/><\/a><\/div>\n<p><strong>Les travaux de la premi\u00e8re commission mixte de coop\u00e9ration entre le Burkina Faso et la Guin\u00e9e-Bissau se sont achev\u00e9s, le mercredi 2 juin 2021 \u00e0 Bissau. Douze accords de coop\u00e9ration ont \u00e9t\u00e9 sign\u00e9s entre les deux pays dans plusieurs secteurs d\u2019activit\u00e9s.<\/strong><\/p>\n<p>Apr\u00e8s deux jours \u00ab d\u2019intenses travaux \u00bb, les 31 mai et 1er juin 2021, la premi\u00e8re commission mixte de coop\u00e9ration entre le Burkina Faso et la Guin\u00e9e-Bissau a accouch\u00e9 de douze accords. Ils ont \u00e9t\u00e9 sign\u00e9s, le mercredi 2 juin 2021 \u00e0 Bissau, par le ministre d\u2019Etat, ministre des Affaires \u00e9trang\u00e8res, de la Coop\u00e9ration, de l\u2019Int\u00e9gration africaine et des Burkinab\u00e8 de l\u2019ext\u00e9rieur, Alpha Barry et son homologue bissau-guin\u00e9enne, Suzi Carla Barbosa. D\u00e9sormais donc, le cadre juridique de la coop\u00e9ration entre les deux pays a \u00e9t\u00e9 renforc\u00e9 par la signature de ces 12 accords dans les domaines diplomatique, du transport a\u00e9rien, de l\u2019\u00e9nergie, des mines et carri\u00e8res, de la culture, des arts et du tourisme, de l\u2019\u00e9ducation, du commerce, de l\u2019agriculture, de l\u2019eau et de l\u2019assainissement, des ressources animales et halieutiques, des sports et des loisirs. De m\u00eame, un projet d\u2019accord de coop\u00e9ration entre les deux Chambres de commerce a \u00e9t\u00e9 \u00e9galement examin\u00e9 et finalis\u00e9, mais doit faire l\u2019objet de signature ult\u00e9rieure par les pr\u00e9sidents des Chambres de commerce des deux pays. Par ailleurs, deux projets d\u2019accords respectivement dans le domaine de la d\u00e9fense et de la s\u00e9curit\u00e9, feront l\u2019objet d\u2019\u00e9changes, afin de les finaliser et de proc\u00e9der \u00e0 leur signature \u00ab dans les meilleurs d\u00e9lais \u00bb.<\/p>\n<p>Au titre du contenu des accords, le communiqu\u00e9 de presse sanctionnant les travaux pr\u00e9cise que concernant le domaine du transport a\u00e9rien, les parties ont nou\u00e9 un partenariat sur le plan a\u00e9ronautique. \u00ab Cet instrument constitue une base juridique permettant aux entreprises de transport a\u00e9rien des deux parties contractantes de pouvoir exploiter des services de transport de passagers et de fret entre la Guin\u00e9e-Bissau et le Burkina Faso \u00bb, note-t-il. En mati\u00e8re d\u2019\u00e9changes commerciaux, les parties ont relev\u00e9 le faible niveau dans ce secteur et convenu de travailler pour le renforcement de leur coop\u00e9ration industrielle et commerciale qui devra se traduire par des actions op\u00e9rationnelles. En ce qui concerne le secteur des mines, deux accords de coop\u00e9ration ont \u00e9t\u00e9 sign\u00e9s, au regard du fait que le Burkina Faso d\u00e9tient une \u00ab solide exp\u00e9rience \u00bb en mati\u00e8re d\u2019\u00e9nergie, d\u2019exploitation mini\u00e8re, des textes l\u00e9gislatifs et r\u00e9glementaires ainsi que des institutions de formation en \u00e9nergie, mines et carri\u00e8res.<\/p>\n<p><strong>Une vision commune des deux chefs d\u2019Etat<\/strong><\/p>\n<p>Dans les secteurs de l\u2019Eau et de l\u2019assainissement, ils ont proc\u00e9d\u00e9 \u00e0 l\u2019identification des axes de coop\u00e9ration qui se r\u00e9sumeraient \u00e0 l\u2019approvisionnement en eau potable en milieux urbain et rural, la connaissance des ressources en eau, la construction et la r\u00e9habilitation des infrastructures hydrauliques, la Gestion int\u00e9gr\u00e9e des ressources en eau (GIRE) et le suivi et gestion des r\u00e9seaux de mesure pi\u00e9zom\u00e9trique (eaux souterraines) et hydrom\u00e9trique (eaux superficielles). A cela, s\u2019ajoutent l\u2019inventaire, la cartographie et le cadastre des ressources en eau, le changement climatique, la gestion et la valorisation des d\u00e9chets (solides et liquides), la capitalisation des bases de donn\u00e9es en hydraulique et en assainissement, le traitement des eaux us\u00e9es et excr\u00e9ta, la formation des cadres bissau-guin\u00e9ens dans les domaines sp\u00e9cifiques des ressources en eau (hydrologie, hydrog\u00e9ologie, hydraulique, g\u00e9ophysique), le renforcement des capacit\u00e9s techniques, administratives et organisationnelles des professionnels du domaine de l\u2019eau et de l\u2019assainissement \u00e0 travers les voyages d\u2019\u00e9tudes et d\u2019\u00e9changes d\u2019exp\u00e9riences.<\/p>\n<p>Pour la ministre d\u2019Etat, des Affaires \u00e9trang\u00e8res, de la Coop\u00e9ration internationale et des Communaut\u00e9s, Suzi Carla Barbosa, ces travaux c\u00e9l\u00e8brent l\u2019amiti\u00e9 \u00ab sinc\u00e8re et ind\u00e9fectible \u00bb ainsi que la qualit\u00e9 grandissante des relations de coop\u00e9ration entre les deux pays. Il s\u2019agit l\u00e0, a-t-elle poursuivi, d\u2019un choix d\u2019\u00e9changes d\u2019exp\u00e9riences et de recherche conjointe aux diff\u00e9rents probl\u00e8mes auxquels font face les deux pays. Suzi Carla Barbosa a donc salu\u00e9 les compromis trouv\u00e9s \u00e0 travers l\u2019accord cadre et les diff\u00e9rents accords, afin de traduire en actes concrets la volont\u00e9 politique des pr\u00e9sidents Roch Marc Christian Kabor\u00e9 et Umaro Sissoco Embalo en vue du raffermissement d\u2019un partenariat d\u00e9j\u00e0 fructueux.<\/p>\n<p>\u00ab Nous ne m\u00e9nagerons aucun effort \u00e0 mobiliser les moyens financiers et techniques \u00e0 la promotion d\u2019un cadre propice \u00e0 l\u2019am\u00e9lioration des indicateurs de d\u00e9veloppement des deux parties \u00bb, a-t-elle promis. Pour sa part, le ministre en charge des affaires \u00e9trang\u00e8res burkinab\u00e8, Alpha Barry s\u2019est r\u00e9joui de l\u2019esprit de cordialit\u00e9, de franchise et de courtoisie qui a caract\u00e9ris\u00e9 les \u00e9changes, refl\u00e9tant ainsi la qualit\u00e9 de la coop\u00e9ration entre les deux pays et leurs dirigeants et traduisant la vision commune de Roch et Embalo de dynamiser l\u2019axe Ouaga-Bissau et d\u2019en faire un mod\u00e8le de coop\u00e9ration Sud-Sud r\u00e9ussi. \u00ab Je tire une l\u00e9gitime satisfaction des conclusions qui permettent de jeter une base solide de notre coop\u00e9ration \u00bb, a-t-il laiss\u00e9 entendre. Avant de promettre un suivi \u00ab rigoureux \u00bb de la mise en \u0153uvre de ces accords, \u00e9tant donn\u00e9 que la volont\u00e9 politique y est d\u00e9j\u00e0.<\/p>\n<p class=\"c1\"><strong>Jean-Marie TOE<\/strong><\/p>\n<div class=\"td-a-rec td-a-rec-id-content_bottom tdi_33_1a1 td_block_template_1\">\n<p><img loading=\"lazy\" decoding=\"async\" class=\"aligncenter size-full wp-image-27454\" src=\"https:\/\/www.sidwaya.info\/wp-content\/uploads\/2020\/10\/PUB-Bandeau-paiement-mobile-siteweb.jpg\" alt=\"\" width=\"728\" height=\"90\"\/><\/div>\n<p>Auteur: BM. Sidwaya<br \/>\n<a href=\"https:\/\/www.sidwaya.info\/blog\/2021\/06\/02\/cooperation-bilaterale-12-accords-pour-dynamiser-laxe-ouaga-bissau\/\">Cliquez ici pour lire l&rsquo;article depuis sa source.<\/a><\/p>\n","protected":false},"excerpt":{"rendered":"<p>Les travaux de la premi\u00e8re commission mixte de coop\u00e9ration entre le Burkina Faso et la Guin\u00e9e-Bissau se sont achev\u00e9s, le mercredi 2 juin 2021 \u00e0 Bissau. Douze accords de coop\u00e9ration ont \u00e9t\u00e9 sign\u00e9s entre les deux pays dans plusieurs secteurs d\u2019activit\u00e9s. Apr\u00e8s deux jours \u00ab d\u2019intenses travaux \u00bb, les 31 mai et 1er juin 2021, [&hellip;]<\/p>\n","protected":false},"author":1816,"featured_media":0,"comment_status":"closed","ping_status":"closed","sticky":false,"template":"","format":"standard","meta":{"fifu_image_url":"https:\/\/www.sidwaya.info\/wp-content\/uploads\/2021\/06\/1-3.jpg","fifu_image_alt":"Coop\u00e9ration bilat\u00e9rale : 12 accords pour dynamiser l\u2019axe Ouaga-Bissau","footnotes":""},"categories":[73,81],"tags":[],"class_list":["post-117906","post","type-post","status-publish","format-standard","hentry","category-actualite","category-burkina-faso"],"_links":{"self":[{"href":"https:\/\/linitiative.ca\/International\/wp-json\/wp\/v2\/posts\/117906","targetHints":{"allow":["GET"]}}],"collection":[{"href":"https:\/\/linitiative.ca\/International\/wp-json\/wp\/v2\/posts"}],"about":[{"href":"https:\/\/linitiative.ca\/International\/wp-json\/wp\/v2\/types\/post"}],"author":[{"embeddable":true,"href":"https:\/\/linitiative.ca\/International\/wp-json\/wp\/v2\/users\/1816"}],"replies":[{"embeddable":true,"href":"https:\/\/linitiative.ca\/International\/wp-json\/wp\/v2\/comments?post=117906"}],"version-history":[{"count":0,"href":"https:\/\/linitiative.ca\/International\/wp-json\/wp\/v2\/posts\/117906\/revisions"}],"wp:attachment":[{"href":"https:\/\/linitiative.ca\/International\/wp-json\/wp\/v2\/media?parent=117906"}],"wp:term":[{"taxonomy":"category","embeddable":true,"href":"https:\/\/linitiative.ca\/International\/wp-json\/wp\/v2\/categories?post=117906"},{"taxonomy":"post_tag","embeddable":true,"href":"https:\/\/linitiative.ca\/International\/wp-json\/wp\/v2\/tags?post=117906"}],"curies":[{"name":"wp","href":"https:\/\/api.w.org\/{rel}","templated":true}]}}