{"id":117908,"date":"2021-06-02T12:18:02","date_gmt":"2021-06-02T16:18:02","guid":{"rendered":"https:\/\/linitiative.ca\/International\/mali-diagnostic-des-problematiques-des-droits-de-lhomme\/"},"modified":"2021-06-02T12:18:02","modified_gmt":"2021-06-02T16:18:02","slug":"mali-diagnostic-des-problematiques-des-droits-de-lhomme","status":"publish","type":"post","link":"https:\/\/linitiative.ca\/International\/mali-diagnostic-des-problematiques-des-droits-de-lhomme\/","title":{"rendered":"Mali : diagnostic des probl\u00e9matiques des droits de l\u2019homme"},"content":{"rendered":"<div readability=\"32\">\n<p>Publi\u00e9 le 02.06.2021 \u00e0 17h18 par APA News<\/p>\n<\/div>\n<div readability=\"67\">\n<p>Ces consultations visaient \u00e0 r\u00e9aliser un diagnostic et une analyse approfondis des probl\u00e9matiques des droits de l\u2019homme au Mali.Il s\u2019agissait d\u2019examiner les progr\u00e8s accomplis, d\u2019identifier les d\u00e9fis \u00e0 relever ainsi que les opportunit\u00e9s pour une meilleure promotion et protection des droits de l\u2019homme.<\/p>\n<p>La Mission multidimensionnelle int\u00e9gr\u00e9e des Nations unies pour la stabilisation au Mali (Minusma) explique que ces assises, tenues en mai dernier, voulaient \u00e9galement am\u00e9liorer la collaboration avec les partenaires dans le cadre d\u2019un dialogue critique afin de consolider les strat\u00e9gies de pr\u00e9vention et de r\u00e9ponse avec une orientation bas\u00e9e sur la protection des civils.<\/p>\n<p>\u00ab Les consultations ont \u00e9t\u00e9 rythm\u00e9es par des s\u00e9ances de travails de groupes, d\u2019interventions et d\u2019interactions avec le leadership de la Minusma notamment l\u2019intervention en ligne depuis Bamako de Joanne Adamson, la Repr\u00e9sentante sp\u00e9ciale adjointe du Secr\u00e9taire g\u00e9n\u00e9ral charg\u00e9e des affaires politiques \u00bb, rapporte la Minusma dans un communiqu\u00e9.<\/p>\n<p>Elle souligne que Mme Adamson a tenu une s\u00e9ance interactive avec les participants o\u00f9 elle a soulign\u00e9 la vision de la Mission, ax\u00e9e sur la pr\u00e9vention, l\u2019action et l\u2019impact, ainsi que sur la centralit\u00e9 des droits de l\u2019homme dans toutes ses op\u00e9rations, en particulier durant la p\u00e9riode de transition politique.<\/p>\n<p>Ces consultations ont permis de r\u00e9affirmer la n\u00e9cessit\u00e9 de coordonner les efforts entre toutes les parties concern\u00e9es. Ceci, afin d\u2019optimiser l\u2019utilisation des ressources, en vue d\u2019apporter une r\u00e9ponse coordonn\u00e9e dont la finalit\u00e9 est d\u2019avoir un meilleur impact. Prevention ; action et r\u00e9ponse ; suivi et impact resteront les mots cl\u00e9s de cette rencontre.<\/p>\n<\/div>\n<p>Auteur: APA News<br \/>\n<a href=\"https:\/\/www.journalducameroun.com\/mali-diagnostic-des-problematiques-des-droits-de-lhomme\/\">Cliquez ici pour lire l&rsquo;article depuis sa source.<\/a><\/p>\n","protected":false},"excerpt":{"rendered":"<p>Publi\u00e9 le 02.06.2021 \u00e0 17h18 par APA News Ces consultations visaient \u00e0 r\u00e9aliser un diagnostic et une analyse approfondis des probl\u00e9matiques des droits de l\u2019homme au Mali.Il s\u2019agissait d\u2019examiner les progr\u00e8s accomplis, d\u2019identifier les d\u00e9fis \u00e0 relever ainsi que les opportunit\u00e9s pour une meilleure promotion et protection des droits de l\u2019homme. La Mission multidimensionnelle int\u00e9gr\u00e9e [&hellip;]<\/p>\n","protected":false},"author":1965,"featured_media":0,"comment_status":"closed","ping_status":"closed","sticky":false,"template":"","format":"standard","meta":{"fifu_image_url":"","fifu_image_alt":"","footnotes":""},"categories":[73,82],"tags":[],"class_list":["post-117908","post","type-post","status-publish","format-standard","hentry","category-actualite","category-cameroun"],"_links":{"self":[{"href":"https:\/\/linitiative.ca\/International\/wp-json\/wp\/v2\/posts\/117908","targetHints":{"allow":["GET"]}}],"collection":[{"href":"https:\/\/linitiative.ca\/International\/wp-json\/wp\/v2\/posts"}],"about":[{"href":"https:\/\/linitiative.ca\/International\/wp-json\/wp\/v2\/types\/post"}],"author":[{"embeddable":true,"href":"https:\/\/linitiative.ca\/International\/wp-json\/wp\/v2\/users\/1965"}],"replies":[{"embeddable":true,"href":"https:\/\/linitiative.ca\/International\/wp-json\/wp\/v2\/comments?post=117908"}],"version-history":[{"count":0,"href":"https:\/\/linitiative.ca\/International\/wp-json\/wp\/v2\/posts\/117908\/revisions"}],"wp:attachment":[{"href":"https:\/\/linitiative.ca\/International\/wp-json\/wp\/v2\/media?parent=117908"}],"wp:term":[{"taxonomy":"category","embeddable":true,"href":"https:\/\/linitiative.ca\/International\/wp-json\/wp\/v2\/categories?post=117908"},{"taxonomy":"post_tag","embeddable":true,"href":"https:\/\/linitiative.ca\/International\/wp-json\/wp\/v2\/tags?post=117908"}],"curies":[{"name":"wp","href":"https:\/\/api.w.org\/{rel}","templated":true}]}}