{"id":117909,"date":"2021-06-02T13:18:02","date_gmt":"2021-06-02T17:18:02","guid":{"rendered":"https:\/\/linitiative.ca\/International\/lambassade-du-niger-a-abidjan-dement-une-nouvelle-video-virale-visant-ses-ressortissants\/"},"modified":"2021-06-02T13:18:02","modified_gmt":"2021-06-02T17:18:02","slug":"lambassade-du-niger-a-abidjan-dement-une-nouvelle-video-virale-visant-ses-ressortissants","status":"publish","type":"post","link":"https:\/\/linitiative.ca\/International\/lambassade-du-niger-a-abidjan-dement-une-nouvelle-video-virale-visant-ses-ressortissants\/","title":{"rendered":"L\u2019ambassade du Niger \u00e0 Abidjan d\u00e9ment une nouvelle vid\u00e9o virale visant ses ressortissants"},"content":{"rendered":"<div readability=\"32\">\n<p>Publi\u00e9 le 02.06.2021 \u00e0 18h18 par APA News<\/p>\n<\/div>\n<div readability=\"75\">\n<p>L\u2019ambassade du Niger en C\u00f4te d\u2019Ivoire d\u00e9ment une nouvelle vid\u00e9o circulant sur les r\u00e9seaux sociaux, attribuant \u00e0 ses ressortissants une \u00absc\u00e8ne horrible d\u2019ex\u00e9cution \u00bb de personnes qui seraient des migrants maliens, guin\u00e9ens et ivoiriens, dans un communiqu\u00e9.<\/p>\n<p>\u00ab L\u2019ambassade de la R\u00e9publique du Niger en C\u00f4te d\u2019Ivoire tient \u00e0 apporter un d\u00e9menti formel sur les commentaires visant \u00e0 attribuer cette vid\u00e9o \u00e0 des personnes de nationalit\u00e9 nig\u00e9rienne \u00bb, indique le communiqu\u00e9. \u00a0\u00a0<\/p>\n<p>Dans ce communiqu\u00e9, l\u2019ambassadeur du Niger \u00e0 Abidjan, Moussa Aloua, a d\u00e9nonc\u00e9 \u00ab les auteurs de ces fausses informations qui mettent en danger la s\u00e9curit\u00e9 des ressortissants nig\u00e9riens vivant en C\u00f4te d\u2019Ivoire et leurs biens \u00bb. \u00a0<\/p>\n<p>Cette image, qui selon M. Aloua montre \u00ab une sc\u00e8ne horrible d\u2019ex\u00e9cution de personnes qui seraient des migrants maliens, guin\u00e9ens et ivoiriens, faussement attribu\u00e9e \u00e0 des Nig\u00e9riens \u00bb, intervient apr\u00e8s une vid\u00e9o ayant suscit\u00e9 des violences en mai sur des Nig\u00e9riens.\u00a0<\/p>\n<p>La repr\u00e9sentation diplomatique \u00ab voudrait rassurer les populations ivoiriennes que toutes les personnes \u00e9trang\u00e8res r\u00e9sidant ou de passage au Niger sont convenablement trait\u00e9es dans le respect des droits humains et des conventions r\u00e9gionales et internationales \u00bb, souligne le texte. \u00a0 \u00a0 \u00a0 \u00a0\u00a0<\/p>\n<p>Le chef de l\u2019Etat ivoirien, Alassane Ouattara, a \u00ab fermement condamn\u00e9 les incidents qui ont marqu\u00e9 la ville d\u2019Abidjan, le mercredi 19 mai 2021\u00bb \u00e0 la suite d\u2019une vid\u00e9o circulant sur les r\u00e9seaux sociaux, ayant entra\u00een\u00e9 des violences contre des Nig\u00e9riens qui ont fait un mort. \u00a0\u00a0<\/p>\n<p>Depuis quelques mois, la C\u00f4te d\u2019Ivoire fait face \u00e0 une flop\u00e9e de fake news (fausses informations) mettant parfois en mal la coh\u00e9sion sociale du pays.\u00a0<\/p>\n<\/div>\n<p>Auteur: APA News<br \/>\n<a href=\"https:\/\/www.journalducameroun.com\/lambassade-du-niger-a-abidjan-dement-une-nouvelle-video-virale-visant-ses-ressortissants\/\">Cliquez ici pour lire l&rsquo;article depuis sa source.<\/a><\/p>\n","protected":false},"excerpt":{"rendered":"<p>Publi\u00e9 le 02.06.2021 \u00e0 18h18 par APA News L\u2019ambassade du Niger en C\u00f4te d\u2019Ivoire d\u00e9ment une nouvelle vid\u00e9o circulant sur les r\u00e9seaux sociaux, attribuant \u00e0 ses ressortissants une \u00absc\u00e8ne horrible d\u2019ex\u00e9cution \u00bb de personnes qui seraient des migrants maliens, guin\u00e9ens et ivoiriens, dans un communiqu\u00e9. \u00ab L\u2019ambassade de la R\u00e9publique du Niger en C\u00f4te d\u2019Ivoire [&hellip;]<\/p>\n","protected":false},"author":1965,"featured_media":0,"comment_status":"closed","ping_status":"closed","sticky":false,"template":"","format":"standard","meta":{"fifu_image_url":"","fifu_image_alt":"","footnotes":""},"categories":[73,82],"tags":[],"class_list":["post-117909","post","type-post","status-publish","format-standard","hentry","category-actualite","category-cameroun"],"_links":{"self":[{"href":"https:\/\/linitiative.ca\/International\/wp-json\/wp\/v2\/posts\/117909","targetHints":{"allow":["GET"]}}],"collection":[{"href":"https:\/\/linitiative.ca\/International\/wp-json\/wp\/v2\/posts"}],"about":[{"href":"https:\/\/linitiative.ca\/International\/wp-json\/wp\/v2\/types\/post"}],"author":[{"embeddable":true,"href":"https:\/\/linitiative.ca\/International\/wp-json\/wp\/v2\/users\/1965"}],"replies":[{"embeddable":true,"href":"https:\/\/linitiative.ca\/International\/wp-json\/wp\/v2\/comments?post=117909"}],"version-history":[{"count":0,"href":"https:\/\/linitiative.ca\/International\/wp-json\/wp\/v2\/posts\/117909\/revisions"}],"wp:attachment":[{"href":"https:\/\/linitiative.ca\/International\/wp-json\/wp\/v2\/media?parent=117909"}],"wp:term":[{"taxonomy":"category","embeddable":true,"href":"https:\/\/linitiative.ca\/International\/wp-json\/wp\/v2\/categories?post=117909"},{"taxonomy":"post_tag","embeddable":true,"href":"https:\/\/linitiative.ca\/International\/wp-json\/wp\/v2\/tags?post=117909"}],"curies":[{"name":"wp","href":"https:\/\/api.w.org\/{rel}","templated":true}]}}