{"id":117910,"date":"2021-06-02T13:18:03","date_gmt":"2021-06-02T17:18:03","guid":{"rendered":"https:\/\/linitiative.ca\/International\/entrepreneuriat-bpifrance-lance-a-abidjan-inspire-connect-africa\/"},"modified":"2021-06-02T13:18:03","modified_gmt":"2021-06-02T17:18:03","slug":"entrepreneuriat-bpifrance-lance-a-abidjan-inspire-connect-africa","status":"publish","type":"post","link":"https:\/\/linitiative.ca\/International\/entrepreneuriat-bpifrance-lance-a-abidjan-inspire-connect-africa\/","title":{"rendered":"Entrepreneuriat: Bpifrance lance \u00e0 Abidjan \u00abInspire &amp; Connect Africa\u00bb"},"content":{"rendered":"<div readability=\"32\">\n<p>Publi\u00e9 le 02.06.2021 \u00e0 18h18 par APA News<\/p>\n<\/div>\n<div readability=\"156\">\n<p>La banque publique d\u2019investissement (Bpifrance) a lanc\u00e9 mercredi \u00e0 Abidjan \u00ab Inspire &amp; Connect Africa \u00bb, une trilogie visant \u00e0 renforcer les relations \u00e9conomiques entre l\u2019Afrique et la France, et favoriser des partenariats fructueux et durables entre entrepreneurs.<\/p>\n<p>L\u2019\u00e9v\u00e9nement, tenu \u00e0 l\u2019Institut fran\u00e7ais d\u2019Abidjan, a r\u00e9uni 500 participants (sur 1.000 inscrits) pour mettre en lumi\u00e8re et connecter la nouvelle g\u00e9n\u00e9ration d\u2019entrepreneurs, autour du th\u00e8me l\u2019audace d\u2019entreprendre \u00ab Inspire &amp; Connect Africa \u00bb.<\/p>\n<p>Il a \u00e9t\u00e9 lanc\u00e9 en pr\u00e9sence de M. Adama Coulibaly, ministre ivoirien de l\u2019Economie et des finances, et de M. Franck Riester, ministre d\u00e9l\u00e9gu\u00e9 aupr\u00e8s du ministre de l\u2019Europe et des Affaires \u00e9trang\u00e8res, charg\u00e9 du Commerce ext\u00e9rieur et de l\u2019Attractivit\u00e9 de la France.<\/p>\n<p>Selon M. Nicolas Dufourcq, le directeur g\u00e9n\u00e9ral de Bpifrance, Inspire &amp; Connect Africa se veut un acc\u00e9l\u00e9rateur qui va \u00ab permettre \u00e0 des individus, des femmes, des hommes de s\u2019accomplir et de r\u00e9aliser leur r\u00eave \u00bb. \u00a0<\/p>\n<p>La banque met \u00e0 disposition des consultants, des financements en cr\u00e9dits en se glissant dans \u00ab le d\u00e9sir de la libert\u00e9 de l\u2019entrepreneur \u00bb, a dit M. Nicolas Dufourcq, ajoutant \u00ab on souhaite que dans un monde incalculable de cas, des projets sortent, beaucoup plus qu\u2019on pourrait le penser \u00bb.<\/p>\n<p>Le ministre d\u00e9l\u00e9gu\u00e9 au Commerce ext\u00e9rieur et \u00e0 l\u2019attractivit\u00e9, Franck Riester, a fait savoir que \u00ab\u00a0la France veut absolument mobiliser beaucoup d\u2019\u00e9nergies pour refonder sa relation avec l\u2019Afrique en misant sur l\u2019\u00e9conomie, l\u2019\u00e9ducation, sur la jeunesse et sur une relation gagnant-gagnant\u00a0\u00bb.<\/p>\n<p>Pour am\u00e9liorer le climat des Affaires, il faut am\u00e9liorer la comp\u00e9titivit\u00e9, a-t-il soutenu, estimant que cet outil va permettre une \u00abacc\u00e9l\u00e9ration de la reprise \u00e9conomique en Afrique \u00bb mais aussi de la France qui veut se \u00ab d\u00e9ployer \u00e0 l\u2019international tout particuli\u00e8rement en Afrique \u00bb. \u00a0<\/p>\n<p>Il s\u2019agit de mettre du financement et de l\u2019accompagnement \u00e0 l\u2019accroissement des activit\u00e9s des chefs d\u2019entreprises africains, de \u00ab soutenir l\u2019augmentation des \u00e9changes, que ce soit des exportations de France de C\u00f4te d\u2019Ivoire vers la France, vers des partenariats plus nombreux, plus nourris pour b\u00e2tir ici des cha\u00eenes de valeur qui permettent de cr\u00e9er de la richesse sur le temps long\u00bb, a-t-il poursuivi.<\/p>\n<p>Le ministre ivoirien de l\u2019Economie et des finances, Adama Coulibaly, a fait observer que depuis 2013 jusqu\u2019\u00e0 maintenant, la C\u00f4te d\u2019Ivoire a gagn\u00e9 67 places dans le classement Doing Business de la Banque mondiale, ce qui traduit que le pays a un climat des affaires assez incitatif.<\/p>\n<p>\u00ab L\u2019un des d\u00e9fis majeurs que nous constatons aujourd\u2019hui, c\u2019est le financement des entreprises et dans ce cadre, des dispositions ont \u00e9t\u00e9 prises, avec la mise en place d\u2019un fonds de garantie des Petites et moyennes entreprises (PME) et des lignes de garanties de la Soci\u00e9t\u00e9 financi\u00e8re internationale (SFI) aupr\u00e8s de banques locales\u00bb, a-t-il relev\u00e9.<\/p>\n<p>En outre, l\u2019Etat de C\u00f4te d\u2019Ivoire a structur\u00e9 les dispositifs d\u2019appui au niveau des PME avec la cr\u00e9ation de C\u00f4te d\u2019Ivoire PME, une agence qui accompagne les entrepreneurs dans leur \u00e9cosyst\u00e8me, a-t-il rench\u00e9ri, invitant les entrepreneurs \u00e0 l\u2019audace, \u00e0 oser et prendre des risques.<\/p>\n<p>Inspire &amp; Connect Africa \u00a0s\u2019inscrit \u00ab dans un plan Afrique plus large, impliquant l\u2019ensemble des op\u00e9rateurs de Team France Export pour faire \u00e9voluer les montants de financements d\u2019entreprises de 3 Mds d\u2019euros inject\u00e9s en 2020, \u00e0 10 Mds d\u2019euros d\u2019ici \u00e0 2024 \u00bb.<\/p>\n<p>Ces financements concernent notamment l\u2019ensemble du continuum de Bpifrance : le cr\u00e9dit, l\u2019investissement, l\u2019assurance et l\u2019accompagnement des entrepreneurs. Entre 2014 et 2020, Bpifrance a produit 700 millions d\u2019euros de cr\u00e9dit export sur le continent soit 116 millions d\u2019euros par an en moyenne.<\/p>\n<p>Pour les quatre prochaines ann\u00e9es, l\u2019objectif est port\u00e9 \u00e0 un doublement de ce rythme annuel, pour arriver, toutes solutions d\u2019accompagnement confondues, \u00e0 1,5 milliard d\u2019euros d\u2019ici \u00e0 2024.<\/p>\n<p>En investissement indirect, le v\u00e9hicule en fonds Averro\u00e8s Africa lanc\u00e9 en partenariat avec Proparco en 2003, a permis de drainer 1 milliard d\u2019euros dans une vingtaine de fonds de capital investissement et plus de 150 entreprises r\u00e9parties dans 40 pays africains.<\/p>\n<p>Pour les quatre prochaines ann\u00e9es, l\u2019objectif est port\u00e9 \u00e0 123 millions d\u2019euros investis par Bpifrance pour permettre aux fonds partenaires de lever 1,5 milliard d\u2019euros d\u2019ici \u00e0 2024.<\/p>\n<\/div>\n<p>Auteur: APA News<br \/>\n<a href=\"https:\/\/www.journalducameroun.com\/entrepreneuriat-bpifrance-lance-a-abidjan-inspire-connect-africa\/\">Cliquez ici pour lire l&rsquo;article depuis sa source.<\/a><\/p>\n","protected":false},"excerpt":{"rendered":"<p>Publi\u00e9 le 02.06.2021 \u00e0 18h18 par APA News La banque publique d\u2019investissement (Bpifrance) a lanc\u00e9 mercredi \u00e0 Abidjan \u00ab Inspire &amp; Connect Africa \u00bb, une trilogie visant \u00e0 renforcer les relations \u00e9conomiques entre l\u2019Afrique et la France, et favoriser des partenariats fructueux et durables entre entrepreneurs. L\u2019\u00e9v\u00e9nement, tenu \u00e0 l\u2019Institut fran\u00e7ais d\u2019Abidjan, a r\u00e9uni 500 [&hellip;]<\/p>\n","protected":false},"author":1965,"featured_media":0,"comment_status":"closed","ping_status":"closed","sticky":false,"template":"","format":"standard","meta":{"fifu_image_url":"","fifu_image_alt":"","footnotes":""},"categories":[73,82],"tags":[],"class_list":["post-117910","post","type-post","status-publish","format-standard","hentry","category-actualite","category-cameroun"],"_links":{"self":[{"href":"https:\/\/linitiative.ca\/International\/wp-json\/wp\/v2\/posts\/117910","targetHints":{"allow":["GET"]}}],"collection":[{"href":"https:\/\/linitiative.ca\/International\/wp-json\/wp\/v2\/posts"}],"about":[{"href":"https:\/\/linitiative.ca\/International\/wp-json\/wp\/v2\/types\/post"}],"author":[{"embeddable":true,"href":"https:\/\/linitiative.ca\/International\/wp-json\/wp\/v2\/users\/1965"}],"replies":[{"embeddable":true,"href":"https:\/\/linitiative.ca\/International\/wp-json\/wp\/v2\/comments?post=117910"}],"version-history":[{"count":0,"href":"https:\/\/linitiative.ca\/International\/wp-json\/wp\/v2\/posts\/117910\/revisions"}],"wp:attachment":[{"href":"https:\/\/linitiative.ca\/International\/wp-json\/wp\/v2\/media?parent=117910"}],"wp:term":[{"taxonomy":"category","embeddable":true,"href":"https:\/\/linitiative.ca\/International\/wp-json\/wp\/v2\/categories?post=117910"},{"taxonomy":"post_tag","embeddable":true,"href":"https:\/\/linitiative.ca\/International\/wp-json\/wp\/v2\/tags?post=117910"}],"curies":[{"name":"wp","href":"https:\/\/api.w.org\/{rel}","templated":true}]}}