{"id":117911,"date":"2021-06-02T14:18:02","date_gmt":"2021-06-02T18:18:02","guid":{"rendered":"https:\/\/linitiative.ca\/International\/niger-140-millions-de-dollars-us-dans-le-systeme-educatif\/"},"modified":"2021-06-02T14:18:02","modified_gmt":"2021-06-02T18:18:02","slug":"niger-140-millions-de-dollars-us-dans-le-systeme-educatif","status":"publish","type":"post","link":"https:\/\/linitiative.ca\/International\/niger-140-millions-de-dollars-us-dans-le-systeme-educatif\/","title":{"rendered":"Niger : 140 millions de dollars US dans le syst\u00e8me \u00e9ducatif"},"content":{"rendered":"<div readability=\"32\">\n<p>Publi\u00e9 le 02.06.2021 \u00e0 19h18 par APA News<\/p>\n<\/div>\n<div readability=\"90\">\n<p>Le pr\u00e9sident de la R\u00e9publique, Mohamed Bazoum, a proc\u00e9d\u00e9 ce mercredi \u00e0 Niamey au lancement d\u2019un projet d\u2019am\u00e9lioration des conditions d\u2019enseignement et d\u2019apprentissage.L\u2019\u00e9ducation, c\u2019est l\u2019une des composantes majeures du programme de campagne de Mohamed Bazoum. Le projet Learning improvement for results in education (Lire, sigle en anglais) est financ\u00e9 par l\u2019Association internationale de d\u00e9veloppement (IDA).<\/p>\n<p>Le successeur de Mahamadou Issoufou, dans son discours, a diagnostiqu\u00e9 le syst\u00e8me \u00e9ducatif du Niger : \u00ab (Il) est confront\u00e9 \u00e0 des probl\u00e8mes caract\u00e9ris\u00e9s entre autres par une faiblesse constante des taux bruts \u00a0de scolarisation et du maintien (\u00e0 l\u2019\u00e9cole), une faible scolarisation des jeunes filles, un niveau de formation souvent inappropri\u00e9 des enseignants, un \u00e9loignement des \u00e9coles en zones pastorales, des curricula inadapt\u00e9s, une insuffisance des infrastructures ainsi que des m\u00e9thodes p\u00e9dagogiques et outils didactiques inadapt\u00e9s \u00bb.<\/p>\n<p>Une liste non exhaustive de maux auxquels veut s\u2019attaquer le chef de l\u2019Etat nig\u00e9rien pour les cinq prochaines ann\u00e9es. Mohamed Bazoum a affirm\u00e9, en effet, accorder \u00ab un int\u00e9r\u00eat particulier \u00e0 l\u2019\u00e9ducation \u00bb \u00a0car persuad\u00e9 que \u00ab l\u2019homme est le capital le plus pr\u00e9cieux \u00bb.<\/p>\n<p>Ce postulat l\u2019autorise \u00e0 dire qu\u2019 \u00ab investir dans l\u2019\u00e9ducation, c\u2019est investir dans ce capital \u00bb. De l\u2019avis de l\u2019ancien ministre de l\u2019Int\u00e9rieur, le projet Lire \u00ab para\u00eet particuli\u00e8rement important \u00bb dans la mesure o\u00f9 il prend en charge \u00ab la faiblesse des capacit\u00e9s de l\u2019apprentissage et (celle) de la capacit\u00e9 des enseignants \u00bb consid\u00e9r\u00e9es comme \u00ab le c\u0153ur des difficult\u00e9s \u00bb du syst\u00e8me \u00e9ducatif nig\u00e9rien.<\/p>\n<p>En d\u00e9pit d\u2019un contexte s\u00e9curitaire tendu avec l\u2019omnipr\u00e9sence de la menace jihadiste, le gouvernement du Niger, d\u2019apr\u00e8s le chef de l\u2019ex\u00e9cutif, s\u2019att\u00e8le \u00e0 r\u00e9aliser tous les objectifs qu\u2019il s\u2019est assign\u00e9s en mati\u00e8re d\u2019\u00e9ducation.<\/p>\n<p>Mais, a signal\u00e9 l\u2019ex-ministre des Affaires \u00e9trang\u00e8res, \u00a0les difficult\u00e9s \u00e0 mobiliser davantage les ressources int\u00e9rieures et une augmentation des d\u00e9penses de s\u00e9curit\u00e9 affectent la capacit\u00e9 de l\u2019Etat \u00e0 financer convenablement le syst\u00e8me \u00e9ducatif.<\/p>\n<p>Partant de l\u00e0, il a demand\u00e9 \u00ab \u00e0 la Banque Mondiale (et) \u00e0 tous les autres partenaires du Niger d\u2019accro\u00eetre les ressources d\u00e9di\u00e9es\u00a0\u00bb \u00e0 ce secteur parce que \u00ab c\u2019est le meilleur moyen de garantir les chances de d\u00e9veloppement \u00bb de son pays.<\/p>\n<p>Et Mohamed Bazoum a conclu son intervention sur une note d\u2019espoir : \u00ab Je suis convaincu, qu\u2019au terme de la mise en \u0153uvre du projet Lire, certains des probl\u00e8mes de notre syst\u00e8me \u00e9ducatif parmi les plus pr\u00e9occupants, connaitront un d\u00e9but de solution au grand bonheur des enfants et de leurs parents \u00bb.<\/p>\n<\/div>\n<p>Auteur: APA News<br \/>\n<a href=\"https:\/\/www.journalducameroun.com\/niger-140-millions-de-dollars-us-dans-le-systeme-educatif\/\">Cliquez ici pour lire l&rsquo;article depuis sa source.<\/a><\/p>\n","protected":false},"excerpt":{"rendered":"<p>Publi\u00e9 le 02.06.2021 \u00e0 19h18 par APA News Le pr\u00e9sident de la R\u00e9publique, Mohamed Bazoum, a proc\u00e9d\u00e9 ce mercredi \u00e0 Niamey au lancement d\u2019un projet d\u2019am\u00e9lioration des conditions d\u2019enseignement et d\u2019apprentissage.L\u2019\u00e9ducation, c\u2019est l\u2019une des composantes majeures du programme de campagne de Mohamed Bazoum. Le projet Learning improvement for results in education (Lire, sigle en anglais) [&hellip;]<\/p>\n","protected":false},"author":1965,"featured_media":0,"comment_status":"closed","ping_status":"closed","sticky":false,"template":"","format":"standard","meta":{"fifu_image_url":"","fifu_image_alt":"","footnotes":""},"categories":[73,82],"tags":[],"class_list":["post-117911","post","type-post","status-publish","format-standard","hentry","category-actualite","category-cameroun"],"_links":{"self":[{"href":"https:\/\/linitiative.ca\/International\/wp-json\/wp\/v2\/posts\/117911","targetHints":{"allow":["GET"]}}],"collection":[{"href":"https:\/\/linitiative.ca\/International\/wp-json\/wp\/v2\/posts"}],"about":[{"href":"https:\/\/linitiative.ca\/International\/wp-json\/wp\/v2\/types\/post"}],"author":[{"embeddable":true,"href":"https:\/\/linitiative.ca\/International\/wp-json\/wp\/v2\/users\/1965"}],"replies":[{"embeddable":true,"href":"https:\/\/linitiative.ca\/International\/wp-json\/wp\/v2\/comments?post=117911"}],"version-history":[{"count":0,"href":"https:\/\/linitiative.ca\/International\/wp-json\/wp\/v2\/posts\/117911\/revisions"}],"wp:attachment":[{"href":"https:\/\/linitiative.ca\/International\/wp-json\/wp\/v2\/media?parent=117911"}],"wp:term":[{"taxonomy":"category","embeddable":true,"href":"https:\/\/linitiative.ca\/International\/wp-json\/wp\/v2\/categories?post=117911"},{"taxonomy":"post_tag","embeddable":true,"href":"https:\/\/linitiative.ca\/International\/wp-json\/wp\/v2\/tags?post=117911"}],"curies":[{"name":"wp","href":"https:\/\/api.w.org\/{rel}","templated":true}]}}