{"id":117912,"date":"2021-06-02T15:18:02","date_gmt":"2021-06-02T19:18:02","guid":{"rendered":"https:\/\/linitiative.ca\/International\/senegal-echange-entre-macky-sall-et-antonio-guterres\/"},"modified":"2021-06-02T15:18:02","modified_gmt":"2021-06-02T19:18:02","slug":"senegal-echange-entre-macky-sall-et-antonio-guterres","status":"publish","type":"post","link":"https:\/\/linitiative.ca\/International\/senegal-echange-entre-macky-sall-et-antonio-guterres\/","title":{"rendered":"S\u00e9n\u00e9gal : \u00e9change entre Macky Sall et Ant\u00f3nio Guterres"},"content":{"rendered":"<div readability=\"32\">\n<p>Publi\u00e9 le 02.06.2021 \u00e0 20h18 par APA News<\/p>\n<\/div>\n<div readability=\"49\">\n<p>Le chef de l\u2019Etat s\u00e9n\u00e9galais et le Secr\u00e9taire G\u00e9n\u00e9ral des Nations Unies ont eu, ce mercredi, une discussion portant principalement sur la situation dans la sous-r\u00e9gion ouest-africaine.Macky Sall, dont le pays est frontalier avec le Mali, est un interlocuteur de choix aux yeux du Secr\u00e9taire G\u00e9n\u00e9ral de l\u2019Organisation des nations unies (Onu). Sur son compte Twitter, le pr\u00e9sident s\u00e9n\u00e9galais a d\u00e9clar\u00e9 que les \u00ab questions de paix, de s\u00e9curit\u00e9 et de stabilit\u00e9 \u00bb \u00e9taient au c\u0153ur de son entretien avec Ant\u00f3nio Guterres.<\/p>\n<p>Au lendemain du coup de force de la junte militaire contre le pr\u00e9sident de la transition Bah N\u2019Daw et son Premier ministre, Moctar Ouane, le SG des Nations Unies s\u2019\u00e9tait dit \u00ab profond\u00e9ment pr\u00e9occup\u00e9 \u00bb.\u00a0A ce jour, la Communaut\u00e9 \u00e9conomique des Etats de l\u2019Afrique de l\u2019ouest (Cedeao) et l\u2019Union africaine (UA) ont suspendu le Mali de leurs instances.<\/p>\n<\/div>\n<p>Auteur: APA News<br \/>\n<a href=\"https:\/\/www.journalducameroun.com\/senegal-echange-entre-macky-sall-et-antonio-guterres\/\">Cliquez ici pour lire l&rsquo;article depuis sa source.<\/a><\/p>\n","protected":false},"excerpt":{"rendered":"<p>Publi\u00e9 le 02.06.2021 \u00e0 20h18 par APA News Le chef de l\u2019Etat s\u00e9n\u00e9galais et le Secr\u00e9taire G\u00e9n\u00e9ral des Nations Unies ont eu, ce mercredi, une discussion portant principalement sur la situation dans la sous-r\u00e9gion ouest-africaine.Macky Sall, dont le pays est frontalier avec le Mali, est un interlocuteur de choix aux yeux du Secr\u00e9taire G\u00e9n\u00e9ral de [&hellip;]<\/p>\n","protected":false},"author":1965,"featured_media":0,"comment_status":"closed","ping_status":"closed","sticky":false,"template":"","format":"standard","meta":{"fifu_image_url":"","fifu_image_alt":"","footnotes":""},"categories":[73,82],"tags":[],"class_list":["post-117912","post","type-post","status-publish","format-standard","hentry","category-actualite","category-cameroun"],"_links":{"self":[{"href":"https:\/\/linitiative.ca\/International\/wp-json\/wp\/v2\/posts\/117912","targetHints":{"allow":["GET"]}}],"collection":[{"href":"https:\/\/linitiative.ca\/International\/wp-json\/wp\/v2\/posts"}],"about":[{"href":"https:\/\/linitiative.ca\/International\/wp-json\/wp\/v2\/types\/post"}],"author":[{"embeddable":true,"href":"https:\/\/linitiative.ca\/International\/wp-json\/wp\/v2\/users\/1965"}],"replies":[{"embeddable":true,"href":"https:\/\/linitiative.ca\/International\/wp-json\/wp\/v2\/comments?post=117912"}],"version-history":[{"count":0,"href":"https:\/\/linitiative.ca\/International\/wp-json\/wp\/v2\/posts\/117912\/revisions"}],"wp:attachment":[{"href":"https:\/\/linitiative.ca\/International\/wp-json\/wp\/v2\/media?parent=117912"}],"wp:term":[{"taxonomy":"category","embeddable":true,"href":"https:\/\/linitiative.ca\/International\/wp-json\/wp\/v2\/categories?post=117912"},{"taxonomy":"post_tag","embeddable":true,"href":"https:\/\/linitiative.ca\/International\/wp-json\/wp\/v2\/tags?post=117912"}],"curies":[{"name":"wp","href":"https:\/\/api.w.org\/{rel}","templated":true}]}}