{"id":117917,"date":"2021-06-02T15:56:21","date_gmt":"2021-06-02T19:56:21","guid":{"rendered":"https:\/\/linitiative.ca\/International\/lancienne-ministre-des-domaines-et-du-cadastre-jacqueline-koung-a-bessike-nest-plus\/"},"modified":"2021-06-02T15:56:21","modified_gmt":"2021-06-02T19:56:21","slug":"lancienne-ministre-des-domaines-et-du-cadastre-jacqueline-koung-a-bessike-nest-plus","status":"publish","type":"post","link":"https:\/\/linitiative.ca\/International\/lancienne-ministre-des-domaines-et-du-cadastre-jacqueline-koung-a-bessike-nest-plus\/","title":{"rendered":"L\u2019ancienne ministre des Domaines et du cadastre Jacqueline Koung \u00e0 Bessike n\u2019est plus"},"content":{"rendered":"<p>La nouvelle vient de tomber. L\u2019ancienne ministre des Domaines, du Cadastre et des Affaires fonci\u00e8res, Jacqueline Koung \u00e0 Bessike est d\u00e9c\u00e9d\u00e9e\u00a0ce 2 juin 2021 des suites de maladie. Originaire du d\u00e9partement du Mbam et Inoubou dans la r\u00e9gion du Centre Cameroun, Koung \u00e0 Bessike bat tous les records de long\u00e9vit\u00e9 (sept ans) au poste de ministre des Domaines, du Cadastre et des Affaires fonci\u00e8res. Poste qu\u2019elle quittera finalement le 04 janvier 2019.<\/p>\n<p><strong>Lire aussi<\/strong> : <strong><a href=\"https:\/\/ecomatin.net\/vallee-du-ntem-le-tribunal-administratif-suspend-les-actes-de-philemon-yang-et-koung-a-bessike\/\">Vall\u00e9e du Ntem : le Tribunal administratif suspend les actes de Phil\u00e9mon Yang et Koung \u00e0 Bessike<\/a><\/strong><\/p>\n<p>Haut fonctionnaire d\u2019Etat, elle a occup\u00e9 tour \u00e0 tour, le poste de secr\u00e9taire g\u00e9n\u00e9rale des minist\u00e8res\u00a0: du Tourisme (1995-2001)\u00a0; de l\u2019Emploi, du Travail et de la Pr\u00e9voyance sociale (2001-2003)\u00a0; de la Condition f\u00e9minine (2003-2007) et de l\u2019Emploi et de la Formation professionnelle (2007-2009). D\u00e8s son d\u00e9part \u00e0 la retraite, en 2009, elle devient secr\u00e9taire g\u00e9n\u00e9rale du Cercle des amis du Cameroun (Cerac), une association caritative cr\u00e9\u00e9e en 1995 par la premi\u00e8re dame camerounaise,\u00a0Chantal Biya.<\/p>\n<p><strong>Lire aussi<\/strong> : <strong><a href=\"https:\/\/ecomatin.net\/operation-epervier-les-raisons-de-linterpellation-de-koung-a-bessike-au-tcs\/\">Op\u00e9ration \u00e9pervier : les raisons de l\u2019interpellation de Koung \u00e0 Bessike au TCS<\/a><\/strong><\/p>\n<p>Rappelons qu\u2019en juin 2019, Koung \u00e0 Bessike, a comparu devant le Tribunal criminel sp\u00e9cial (TCS<strong>).<\/strong>\u00a0Elle \u00e9tait soup\u00e7onn\u00e9e d\u2019actes de malversations financi\u00e8res dans la vente illicite d\u2019un terrain de\u00a05000m<sup>2<\/sup>appartenant \u00e0 l\u2019ex-ONCPB(Office National de Commercialisation des Produits de Base) \u00e0 hauteur de\u00a026millions de FCFA<strong>.<\/strong>\u00a0L\u2019ancien membre du gouvernement avait suspect\u00e9 \u00e9galement d\u2019avoir particip\u00e9 \u00e0 la r\u00e9trocession jug\u00e9e irr\u00e9guli\u00e8re d\u2019une parcelle de terrain de 400 hectares \u00e0 une seule famille.<\/p>\n<p>Auteur: Amina MALLOUM<br \/>\n<a href=\"https:\/\/ecomatin.net\/lancienne-ministre-des-domaines-et-du-cadastre-jacqueline-koung-a-bessike-nest-plus\/\">Cliquez ici pour lire l&rsquo;article depuis sa source.<\/a><\/p>\n","protected":false},"excerpt":{"rendered":"<p>La nouvelle vient de tomber. L\u2019ancienne ministre des Domaines, du Cadastre et des Affaires fonci\u00e8res, Jacqueline Koung \u00e0 Bessike est d\u00e9c\u00e9d\u00e9e\u00a0ce 2 juin 2021 des suites de maladie. Originaire du d\u00e9partement du Mbam et Inoubou dans la r\u00e9gion du Centre Cameroun, Koung \u00e0 Bessike bat tous les records de long\u00e9vit\u00e9 (sept ans) au poste de [&hellip;]<\/p>\n","protected":false},"author":1969,"featured_media":0,"comment_status":"closed","ping_status":"closed","sticky":false,"template":"","format":"standard","meta":{"fifu_image_url":"","fifu_image_alt":"","footnotes":""},"categories":[82,78],"tags":[],"class_list":["post-117917","post","type-post","status-publish","format-standard","hentry","category-cameroun","category-economie"],"_links":{"self":[{"href":"https:\/\/linitiative.ca\/International\/wp-json\/wp\/v2\/posts\/117917","targetHints":{"allow":["GET"]}}],"collection":[{"href":"https:\/\/linitiative.ca\/International\/wp-json\/wp\/v2\/posts"}],"about":[{"href":"https:\/\/linitiative.ca\/International\/wp-json\/wp\/v2\/types\/post"}],"author":[{"embeddable":true,"href":"https:\/\/linitiative.ca\/International\/wp-json\/wp\/v2\/users\/1969"}],"replies":[{"embeddable":true,"href":"https:\/\/linitiative.ca\/International\/wp-json\/wp\/v2\/comments?post=117917"}],"version-history":[{"count":0,"href":"https:\/\/linitiative.ca\/International\/wp-json\/wp\/v2\/posts\/117917\/revisions"}],"wp:attachment":[{"href":"https:\/\/linitiative.ca\/International\/wp-json\/wp\/v2\/media?parent=117917"}],"wp:term":[{"taxonomy":"category","embeddable":true,"href":"https:\/\/linitiative.ca\/International\/wp-json\/wp\/v2\/categories?post=117917"},{"taxonomy":"post_tag","embeddable":true,"href":"https:\/\/linitiative.ca\/International\/wp-json\/wp\/v2\/tags?post=117917"}],"curies":[{"name":"wp","href":"https:\/\/api.w.org\/{rel}","templated":true}]}}