{"id":117918,"date":"2021-06-03T10:15:58","date_gmt":"2021-06-03T14:15:58","guid":{"rendered":"https:\/\/linitiative.ca\/International\/covid-19-lauf-lance-un-2eme-appel-a-projets-international\/"},"modified":"2021-06-03T10:15:58","modified_gmt":"2021-06-03T14:15:58","slug":"covid-19-lauf-lance-un-2eme-appel-a-projets-international","status":"publish","type":"post","link":"https:\/\/linitiative.ca\/International\/covid-19-lauf-lance-un-2eme-appel-a-projets-international\/","title":{"rendered":"Covid-19 : L\u2019AUF lance un 2\u00e8me appel \u00e0 projets international"},"content":{"rendered":"<figure class=\"post-thumbnail\" itemprop=\"associatedMedia\" itemscope=\"itemscope\" itemtype=\"http:\/\/schema.org\/ImageObject\"><img decoding=\"async\" class=\"post_layout_5_img\" src=\"http:\/\/aujourdhui.ma\/wp-content\/uploads\/2021\/06\/Appel-a-projet-mobilisation-Twitter-700x404-1.jpg\" alt=\"Covid-19 : L\u2019AUF lance un 2\u00e8me appel \u00e0 projets international\"\/><\/figure>\n<p><span class=\"c6\"><strong>Il vise \u00e0 soutenir au sein de ses \u00e9tablissements membres des initiatives li\u00e9es \u00e0 la pand\u00e9mie<\/strong><\/span><span id=\"more-378118\"\/><\/p>\n<p>En riposte \u00e0 la pand\u00e9mie de Covid-19 \u00e0 laquelle le monde entier fait face, l\u2019Agence universitaire de la francophonie (AUF) annonce le lancement d\u2019un nouvel appel \u00e0 projets \u00abAUF-Covid-19.2\u00bb, pour soutenir au sein de ses \u00e9tablissements membres, dont le Maroc, des initiatives li\u00e9es \u00e0 la pand\u00e9mie. Ouvert jusqu\u2019au 15 juillet 2021, cet appel \u00e0 projets dont l\u2019AUF consacre un fonds exceptionnel de 1.000.000 d\u2019euros cible, selon la m\u00eame source, les \u00e9tudiants, associations ou clubs d\u2019\u00e9tudiants, \u00e9l\u00e8ves-ing\u00e9nieurs, jeunes chercheurs, ou centres de recherche. Il a pour objectif sp\u00e9cifique de \u00abd\u00e9velopper des initiatives innovantes, frugales et adapt\u00e9es \u00e0 l\u2019\u00e9cosyst\u00e8me pour soutenir des soci\u00e9t\u00e9s fragilis\u00e9es par les cons\u00e9quences d\u2019une crise sanitaire qui s\u2019inscrit dans la dur\u00e9e\u00bb.<\/p>\n<p>En effet, cet appel \u00e0 projets pourra \u00e9galement financer, selon la m\u00eame source, des recherches, actions, enqu\u00eates ou \u00e9tudes consacr\u00e9es \u00e0 l\u2019analyse des cons\u00e9quences de la crise sanitaire et qui proposent des solutions innovantes dans les domaines de la sant\u00e9, des sciences et technologies mais aussi des sciences humaines, \u00e9conomiques et sociales. \u00abIl pourra financer des recherches li\u00e9es \u00e0 la gouvernance des syst\u00e8mes \u00e9ducatifs en temps de crise et post-crise, la continuit\u00e9 p\u00e9dagogique, offre de formation et innovation p\u00e9dagogique, hybridation des parcours, cons\u00e9quences psycho-sociales et \u00e9conomiques de la pand\u00e9mie sur la vie \u00e9tudiante et la vie de campus, ou plus largement sur des groupes sociaux cibles\u00bb, indique l\u2019AUF. Dans ce sens, seront privil\u00e9gi\u00e9s les projets innovants proposant des solutions r\u00e9alistes et p\u00e9rennes.<\/p>\n<p>De m\u00eame, seront sollicit\u00e9s des projets d\u00e9velopp\u00e9s de mani\u00e8re collaborative entre universit\u00e9s et soci\u00e9t\u00e9 civile et ayant un impact technologique, \u00e9conomique ou psycho-social \u00e9valuable \u00e0 court terme (six mois maximum), des projets valorisant des solutions libres (code source ouvert, mat\u00e9riel ouvert, livrables sous licence libre\u2026) ou des projets coordonn\u00e9s par des femmes. Les dossiers seront \u00e9valu\u00e9s par des comit\u00e9s d\u2019experts internationaux r\u00e9unis par la direction r\u00e9gionale de l\u2019AUF o\u00f9 sera d\u00e9ploy\u00e9 le projet. Pour noter, l\u2019AUF avait lanc\u00e9 en 2020 un premier appel \u00e0 projets international pour soutenir, au sein de ses \u00e9tablissements membres, des initiatives li\u00e9es \u00e0 la pand\u00e9mie.<\/p>\n<p>Face au succ\u00e8s de l\u2019appel, l\u2019AUF a doubl\u00e9 sa subvention initiale et a d\u00e9bloqu\u00e9 plus d\u2019un million d\u2019euros pour financer 92 projets issus de 87 \u00e9tablissements membres dans 44 pays.<\/p>\n<p>Auteur: Siham Jadraoui<br \/>\n<a href=\"https:\/\/aujourdhui.ma\/societe\/covid-19-lauf-lance-un-2eme-appel-a-projets-international\">Cliquez ici pour lire l&rsquo;article depuis sa source.<\/a><\/p>\n","protected":false},"excerpt":{"rendered":"<p>Il vise \u00e0 soutenir au sein de ses \u00e9tablissements membres des initiatives li\u00e9es \u00e0 la pand\u00e9mie En riposte \u00e0 la pand\u00e9mie de Covid-19 \u00e0 laquelle le monde entier fait face, l\u2019Agence universitaire de la francophonie (AUF) annonce le lancement d\u2019un nouvel appel \u00e0 projets \u00abAUF-Covid-19.2\u00bb, pour soutenir au sein de ses \u00e9tablissements membres, dont le [&hellip;]<\/p>\n","protected":false},"author":1759,"featured_media":0,"comment_status":"closed","ping_status":"closed","sticky":false,"template":"","format":"standard","meta":{"fifu_image_url":"http:\/\/aujourdhui.ma\/wp-content\/uploads\/2021\/06\/Appel-a-projet-mobilisation-Twitter-700x404-1.jpg","fifu_image_alt":"Covid-19 : L\u2019AUF lance un 2\u00e8me appel \u00e0 projets international","footnotes":""},"categories":[73,54],"tags":[],"class_list":["post-117918","post","type-post","status-publish","format-standard","hentry","category-actualite","category-maroc"],"_links":{"self":[{"href":"https:\/\/linitiative.ca\/International\/wp-json\/wp\/v2\/posts\/117918","targetHints":{"allow":["GET"]}}],"collection":[{"href":"https:\/\/linitiative.ca\/International\/wp-json\/wp\/v2\/posts"}],"about":[{"href":"https:\/\/linitiative.ca\/International\/wp-json\/wp\/v2\/types\/post"}],"author":[{"embeddable":true,"href":"https:\/\/linitiative.ca\/International\/wp-json\/wp\/v2\/users\/1759"}],"replies":[{"embeddable":true,"href":"https:\/\/linitiative.ca\/International\/wp-json\/wp\/v2\/comments?post=117918"}],"version-history":[{"count":0,"href":"https:\/\/linitiative.ca\/International\/wp-json\/wp\/v2\/posts\/117918\/revisions"}],"wp:attachment":[{"href":"https:\/\/linitiative.ca\/International\/wp-json\/wp\/v2\/media?parent=117918"}],"wp:term":[{"taxonomy":"category","embeddable":true,"href":"https:\/\/linitiative.ca\/International\/wp-json\/wp\/v2\/categories?post=117918"},{"taxonomy":"post_tag","embeddable":true,"href":"https:\/\/linitiative.ca\/International\/wp-json\/wp\/v2\/tags?post=117918"}],"curies":[{"name":"wp","href":"https:\/\/api.w.org\/{rel}","templated":true}]}}