{"id":117921,"date":"2021-06-03T11:20:56","date_gmt":"2021-06-03T15:20:56","guid":{"rendered":"https:\/\/linitiative.ca\/International\/covid-19-maroc-la-situation-epidemiologique-au-3-juin-2021-a-16h00-%e2%80%8b%e2%80%8b\/"},"modified":"2021-06-03T11:20:56","modified_gmt":"2021-06-03T15:20:56","slug":"covid-19-maroc-la-situation-epidemiologique-au-3-juin-2021-a-16h00-%e2%80%8b%e2%80%8b","status":"publish","type":"post","link":"https:\/\/linitiative.ca\/International\/covid-19-maroc-la-situation-epidemiologique-au-3-juin-2021-a-16h00-%e2%80%8b%e2%80%8b\/","title":{"rendered":"Covid-19 \/ Maroc : La situation \u00e9pid\u00e9miologique au 3 juin 2021 \u00e0 16H00 \u200b\u200b"},"content":{"rendered":"<header>\n<\/header>\n<div class=\"entry-content clearfix\" readability=\"39\">\n<figure class=\"post-thumbnail\" itemprop=\"associatedMedia\" itemscope=\"itemscope\" itemtype=\"http:\/\/schema.org\/ImageObject\"><img decoding=\"async\" class=\"post_layout_5_img\" src=\"http:\/\/aujourdhui.ma\/wp-content\/uploads\/2020\/07\/Coronavirus-covid-19-de\u0301pistage.jpg\" alt=\"Covid-19 \/ Maroc : La situation \u00e9pid\u00e9miologique au 3 juin 2021 \u00e0 16H00 \u200b\u200b\"\/><\/figure>\n<p><span class=\"c6\"><strong>Entre hier \u00e0 16H00 et aujourd\u2019hui \u00e0 16H00<\/strong><span id=\"more-374899\"\/><span id=\"more-375226\"\/><span id=\"more-376292\"\/><span id=\"more-376389\"\/><span id=\"more-378160\"\/><\/span><\/p>\n<p>395 nouveaux cas soit un cumul de 520.423 cas \u00e0 ce jour.<br \/>372 gu\u00e9risons soit un cumul de 508.210 \u00e0 ce jour.<br \/>5 nouveaux d\u00e9c\u00e8s donc un cumul de 9.165 \u00e0 ce jour.<\/p>\n<p><strong><span class=\"c7\">Nombre de personnes vaccin\u00e9es au 3 juin 16H00<\/span><br \/><\/strong><\/p>\n<p><strong>1\u00e8re dose<br \/><span class=\"c7\">8.961.585<\/span><br \/>2\u00e8me dose<br \/><span class=\"c7\">5.781.207<\/span><br \/><\/strong><\/p>\n<p><a href=\"https:http:\/\/aujourdhui.ma\/wp-content\/uploads\/2021\/06\/Coronavirus-03062021_page-0001.jpg\"><img decoding=\"async\" loading=\"lazy\" class=\"alignnone size-full wp-image-378164\" src=\"http:\/\/aujourdhui.ma\/wp-content\/uploads\/2021\/06\/Coronavirus-03062021_page-0001.jpg\" alt=\"\" width=\"1241\" height=\"1755\" srcset=\"http:\/\/aujourdhui.ma\/wp-content\/uploads\/2021\/06\/Coronavirus-03062021_page-0001.jpg 1241w, \/\/aujourdhui.ma\/wp-content\/uploads\/2021\/06\/Coronavirus-03062021_page-0001-212x300.jpg 212w, \/\/aujourdhui.ma\/wp-content\/uploads\/2021\/06\/Coronavirus-03062021_page-0001-724x1024.jpg 724w, \/\/aujourdhui.ma\/wp-content\/uploads\/2021\/06\/Coronavirus-03062021_page-0001-768x1086.jpg 768w, \/\/aujourdhui.ma\/wp-content\/uploads\/2021\/06\/Coronavirus-03062021_page-0001-1086x1536.jpg 1086w\" sizes=\"auto, (max-width: 1241px) 100vw, 1241px\"\/><\/a> <a href=\"https:http:\/\/aujourdhui.ma\/wp-content\/uploads\/2021\/06\/Coronavirus-03062021_page-0002.jpg\"><img decoding=\"async\" loading=\"lazy\" class=\"alignnone size-full wp-image-378165\" src=\"http:\/\/aujourdhui.ma\/wp-content\/uploads\/2021\/06\/Coronavirus-03062021_page-0002.jpg\" alt=\"\" width=\"1241\" height=\"1755\" srcset=\"http:\/\/aujourdhui.ma\/wp-content\/uploads\/2021\/06\/Coronavirus-03062021_page-0002.jpg 1241w, \/\/aujourdhui.ma\/wp-content\/uploads\/2021\/06\/Coronavirus-03062021_page-0002-212x300.jpg 212w, \/\/aujourdhui.ma\/wp-content\/uploads\/2021\/06\/Coronavirus-03062021_page-0002-724x1024.jpg 724w, \/\/aujourdhui.ma\/wp-content\/uploads\/2021\/06\/Coronavirus-03062021_page-0002-768x1086.jpg 768w, \/\/aujourdhui.ma\/wp-content\/uploads\/2021\/06\/Coronavirus-03062021_page-0002-1086x1536.jpg 1086w\" sizes=\"auto, (max-width: 1241px) 100vw, 1241px\"\/><\/a> <a href=\"https:http:\/\/aujourdhui.ma\/wp-content\/uploads\/2021\/06\/Coronavirus-03062021_page-0003.jpg\"><img decoding=\"async\" loading=\"lazy\" class=\"alignnone size-full wp-image-378166\" src=\"http:\/\/aujourdhui.ma\/wp-content\/uploads\/2021\/06\/Coronavirus-03062021_page-0003.jpg\" alt=\"\" width=\"1241\" height=\"1755\" srcset=\"http:\/\/aujourdhui.ma\/wp-content\/uploads\/2021\/06\/Coronavirus-03062021_page-0003.jpg 1241w, \/\/aujourdhui.ma\/wp-content\/uploads\/2021\/06\/Coronavirus-03062021_page-0003-212x300.jpg 212w, \/\/aujourdhui.ma\/wp-content\/uploads\/2021\/06\/Coronavirus-03062021_page-0003-724x1024.jpg 724w, \/\/aujourdhui.ma\/wp-content\/uploads\/2021\/06\/Coronavirus-03062021_page-0003-768x1086.jpg 768w, \/\/aujourdhui.ma\/wp-content\/uploads\/2021\/06\/Coronavirus-03062021_page-0003-1086x1536.jpg 1086w\" sizes=\"auto, (max-width: 1241px) 100vw, 1241px\"\/><\/a> <a href=\"https:http:\/\/aujourdhui.ma\/wp-content\/uploads\/2021\/06\/Coronavirus-03062021_page-0004.jpg\"><img decoding=\"async\" loading=\"lazy\" class=\"alignnone size-full wp-image-378167\" src=\"http:\/\/aujourdhui.ma\/wp-content\/uploads\/2021\/06\/Coronavirus-03062021_page-0004.jpg\" alt=\"\" width=\"1241\" height=\"1755\" srcset=\"http:\/\/aujourdhui.ma\/wp-content\/uploads\/2021\/06\/Coronavirus-03062021_page-0004.jpg 1241w, \/\/aujourdhui.ma\/wp-content\/uploads\/2021\/06\/Coronavirus-03062021_page-0004-212x300.jpg 212w, \/\/aujourdhui.ma\/wp-content\/uploads\/2021\/06\/Coronavirus-03062021_page-0004-724x1024.jpg 724w, \/\/aujourdhui.ma\/wp-content\/uploads\/2021\/06\/Coronavirus-03062021_page-0004-768x1086.jpg 768w, \/\/aujourdhui.ma\/wp-content\/uploads\/2021\/06\/Coronavirus-03062021_page-0004-1086x1536.jpg 1086w\" sizes=\"auto, (max-width: 1241px) 100vw, 1241px\"\/><\/a> <a href=\"https:http:\/\/aujourdhui.ma\/wp-content\/uploads\/2021\/06\/Coronavirus-03062021_page-0005.jpg\"><img decoding=\"async\" loading=\"lazy\" class=\"alignnone size-full wp-image-378168\" src=\"http:\/\/aujourdhui.ma\/wp-content\/uploads\/2021\/06\/Coronavirus-03062021_page-0005.jpg\" alt=\"\" width=\"1755\" height=\"1241\" srcset=\"http:\/\/aujourdhui.ma\/wp-content\/uploads\/2021\/06\/Coronavirus-03062021_page-0005.jpg 1755w, \/\/aujourdhui.ma\/wp-content\/uploads\/2021\/06\/Coronavirus-03062021_page-0005-300x212.jpg 300w, \/\/aujourdhui.ma\/wp-content\/uploads\/2021\/06\/Coronavirus-03062021_page-0005-1024x724.jpg 1024w, \/\/aujourdhui.ma\/wp-content\/uploads\/2021\/06\/Coronavirus-03062021_page-0005-768x543.jpg 768w, \/\/aujourdhui.ma\/wp-content\/uploads\/2021\/06\/Coronavirus-03062021_page-0005-1536x1086.jpg 1536w\" sizes=\"auto, (max-width: 1755px) 100vw, 1755px\"\/><\/a><\/p>\n<\/div>\n<p>Auteur: ALM<br \/>\n<a href=\"https:\/\/aujourdhui.ma\/societe\/covid-19-maroc-la-situation-epidemiologique-au-3-juin-2021-a-16h00-%E2%80%8B%E2%80%8B\">Cliquez ici pour lire l&rsquo;article depuis sa source.<\/a><\/p>\n","protected":false},"excerpt":{"rendered":"<p>Entre hier \u00e0 16H00 et aujourd\u2019hui \u00e0 16H00 395 nouveaux cas soit un cumul de 520.423 cas \u00e0 ce jour.372 gu\u00e9risons soit un cumul de 508.210 \u00e0 ce jour.5 nouveaux d\u00e9c\u00e8s donc un cumul de 9.165 \u00e0 ce jour. Nombre de personnes vaccin\u00e9es au 3 juin 16H00 1\u00e8re dose8.961.5852\u00e8me dose5.781.207 Auteur: ALM Cliquez ici pour [&hellip;]<\/p>\n","protected":false},"author":1759,"featured_media":0,"comment_status":"closed","ping_status":"closed","sticky":false,"template":"","format":"standard","meta":{"fifu_image_url":"http:\/\/aujourdhui.ma\/wp-content\/uploads\/2020\/07\/Coronavirus-covid-19-de\u0301pistage.jpg","fifu_image_alt":"Covid-19 \/ Maroc : La situation \u00e9pid\u00e9miologique au 3 juin 2021 \u00e0 16H00 \u200b\u200b","footnotes":""},"categories":[73,54],"tags":[],"class_list":["post-117921","post","type-post","status-publish","format-standard","hentry","category-actualite","category-maroc"],"_links":{"self":[{"href":"https:\/\/linitiative.ca\/International\/wp-json\/wp\/v2\/posts\/117921","targetHints":{"allow":["GET"]}}],"collection":[{"href":"https:\/\/linitiative.ca\/International\/wp-json\/wp\/v2\/posts"}],"about":[{"href":"https:\/\/linitiative.ca\/International\/wp-json\/wp\/v2\/types\/post"}],"author":[{"embeddable":true,"href":"https:\/\/linitiative.ca\/International\/wp-json\/wp\/v2\/users\/1759"}],"replies":[{"embeddable":true,"href":"https:\/\/linitiative.ca\/International\/wp-json\/wp\/v2\/comments?post=117921"}],"version-history":[{"count":0,"href":"https:\/\/linitiative.ca\/International\/wp-json\/wp\/v2\/posts\/117921\/revisions"}],"wp:attachment":[{"href":"https:\/\/linitiative.ca\/International\/wp-json\/wp\/v2\/media?parent=117921"}],"wp:term":[{"taxonomy":"category","embeddable":true,"href":"https:\/\/linitiative.ca\/International\/wp-json\/wp\/v2\/categories?post=117921"},{"taxonomy":"post_tag","embeddable":true,"href":"https:\/\/linitiative.ca\/International\/wp-json\/wp\/v2\/tags?post=117921"}],"curies":[{"name":"wp","href":"https:\/\/api.w.org\/{rel}","templated":true}]}}