{"id":117922,"date":"2021-06-03T11:33:12","date_gmt":"2021-06-03T15:33:12","guid":{"rendered":"https:\/\/linitiative.ca\/International\/la-cgem-sengage-totalement-en-faveur-du-succes-du-nmd-selon-chakib-alj\/"},"modified":"2021-06-03T11:33:12","modified_gmt":"2021-06-03T15:33:12","slug":"la-cgem-sengage-totalement-en-faveur-du-succes-du-nmd-selon-chakib-alj","status":"publish","type":"post","link":"https:\/\/linitiative.ca\/International\/la-cgem-sengage-totalement-en-faveur-du-succes-du-nmd-selon-chakib-alj\/","title":{"rendered":"La CGEM s\u2019engage \u00ab\u00a0totalement\u00a0\u00bb en faveur du succ\u00e8s du NMD, selon Chakib Alj"},"content":{"rendered":"<figure class=\"post-thumbnail\" itemprop=\"associatedMedia\" itemscope=\"itemscope\" itemtype=\"http:\/\/schema.org\/ImageObject\"><img decoding=\"async\" class=\"post_layout_5_img\" src=\"https:\/\/aujourdhui.ma\/wp-content\/uploads\/2020\/10\/Chakib-Alj-CGEM.jpg\" alt=\"La CGEM s\u2019engage \u00ab\u00a0totalement\u00a0\u00bb en faveur du succ\u00e8s du NMD, selon Chakib Alj\"\/><\/figure>\n<p><span class=\"c6\"><strong>La Conf\u00e9d\u00e9ration g\u00e9n\u00e9rale des entreprises du Maroc (CGEM) sera mobilis\u00e9e, de fa\u00e7on \u00ab\u00a0totale\u00a0\u00bb et \u00ab\u00a0permanente\u00a0\u00bb, en faveur de la r\u00e9ussite et du d\u00e9ploiement du rapport sur le nouveau mod\u00e8le de d\u00e9veloppement (NMD), a affirm\u00e9, jeudi \u00e0 Casablanca, le pr\u00e9sident du Patronat, Chakib Alj.<\/strong><\/span><span id=\"more-378159\"\/><\/p>\n<p>La Conf\u00e9d\u00e9ration, \u00e0 travers ses f\u00e9d\u00e9rations sectorielles, ses CGEM R\u00e9gions, ses commissions, son groupe \u00e0 la Chambre des Conseillers, ainsi que l\u2019ensemble de ses membres, est engag\u00e9e \u00e0 jouer son r\u00f4le, aupr\u00e8s du gouvernement, dans la mise en \u0153uvre de ce NMD et \u00e0 intervenir activement dans le cadre d\u2019une gouvernance participative ou de \u00ab\u00a0delivery squads mixtes\u00a0\u00bb pour acc\u00e9l\u00e9rer l\u2019ex\u00e9cution de ce mod\u00e8le, a dit M. Alj lors d\u2019une r\u00e9union consacr\u00e9e \u00e0 la pr\u00e9sentation au secteur priv\u00e9, du rapport g\u00e9n\u00e9ral sur le NMD par le pr\u00e9sident de la Commission sp\u00e9ciale sur le mod\u00e8le de d\u00e9veloppement (CSMD), Chakib Benmoussa.<\/p>\n<p>\u00ab\u00a0\u00c0 cet effet, nous mettrons incessamment en place un comit\u00e9 interne d\u00e9di\u00e9\u00a0\u00bb, a-t-il poursuivi, notant que la perspective du NMD est en phase avec la vision du secteur priv\u00e9.<\/p>\n<p>\u00ab\u00a0Nous avons effectivement vu, tout au long de cette pand\u00e9mie, que lorsque nous intervenons dans le cadre d\u2019instances publiques-priv\u00e9es formalis\u00e9es et flexibles, des d\u00e9cisions innovantes et ambitieuses peuvent \u00eatre prises tr\u00e8s vite, impactant de mani\u00e8re positive l\u2019ensemble de la population\u00a0\u00bb, a relev\u00e9 M. Alj.<\/p>\n<p>A cet \u00e9gard, le pr\u00e9disent de la Conf\u00e9d\u00e9ration a indiqu\u00e9 qu\u2019\u00e0 tous points de vue, la gestion de la crise a \u00e9t\u00e9 exemplaire, soulignant que ce mod\u00e8le, mixte de pilotage avec toutes les parties prenantes impliqu\u00e9es, va permettre d\u2019unir toutes les \u00e9nergies pour atteindre des objectifs \u00e9conomiques \u00ab\u00a0ambitieux\u00a0\u00bb et \u00ab\u00a0louables\u00a0\u00bb.<\/p>\n<p>La CGEM se mobilise aussi pour doubler le produit int\u00e9rieur brut (PIB) \u00e0 travers une croissance annuelle moyenne de plus de 6% par an \u00e0 l\u2019horizon 2035, pour passer de 6.000 \u00e0 12.000 entreprises exportatrices et pour tripler le nombre de jeunes entreprises \u00e0 croissance rapide dites \u00ab\u00a0gazelles\u00a0\u00bb de 1.000 \u00e0 3.000, a-t-il pr\u00e9cis\u00e9.<\/p>\n<p>Elle s\u2019engage \u00e9galement pour contribuer \u00e0 la r\u00e9duction de la part de l\u2019emploi informel de 59% \u00e0 20% et passer de 1 dh\/kWh \u00e0 0,5 dh\/kWh pour le co\u00fbt de l\u2019\u00e9nergie pour les industries \u00e9nergivores, a soutenu M. Alj.<\/p>\n<p>Le Patron des patrons a, en outre, soulign\u00e9 que la relance post-Covid-19 constitue une v\u00e9ritable aubaine pour mettre en place les bonnes bases pour l\u2019industrie et l\u2019\u00e9conomie de demain, qui se doivent d\u2019\u00eatre plus vertes, plus comp\u00e9titives et g\u00e9n\u00e9ratrices d\u2019une croissance rapide, tout en \u00e9tant centr\u00e9es sur le capital humain et le citoyen de mani\u00e8re g\u00e9n\u00e9rale.<\/p>\n<p>Ont pris part notamment \u00e0 cette rencontre, tenue en mode hybride, des membres de la CSMD et des membres et pr\u00e9sidents des commissions \u00e0 la CGEM.<\/p>\n<p>Auteur: ALM<br \/>\n<a href=\"https:\/\/aujourdhui.ma\/economie\/la-cgem-sengage-totalement-en-faveur-du-succes-du-nmd-selon-chakib-alj\">Cliquez ici pour lire l&rsquo;article depuis sa source.<\/a><\/p>\n","protected":false},"excerpt":{"rendered":"<p>La Conf\u00e9d\u00e9ration g\u00e9n\u00e9rale des entreprises du Maroc (CGEM) sera mobilis\u00e9e, de fa\u00e7on \u00ab\u00a0totale\u00a0\u00bb et \u00ab\u00a0permanente\u00a0\u00bb, en faveur de la r\u00e9ussite et du d\u00e9ploiement du rapport sur le nouveau mod\u00e8le de d\u00e9veloppement (NMD), a affirm\u00e9, jeudi \u00e0 Casablanca, le pr\u00e9sident du Patronat, Chakib Alj. La Conf\u00e9d\u00e9ration, \u00e0 travers ses f\u00e9d\u00e9rations sectorielles, ses CGEM R\u00e9gions, ses commissions, [&hellip;]<\/p>\n","protected":false},"author":1759,"featured_media":0,"comment_status":"closed","ping_status":"closed","sticky":false,"template":"","format":"standard","meta":{"fifu_image_url":"https:\/\/aujourdhui.ma\/wp-content\/uploads\/2020\/10\/Chakib-Alj-CGEM.jpg","fifu_image_alt":"La CGEM s\u2019engage \u00ab\u00a0totalement\u00a0\u00bb en faveur du succ\u00e8s du NMD, selon Chakib Alj","footnotes":""},"categories":[73,54],"tags":[],"class_list":["post-117922","post","type-post","status-publish","format-standard","hentry","category-actualite","category-maroc"],"_links":{"self":[{"href":"https:\/\/linitiative.ca\/International\/wp-json\/wp\/v2\/posts\/117922","targetHints":{"allow":["GET"]}}],"collection":[{"href":"https:\/\/linitiative.ca\/International\/wp-json\/wp\/v2\/posts"}],"about":[{"href":"https:\/\/linitiative.ca\/International\/wp-json\/wp\/v2\/types\/post"}],"author":[{"embeddable":true,"href":"https:\/\/linitiative.ca\/International\/wp-json\/wp\/v2\/users\/1759"}],"replies":[{"embeddable":true,"href":"https:\/\/linitiative.ca\/International\/wp-json\/wp\/v2\/comments?post=117922"}],"version-history":[{"count":0,"href":"https:\/\/linitiative.ca\/International\/wp-json\/wp\/v2\/posts\/117922\/revisions"}],"wp:attachment":[{"href":"https:\/\/linitiative.ca\/International\/wp-json\/wp\/v2\/media?parent=117922"}],"wp:term":[{"taxonomy":"category","embeddable":true,"href":"https:\/\/linitiative.ca\/International\/wp-json\/wp\/v2\/categories?post=117922"},{"taxonomy":"post_tag","embeddable":true,"href":"https:\/\/linitiative.ca\/International\/wp-json\/wp\/v2\/tags?post=117922"}],"curies":[{"name":"wp","href":"https:\/\/api.w.org\/{rel}","templated":true}]}}