{"id":117923,"date":"2021-06-02T14:00:00","date_gmt":"2021-06-02T18:00:00","guid":{"rendered":"https:\/\/linitiative.ca\/International\/oit-un-deficit-de-75-millions-demplois-en-2021-dans-le-monde\/"},"modified":"2021-06-02T14:00:00","modified_gmt":"2021-06-02T18:00:00","slug":"oit-un-deficit-de-75-millions-demplois-en-2021-dans-le-monde","status":"publish","type":"post","link":"https:\/\/linitiative.ca\/International\/oit-un-deficit-de-75-millions-demplois-en-2021-dans-le-monde\/","title":{"rendered":"OIT : \u00abun d\u00e9ficit\u00bb de 75 millions d\u2019emplois en 2021 dans le monde"},"content":{"rendered":"<p class=\"has-text-align-center has-vivid-cyan-blue-color has-text-color\"><strong>Pand\u00e9mie<\/strong><\/p>\n<p class=\"has-text-align-left\"><strong>\u00ab\u00a0Le d\u00e9ficit\u00a0\u00bb en nombre d\u2019emplois provoqu\u00e9 par la crise mondiale li\u00e9e \u00e0 la pand\u00e9mie de Covid-19 atteindra 75 millions en 2021, avant de retomber \u00e0 23 millions en 2022, a pr\u00e9venu mercredi l\u2019Organisation internationale du Travail (OIT).<\/strong><\/p>\n<p class=\"has-text-align-left\">\u00ab\u00a0La crise cr\u00e9\u00e9e par la pand\u00e9mie de Covid-19 qui touche le march\u00e9 du travail est loin d\u2019\u00eatre termin\u00e9e et la croissance du nombre d\u2019emplois sera insuffisante pour compenser les pertes qui ont \u00e9t\u00e9 enregistr\u00e9es jusqu\u2019\u00e0 au moins 2023\u00a0\u00bb, a indiqu\u00e9 l\u2019OIT dans son rapport \u00ab\u00a0Emploi et questions sociales dans le monde: Tendances 2021\u00a0\u00bb.<\/p>\n<p class=\"has-text-align-left\">Les pr\u00e9visions de l\u2019OIT concernant le march\u00e9 du travail mettent en \u00e9vidence \u00ab\u00a0le danger de voir le Covid-19 laisser derri\u00e8re lui des in\u00e9galit\u00e9s g\u00e9ographiques et d\u00e9mographiques croissantes, une hausse de la pauvret\u00e9 et moins d\u2019emplois d\u00e9cents\u00a0\u00bb.<\/p>\n<p class=\"has-text-align-left\">Le rapport de l\u2019OIT estime que \u00ab\u00a0le d\u00e9ficit en nombre d\u2019emplois atteindra 75 millions en 2021. Li\u00e9 au pr\u00e9c\u00e9dent, le d\u00e9ficit en nombre d\u2019heures travaill\u00e9es qui inclut le d\u00e9ficit en nombre d\u2019emplois et ceux qui ont eu des heures de travail r\u00e9duites s\u2019\u00e9l\u00e8ve, en 2021, \u00e0 l\u2019\u00e9quivalent de 100 millions d\u2019emplois \u00e0 temps plein et atteindra 26 millions d\u2019emplois \u00e0 temps plein en 2022\u00a0\u00bb.<\/p>\n<p class=\"has-text-align-left\">Ces baisses enregistr\u00e9es au niveau de l\u2019emploi et des heures de travail surviennent dans un contexte pr\u00e9existant de niveaux de ch\u00f4mage \u00e9lev\u00e9s et persistants, de sous-utilisation de la main d\u2019\u0153uvre et de mauvaises conditions de travail, fait observer l\u2019organisation.<\/p>\n<p class=\"has-text-align-left\">En cons\u00e9quence, le ch\u00f4mage devrait toucher 205 millions de personnes dans le monde en 2022, d\u00e9passant de beaucoup le niveau de 187 millions de 2019, fait savoir l\u2019OIT, notant que \u00ab\u00a0cela correspond \u00e0 un taux de ch\u00f4mage de 5,7 %\u00a0\u00bb. Si l\u2019on exclut la p\u00e9riode correspondant \u00e0 la crise du Covid-19, il faut remonter \u00e0 2013 pour retrouver un taux similaire, rapporte l\u2019OIT.<\/p>\n<p class=\"has-text-align-left\">Au premier semestre de 2021, les r\u00e9gions du monde les plus touch\u00e9es ont \u00e9t\u00e9 l\u2019Am\u00e9rique latine et les Cara\u00efbes, ainsi que l\u2019Europe et l\u2019Asie centrale. Dans les deux cas, les pertes estim\u00e9es en heures travaill\u00e9es ont d\u00e9pass\u00e9 8% au premier trimestre et 6% au deuxi\u00e8me trimestre, en comparaison avec des pertes globales en heures travaill\u00e9es de 4,8 et de 4,4 % respectivement au premier et au deuxi\u00e8me trimestre.<\/p>\n<p class=\"has-text-align-left\">Si la pand\u00e9mie de Covid-19 dans le monde ne s\u2019aggrave pas, on s\u2019attend \u00e0 ce que la reprise de l\u2019emploi au niveau mondial s\u2019acc\u00e9l\u00e8re au deuxi\u00e8me semestre de 2021.<\/p>\n<p class=\"has-text-align-left\">\u00ab\u00a0Cependant, cette reprise aura un caract\u00e8re irr\u00e9gulier, en raison des in\u00e9galit\u00e9s pour acc\u00e9der au vaccin et de la capacit\u00e9 limit\u00e9e de la plupart des \u00e9conomies \u00e9mergentes et en d\u00e9veloppement \u00e0 prendre des mesures fortes de relance budg\u00e9taire\u00a0\u00bb, ajoute l\u2019organisation, estimant que la qualit\u00e9 des nouveaux emplois cr\u00e9\u00e9s dans ces pays est susceptible de se d\u00e9t\u00e9riorer.<\/p>\n<p>Auteur: M&rsquo;hammed rahal<br \/>\n<a href=\"http:\/\/albayane.press.ma\/oit-un-deficit-de-75-millions-demplois-en-2021-dans-le-monde.html\">Cliquez ici pour lire l&rsquo;article depuis sa source.<\/a><\/p>\n","protected":false},"excerpt":{"rendered":"<p>Pand\u00e9mie \u00ab\u00a0Le d\u00e9ficit\u00a0\u00bb en nombre d\u2019emplois provoqu\u00e9 par la crise mondiale li\u00e9e \u00e0 la pand\u00e9mie de Covid-19 atteindra 75 millions en 2021, avant de retomber \u00e0 23 millions en 2022, a pr\u00e9venu mercredi l\u2019Organisation internationale du Travail (OIT). \u00ab\u00a0La crise cr\u00e9\u00e9e par la pand\u00e9mie de Covid-19 qui touche le march\u00e9 du travail est loin d\u2019\u00eatre [&hellip;]<\/p>\n","protected":false},"author":1760,"featured_media":0,"comment_status":"closed","ping_status":"closed","sticky":false,"template":"","format":"standard","meta":{"fifu_image_url":"","fifu_image_alt":"","footnotes":""},"categories":[73,54],"tags":[],"class_list":["post-117923","post","type-post","status-publish","format-standard","hentry","category-actualite","category-maroc"],"_links":{"self":[{"href":"https:\/\/linitiative.ca\/International\/wp-json\/wp\/v2\/posts\/117923","targetHints":{"allow":["GET"]}}],"collection":[{"href":"https:\/\/linitiative.ca\/International\/wp-json\/wp\/v2\/posts"}],"about":[{"href":"https:\/\/linitiative.ca\/International\/wp-json\/wp\/v2\/types\/post"}],"author":[{"embeddable":true,"href":"https:\/\/linitiative.ca\/International\/wp-json\/wp\/v2\/users\/1760"}],"replies":[{"embeddable":true,"href":"https:\/\/linitiative.ca\/International\/wp-json\/wp\/v2\/comments?post=117923"}],"version-history":[{"count":0,"href":"https:\/\/linitiative.ca\/International\/wp-json\/wp\/v2\/posts\/117923\/revisions"}],"wp:attachment":[{"href":"https:\/\/linitiative.ca\/International\/wp-json\/wp\/v2\/media?parent=117923"}],"wp:term":[{"taxonomy":"category","embeddable":true,"href":"https:\/\/linitiative.ca\/International\/wp-json\/wp\/v2\/categories?post=117923"},{"taxonomy":"post_tag","embeddable":true,"href":"https:\/\/linitiative.ca\/International\/wp-json\/wp\/v2\/tags?post=117923"}],"curies":[{"name":"wp","href":"https:\/\/api.w.org\/{rel}","templated":true}]}}