{"id":117924,"date":"2021-06-02T14:00:00","date_gmt":"2021-06-02T18:00:00","guid":{"rendered":"https:\/\/linitiative.ca\/International\/nmd-de-nombreux-points-de-convergence-avec-les-approches-du-pps\/"},"modified":"2021-06-02T14:00:00","modified_gmt":"2021-06-02T18:00:00","slug":"nmd-de-nombreux-points-de-convergence-avec-les-approches-du-pps","status":"publish","type":"post","link":"https:\/\/linitiative.ca\/International\/nmd-de-nombreux-points-de-convergence-avec-les-approches-du-pps\/","title":{"rendered":"NMD :  de nombreux points de convergence avec les approches du PPS"},"content":{"rendered":"<p class=\"has-text-align-center has-vivid-red-color has-text-color\"><strong>Communiqu\u00e9 du bureau politique<\/strong><\/p>\n<p class=\"has-text-align-left has-vivid-cyan-blue-color has-text-color\"><strong>Le bureau politique du Parti du Progr\u00e8s et du Socialisme a tenu, mardi 1<sup>er<\/sup>\u00a0juin 2021, sa r\u00e9union hebdomadaire, consacr\u00e9e en grande partie \u00e0 l\u2019examen du document du nouveau mod\u00e8le de d\u00e9veloppement, et a d\u00e9battu de nombreuses questions au niveau national.<\/strong><\/p>\n<p>Au d\u00e9but de sa r\u00e9union, et apr\u00e8s un d\u00e9bat exhaustif, le bureau politique s\u2019est arr\u00eat\u00e9 sur les efforts d\u00e9ploy\u00e9s et l\u2019approche participative adopt\u00e9e dans l\u2019\u00e9laboration du rapport du mod\u00e8le de d\u00e9veloppement. Il s\u2019est arr\u00eat\u00e9 \u00e9galement sur les nombreux points de convergence entre les conclusions de la commission et les approches du Parti du Progr\u00e8s et du Socialisme, aussi bien au niveau des insuffisances et des dysfonctionnements relev\u00e9s avec courage par le diagnostic et que le parti n\u2019a cess\u00e9 d\u2019\u00e9voquer dans ses diff\u00e9rents documents, qu\u2019au niveau de nombreuses approches et alternatives expos\u00e9es, dont la mise en \u0153uvre optimale est \u00e0 m\u00eame de r\u00e9aliser un v\u00e9ritable d\u00e9collage dans le d\u00e9veloppement de notre pays, dans ses dimensions vitales et globales, interd\u00e9pendantes et compl\u00e9mentaires, institutionnelles, politiques, d\u00e9mocratiques, \u00e9conomiques, environnementales, culturelles et civilisationnelles, telles que consacr\u00e9es par la Constitution de 2011.<\/p>\n<p>Dans le m\u00eame temps, le bureau politique a d\u00e9cid\u00e9 de poursuivre l\u2019examen approfondi du rapport, dans ses diff\u00e9rents aspects, pour exprimer les remarques appropri\u00e9es susceptibles d\u2019enrichir ce document important, en particulier \u00e0 l\u2019occasion de la pr\u00e9paration et de la pr\u00e9sentation du programme \u00e9lectoral du parti.<\/p>\n<p>Par ailleurs, le bureau politique a salu\u00e9 les initiatives s\u00e9rieuses et fortes de notre pays pour le retour des mineurs marocains non accompagn\u00e9s par leurs proches et bloqu\u00e9s dans certains pays europ\u00e9ens. Le parti demande aux pays concern\u00e9s d\u2019\u0153uvrer \u00e0 faciliter cette op\u00e9ration \u00e0 travers l\u2019all\u00e8gement des complications de proc\u00e9dures.<\/p>\n<p>Dans ce cadre, le Parti du Progr\u00e8s et du Socialisme souligne qu\u2019il est inefficient que l\u2019Espagne invoque le pr\u00e9texte de la question migratoire pour occulter les causes r\u00e9elles de sa crise politique avec notre pays. Et ce au moment o\u00f9 Madrid est appel\u00e9 \u00e0 s\u2019expliquer, \u00e0 assumer les responsabilit\u00e9s de ses actes et \u00e0 rectifier ses erreurs \u00e0 l\u2019\u00e9gard de notre pays, pour que son discours autour de la confiance, du bon voisinage et de la coop\u00e9ration \u00e9quilibr\u00e9e ait un sens v\u00e9ritable et effectif. Ceci ne peut se r\u00e9aliser qu\u2019\u00e0 travers le respect par notre voisin du Nord des causes essentielles du Maroc et des Marocains, dont en premier lieu celle de notre int\u00e9grit\u00e9 territoriale, comme le Maroc a toujours respect\u00e9 les questions vitales de l\u2019Espagne et ses pr\u00e9occupations.<\/p>\n<p>Sur un autre plan, et en rapport avec la gestion de la situation \u00e9pid\u00e9miologique dans notre pays, le bureau politique a enregistr\u00e9 positivement les mesures d\u2019all\u00e8gement pr\u00e9ventif prises par les autorit\u00e9s publiques, \u00e0 la lumi\u00e8re de l\u2019am\u00e9lioration des indicateurs sanitaires li\u00e9s \u00e0 la pand\u00e9mie de la Covid-19 et du progr\u00e8s notable que conna\u00eet l\u2019op\u00e9ration de vaccination.<\/p>\n<p>Dans ce cadre, le bureau politique aspire \u00e0 ce que cette \u00e9tape soit le pr\u00e9lude \u00e0 la victoire d\u00e9finitive sur la pand\u00e9mie et au retour \u00e0 la vie normale, \u00e0 travers notamment la poursuite de la vigilance dans la veille sanitaire, l\u2019intensification de l\u2019op\u00e9ration r\u00e9ussie de vaccination et la poursuite de l\u2019observation des r\u00e8gles de pr\u00e9caution pr\u00e9ventive encore en cours.<\/p>\n<p>Dans le m\u00eame temps, le Parti du Progr\u00e8s et du Socialisme renouvelle sa demande au gouvernement pour accompagner les secteurs, les m\u00e9tiers et les familles les plus affect\u00e9s, du fait des r\u00e9percussions de la pand\u00e9mie, \u00e9conomiquement et socialement, jusqu\u2019\u00e0 leur redressement et le d\u00e9passement de leurs difficult\u00e9s.<\/p>\n<p>Auteur: M&rsquo;hammed rahal<br \/>\n<a href=\"http:\/\/albayane.press.ma\/nmd-de-nombreux-points-de-convergence-avec-les-approches-du-pps.html\">Cliquez ici pour lire l&rsquo;article depuis sa source.<\/a><\/p>\n","protected":false},"excerpt":{"rendered":"<p>Communiqu\u00e9 du bureau politique Le bureau politique du Parti du Progr\u00e8s et du Socialisme a tenu, mardi 1er\u00a0juin 2021, sa r\u00e9union hebdomadaire, consacr\u00e9e en grande partie \u00e0 l\u2019examen du document du nouveau mod\u00e8le de d\u00e9veloppement, et a d\u00e9battu de nombreuses questions au niveau national. Au d\u00e9but de sa r\u00e9union, et apr\u00e8s un d\u00e9bat exhaustif, le [&hellip;]<\/p>\n","protected":false},"author":1760,"featured_media":0,"comment_status":"closed","ping_status":"closed","sticky":false,"template":"","format":"standard","meta":{"fifu_image_url":"","fifu_image_alt":"","footnotes":""},"categories":[73,54],"tags":[],"class_list":["post-117924","post","type-post","status-publish","format-standard","hentry","category-actualite","category-maroc"],"_links":{"self":[{"href":"https:\/\/linitiative.ca\/International\/wp-json\/wp\/v2\/posts\/117924","targetHints":{"allow":["GET"]}}],"collection":[{"href":"https:\/\/linitiative.ca\/International\/wp-json\/wp\/v2\/posts"}],"about":[{"href":"https:\/\/linitiative.ca\/International\/wp-json\/wp\/v2\/types\/post"}],"author":[{"embeddable":true,"href":"https:\/\/linitiative.ca\/International\/wp-json\/wp\/v2\/users\/1760"}],"replies":[{"embeddable":true,"href":"https:\/\/linitiative.ca\/International\/wp-json\/wp\/v2\/comments?post=117924"}],"version-history":[{"count":0,"href":"https:\/\/linitiative.ca\/International\/wp-json\/wp\/v2\/posts\/117924\/revisions"}],"wp:attachment":[{"href":"https:\/\/linitiative.ca\/International\/wp-json\/wp\/v2\/media?parent=117924"}],"wp:term":[{"taxonomy":"category","embeddable":true,"href":"https:\/\/linitiative.ca\/International\/wp-json\/wp\/v2\/categories?post=117924"},{"taxonomy":"post_tag","embeddable":true,"href":"https:\/\/linitiative.ca\/International\/wp-json\/wp\/v2\/tags?post=117924"}],"curies":[{"name":"wp","href":"https:\/\/api.w.org\/{rel}","templated":true}]}}