{"id":117925,"date":"2021-06-02T14:00:00","date_gmt":"2021-06-02T18:00:00","guid":{"rendered":"https:\/\/linitiative.ca\/International\/vers-la-relance-du-tourisme\/"},"modified":"2021-06-02T14:00:00","modified_gmt":"2021-06-02T18:00:00","slug":"vers-la-relance-du-tourisme","status":"publish","type":"post","link":"https:\/\/linitiative.ca\/International\/vers-la-relance-du-tourisme\/","title":{"rendered":"Vers la relance du tourisme !"},"content":{"rendered":"<p><strong>La s\u00e9rie d\u2019all\u00e9gement des mesures restrictives que viennent de ratifier les pouvoirs publics, marque sans doute, la relance effective de l\u2019\u00e8re post-pand\u00e9mique.Ces d\u00e9marches salvatrices co\u00efncident avec la pr\u00e9sentation du nouveau mod\u00e8le de d\u00e9veloppement que la commission sp\u00e9ciale a mis en \u0153uvre pour la quinzaine d\u2019ann\u00e9es \u00e0 venir. Certes, la nouvelle feuille de route \u00e9labor\u00e9e, en concertation avec les composantes de l\u2019\u00e9lite nationale, serait soumise \u00e0 la r\u00e9alit\u00e9 marocaine en ballotage, depuis que le mod\u00e8le ant\u00e9c\u00e9dent devient caduc et anachronique pour une soci\u00e9t\u00e9, en pleine effervescence. La remise en train englobe alors tous les secteurs de la vie active, \u00a0fort confort\u00e9e par les le\u00e7ons enrichissantes, tir\u00e9es de l\u2019\u00e9pid\u00e9mie durant plus d\u2019une ann\u00e9e o\u00f9 l\u2019Etat s\u2019est montr\u00e9 r\u00e9solument fort et initiateur, en \u00e9quidistance avec un peuple fonci\u00e8rement encaisseur et solidaire.<\/strong><\/p>\n<p>Au passage, il est loisible de citer \u00e0 cet \u00e9gard, la situation \u00ab\u00a0morose\u00a0\u00bb qu\u2019a connue le segment de l\u2019h\u00f4tellerie du domaine \u00a0touristique, sous toutes activit\u00e9s parall\u00e8les. Il faut bien dire que ce secteur qui renferme une pl\u00e9iade de cadres professionnels et une panoplie de techniciens et d\u2019employ\u00e9s, toutes disciplines confondues, a terriblement souffert pendant toute cette atroce p\u00e9riode.\u00a0 Le retour progressif \u00e0 la vie normale qui se pinte \u00e0 l\u2019horizon imminent de cit\u00e9 de l\u2019Etat de se pencher prioritairement sur le redressement du tourisme, cheville ouvri\u00e8re de l\u2019\u00e9conomie nationale. Dans ce sens, il convient d\u2019avancer que la crise virale a certainement fait comprendre que le d\u00e9collage commence, \u00e0 coup s\u00fbr , de pr\u00e9parer la saison estivale qui s\u2019annonce \u00e0 grands pas. Pour ce, il va falloir se pr\u00e9parer \u00e0 recevoir des coupes grandissantes des visiteurs nationaux qui viendront prendre d\u2019assaut les destinations surtout baln\u00e9aires du royaume. Tout en s\u2019appr\u00eatant \u00e0 accueillir ces familles en qu\u00eate de la fra\u00eecheur et du ressourcement, il est \u00e9galement imp\u00e9ratif de se plier aux pr\u00e9cautions pr\u00e9ventives contre le virus, car le mal \u00e9pid\u00e9miologique est toujours dans nos murs.<\/p>\n<p>En parall\u00e8le, les op\u00e9rateurs du tourisme se devraient d\u00e8s maintenant de s\u2019attaquer manu militari \u00e0 la saison hivernale, en direction des touristes \u00e9trangers, apr\u00e8s avoir, entre temps, d\u00e9verrouill\u00e9 le ciel national pour les diverses dessertes \u00e0 vocation du tourisme. Pour ce, une strat\u00e9gie de r\u00e9elle d\u00e9collage d\u2019une secteur est \u00e0 pr\u00e9voir, avec l\u2019incorporation de toutes les comp\u00e9tences r\u00e9gionales du terrain qui puissent mettre leur pierre sp\u00e9cifique \u00e0 l\u2019\u00e9difice, sans se contenter, comme de coutume, \u00e0 l\u2019apport approximatif des \u00ab\u00a0cabinards\u00a0\u00bbdu d\u00e9partement central. Trois gros imp\u00e9ratifs s\u2019av\u00e8rent incontournables pour le rehaussement du secteur \u00e0 savoir, l\u2019a\u00e9rien, le produit et la promotion.<\/p>\n<p>Pour ce qui est du premier, il est judicieux de se focaliser sur cet axe vital par la recherche de nouveaux Tours Operators et vendre la destination \u00e0 des offres comp\u00e9titifs, en attendant de se doter des avions charters dans chaque r\u00e9gion pris\u00e9e du pays dont la finalisation du package interpelle l\u2019\u00c9tat, les conseils r\u00e9gionaux et territoriaux respectifs. Le second s\u2019appuiera sur la qualit\u00e9 et la diversit\u00e9 du produit afin de r\u00e9pondre aux nouvelles exigences de la client\u00e8le, plut\u00f4t attir\u00e9 par la novation, la stabilit\u00e9, la s\u00e9curit\u00e9 et la commodit\u00e9.<\/p>\n<p>Ces conditions ne sont pas actuellement remplies dans nos structures h\u00f4teli\u00e8res obsol\u00e8tes pour la plupart dont la capacit\u00e9 liti\u00e8re s\u2019amenuise au fil du temps. Enfin, il est de plus en plus n\u00e9cessaire de s\u2019atteler aux proc\u00e9d\u00e9s innovants de la digitalisation \u00e0 plus haute degr\u00e9 des drainage, en vue de mieux promouvoir des opportunit\u00e9s dont regorgent les r\u00e9gions du royaume, surtout dans leurs aspect naturel, typique et patrimonial.<\/p>\n<p>Auteur: M&rsquo;hammed rahal<br \/>\n<a href=\"http:\/\/albayane.press.ma\/vers-la-relance-du-tourisme.html\">Cliquez ici pour lire l&rsquo;article depuis sa source.<\/a><\/p>\n","protected":false},"excerpt":{"rendered":"<p>La s\u00e9rie d\u2019all\u00e9gement des mesures restrictives que viennent de ratifier les pouvoirs publics, marque sans doute, la relance effective de l\u2019\u00e8re post-pand\u00e9mique.Ces d\u00e9marches salvatrices co\u00efncident avec la pr\u00e9sentation du nouveau mod\u00e8le de d\u00e9veloppement que la commission sp\u00e9ciale a mis en \u0153uvre pour la quinzaine d\u2019ann\u00e9es \u00e0 venir. Certes, la nouvelle feuille de route \u00e9labor\u00e9e, en [&hellip;]<\/p>\n","protected":false},"author":1760,"featured_media":0,"comment_status":"closed","ping_status":"closed","sticky":false,"template":"","format":"standard","meta":{"fifu_image_url":"","fifu_image_alt":"","footnotes":""},"categories":[73,54],"tags":[],"class_list":["post-117925","post","type-post","status-publish","format-standard","hentry","category-actualite","category-maroc"],"_links":{"self":[{"href":"https:\/\/linitiative.ca\/International\/wp-json\/wp\/v2\/posts\/117925","targetHints":{"allow":["GET"]}}],"collection":[{"href":"https:\/\/linitiative.ca\/International\/wp-json\/wp\/v2\/posts"}],"about":[{"href":"https:\/\/linitiative.ca\/International\/wp-json\/wp\/v2\/types\/post"}],"author":[{"embeddable":true,"href":"https:\/\/linitiative.ca\/International\/wp-json\/wp\/v2\/users\/1760"}],"replies":[{"embeddable":true,"href":"https:\/\/linitiative.ca\/International\/wp-json\/wp\/v2\/comments?post=117925"}],"version-history":[{"count":0,"href":"https:\/\/linitiative.ca\/International\/wp-json\/wp\/v2\/posts\/117925\/revisions"}],"wp:attachment":[{"href":"https:\/\/linitiative.ca\/International\/wp-json\/wp\/v2\/media?parent=117925"}],"wp:term":[{"taxonomy":"category","embeddable":true,"href":"https:\/\/linitiative.ca\/International\/wp-json\/wp\/v2\/categories?post=117925"},{"taxonomy":"post_tag","embeddable":true,"href":"https:\/\/linitiative.ca\/International\/wp-json\/wp\/v2\/tags?post=117925"}],"curies":[{"name":"wp","href":"https:\/\/api.w.org\/{rel}","templated":true}]}}