{"id":117927,"date":"2021-06-02T14:00:00","date_gmt":"2021-06-02T18:00:00","guid":{"rendered":"https:\/\/linitiative.ca\/International\/chassez-le-serieux-il-revient-au-galop\/"},"modified":"2021-06-02T14:00:00","modified_gmt":"2021-06-02T18:00:00","slug":"chassez-le-serieux-il-revient-au-galop","status":"publish","type":"post","link":"https:\/\/linitiative.ca\/International\/chassez-le-serieux-il-revient-au-galop\/","title":{"rendered":"Chassez le s\u00e9rieux, il revient au galop \u2026"},"content":{"rendered":"<p class=\"has-vivid-cyan-blue-color has-text-color\"><strong>Deux sujets dominent tr\u00e8s largement dans les discussions pour converger sur ce qui semble constituer la pr\u00e9occupation majeure des Marocain(e)s. D\u2019une part, les aptitudes de la soci\u00e9t\u00e9 marocaine \u00e0 r\u00e9ussir \u00ab\u00a0le nouveau mod\u00e8le de d\u00e9veloppement\u00a0\u00bb et d\u2019autre part, la position hostile du Royaume d\u2019Espagne \u00e0 l\u2019int\u00e9grit\u00e9 territoriale du Maroc.<\/strong><\/p>\n<p>Le beau texte produit au nom de la Commission Sp\u00e9ciale sur le Mod\u00e8le de D\u00e9veloppement induit imm\u00e9diatement une interpellation sur le pr\u00e9sent subi. Entre le diagnostic des \u00e9checs et les propositions pour les d\u00e9passer, la r\u00e9flexion se fixe sur cette \u00ab\u00a0g\u00e9n\u00e9ration covid\u00a0\u00bb et son avenir. Rien n\u2019est fait pour la pr\u00e9parer \u00e0 faire le saut entre \u00ab\u00a0l\u2019ancien\u00a0\u00bb et \u00ab\u00a0le nouveau\u00a0\u00bb. Elle reste dans l\u2019engourdissement du scepticisme, dans l\u2019attente de la r\u00e9alisation des promesses. Dans la continuit\u00e9 du \u00ab\u00a0probl\u00e8me agraire\u00a0\u00bb, le fellah marocain est maintenu dans ce blocage traditionnel de subordination \u00e0 la volont\u00e9 des citadins qui le rend facilement candidat \u00e0 l\u2019exode. Le \u00ab\u00a0probl\u00e8me de l\u2019emploi\u00a0\u00bb devra-t-il attendre une dizaine d\u2019ann\u00e9es pour que le sourire de la premi\u00e8re paie remplace le dommage caus\u00e9 par le gel du ch\u00f4mage ? Les cadres comp\u00e9tents et les \u00e9lites responsables et engag\u00e9es sont \u00ab\u00a0en voie de disparition\u00a0\u00bb suite \u00e0 l\u2019\u00e9rosion du syst\u00e8me \u00e9ducatif et \u00e0 l\u2019utilisation du \u00ab\u00a0pr\u00eat \u00e0 porter\u00a0\u00bb politique. La crise multiforme de la covid19, avec ses cons\u00e9quences \u00e9conomiques et sociales, cache le d\u00e9sespoir de celles et de ceux qui attendent le jour o\u00f9 ils reviendront aux pratiques anciennes de l\u2019informel, du petit boulot et d\u2019une vie vivot\u00e9e. Le probl\u00e8me est pr\u00e9sent et n\u00e9cessite des solutions actuelles pour que la confiance revienne et que la motivation l\u2019emporte sur la m\u00e9fiance et l\u2019abstention.<\/p>\n<p>Les forces vives de la nation sont en marge du changement souhait\u00e9 car elles ont \u00e9t\u00e9 \u00e9cart\u00e9es de son \u00e9volution et de ses bienfaits engrang\u00e9s par une \u00e9l\u00e9gerocratie ind\u00e9crottable qui cherche encore \u00e0 se maintenir. Les in\u00e9galit\u00e9s sociales, autant que les disparit\u00e9s sociales, s\u2019aggravent malgr\u00e9 les efforts accomplis dans l\u2019infrastructure du territoire et les avanc\u00e9es du processus d\u00e9mocratique dans son cours m\u00e9andriforme. Leur comblement \u00e9tal\u00e9 sur les quinze ann\u00e9es \u00e0 venir, comme le stipule le mod\u00e8le de d\u00e9veloppement propos\u00e9, donne l\u2019impression que \u00ab\u00a0rien ne presse\u00a0\u00bb et qu\u2019il suffit de revenir \u00e0 une \u00ab\u00a0planification\u00a0\u00bb qui ne veut pas dire son nom pour aboutir au \u00ab\u00a0Maroc nouveau\u00a0\u00bb convoit\u00e9. Si cela a le m\u00e9rite d\u2019exister, il reste \u00e0 \u00ab\u00a0mettre le levain dans la p\u00e2te\u00a0\u00bb pour appr\u00eater la jouissance de services de la soci\u00e9t\u00e9 moderne. Entre autres, le pouvoir d\u2019achat de l\u2019ensemble de la population doit s\u2019am\u00e9liorer pour permettre l\u2019am\u00e9nagement de d\u00e9bouch\u00e9s internes aux produits issus de l\u2019activit\u00e9 des diff\u00e9rents secteurs appel\u00e9s \u00e0 cr\u00e9er la plus-value n\u00e9cessaire \u00e0 la croissance et au d\u00e9veloppement. L\u2019endettement qui ne fait que s\u2019accroitre devra \u00eatre effac\u00e9 gr\u00e2ce aussi \u00e0 une r\u00e9forme fiscale juste et \u00e9quitable et non par l\u2019accentuation de l\u2019imp\u00f4t, sous toutes ses formes et ses appellations, sur les masses populaires.<\/p>\n<p>On ne vit pas que de discours, les actes traduisent les desseins et forgent les volont\u00e9s. La distorsion entre la r\u00e9alit\u00e9 et la projection dans l\u2019avenir entrave l\u2019engagement total de la population dans le changement pens\u00e9.Dans ce cadre, l\u2019\u00e9cole publique envisag\u00e9e par le mod\u00e8le de d\u00e9veloppement projet\u00e9 ne se retrouve pas dans la loi cadre 51-17 dont l\u2019amendement est n\u00e9cessaire. Seul le s\u00e9rieux est mobilisateur. Seul le s\u00e9rieux garantit la r\u00e9ussite.<\/p>\n<p>Les imp\u00e9ratifs de la relance, de l\u2019\u00e9mergence et de la consolidation du processus d\u00e9mocratique n\u2019occultent pas le sentiment patriotique des Marocain(e)s qui, sans chauvinisme aucun et avec une grande conscience des d\u00e9fis de la souverainet\u00e9 nationale,abordent la crise avec le Royaume d\u2019Espagne, provoqu\u00e9e par le comportement brigand de son gouvernement.<\/p>\n<p>Il appara\u00eet des \u00e9lucubrations de ce dernier que l\u2019Espagne n\u2019a pas vir\u00e9 sa cuti coloniale. Profiter des int\u00e9r\u00eats que lui offre son voisinage avec le Royaume du Maroc ne suffit pas \u00e0 lui donner une appr\u00e9ciation juste de la r\u00e9alit\u00e9 r\u00e9gionale et de son \u00e9volution. Elle reste attach\u00e9e \u00e0 cette vision \u00e9lisab\u00e9thaine\u00e9cul\u00e9e de \u00ab r\u00e9duireen esclavage\u00a0\u00bb, par un n\u00e9ocolonialisme affich\u00e9 et une traitrise confirm\u00e9eenvers le Royaume du Maroc, multis\u00e9culaire. Cette politique, bas\u00e9e sur le mensonge et sur des fant\u00f4mes et leurs fantasmes, ne peut aboutir qu\u2019\u00e0 sa faillite car elle est bas\u00e9e sur le faux et sur des relents revanchards dissimul\u00e9s. Elle va \u00e0 l\u2019encontre de l\u2019histoire et repose sur les \u00ab\u00a0envies\u00a0\u00bb du pr\u00e9sident alg\u00e9rienBoukharroba et de ses suivants pour mettre le Maroc \u00e0 genoux. L\u2019\u00e9pisode \u00ab\u00a0Ben Battouch\u00a0\u00bbmontre l\u2019aveuglement de l\u2019Espagne et son d\u00e9rapage\u00a0; niant l\u2019Etat de droit, la transparence et la responsabilit\u00e9 par le gouvernement espagnol. La justice, la v\u00e9rit\u00e9 annihileront la conspiration dont fait l\u2019objet le Royaume du Maroc.<\/p>\n<p>Les efforts du Maroc \u00e0 contrer les\u00a0\u00ab\u00a0envies\u00a0\u00bb de son voisin oriental sont les m\u00eames qui arriveront \u00e0 raisonner son voisin septentrional. Fort du droit, de sa l\u00e9gitime volont\u00e9 de consolider son int\u00e9grit\u00e9 territoriale et de la confirmer sur l\u2019ensemble de son espace g\u00e9ographique, arm\u00e9 par son union et par ses efforts de consolider son front int\u00e9rieur, le peuple marocain vaincra. A l\u2019Espagne de prendre le Maroc au s\u00e9rieux car \u00e0 vouloir le \u00ab\u00a0chasser\u00a0\u00bb, il revient au galop.<\/p>\n<p>Auteur: M&rsquo;hammed rahal<br \/>\n<a href=\"http:\/\/albayane.press.ma\/chassez-le-serieux-il-revient-au-galop.html\">Cliquez ici pour lire l&rsquo;article depuis sa source.<\/a><\/p>\n","protected":false},"excerpt":{"rendered":"<p>Deux sujets dominent tr\u00e8s largement dans les discussions pour converger sur ce qui semble constituer la pr\u00e9occupation majeure des Marocain(e)s. D\u2019une part, les aptitudes de la soci\u00e9t\u00e9 marocaine \u00e0 r\u00e9ussir \u00ab\u00a0le nouveau mod\u00e8le de d\u00e9veloppement\u00a0\u00bb et d\u2019autre part, la position hostile du Royaume d\u2019Espagne \u00e0 l\u2019int\u00e9grit\u00e9 territoriale du Maroc. Le beau texte produit au nom [&hellip;]<\/p>\n","protected":false},"author":1760,"featured_media":0,"comment_status":"closed","ping_status":"closed","sticky":false,"template":"","format":"standard","meta":{"fifu_image_url":"","fifu_image_alt":"","footnotes":""},"categories":[73,54],"tags":[],"class_list":["post-117927","post","type-post","status-publish","format-standard","hentry","category-actualite","category-maroc"],"_links":{"self":[{"href":"https:\/\/linitiative.ca\/International\/wp-json\/wp\/v2\/posts\/117927","targetHints":{"allow":["GET"]}}],"collection":[{"href":"https:\/\/linitiative.ca\/International\/wp-json\/wp\/v2\/posts"}],"about":[{"href":"https:\/\/linitiative.ca\/International\/wp-json\/wp\/v2\/types\/post"}],"author":[{"embeddable":true,"href":"https:\/\/linitiative.ca\/International\/wp-json\/wp\/v2\/users\/1760"}],"replies":[{"embeddable":true,"href":"https:\/\/linitiative.ca\/International\/wp-json\/wp\/v2\/comments?post=117927"}],"version-history":[{"count":0,"href":"https:\/\/linitiative.ca\/International\/wp-json\/wp\/v2\/posts\/117927\/revisions"}],"wp:attachment":[{"href":"https:\/\/linitiative.ca\/International\/wp-json\/wp\/v2\/media?parent=117927"}],"wp:term":[{"taxonomy":"category","embeddable":true,"href":"https:\/\/linitiative.ca\/International\/wp-json\/wp\/v2\/categories?post=117927"},{"taxonomy":"post_tag","embeddable":true,"href":"https:\/\/linitiative.ca\/International\/wp-json\/wp\/v2\/tags?post=117927"}],"curies":[{"name":"wp","href":"https:\/\/api.w.org\/{rel}","templated":true}]}}