{"id":117929,"date":"2021-06-03T07:07:26","date_gmt":"2021-06-03T11:07:26","guid":{"rendered":"https:\/\/linitiative.ca\/International\/interview-avec-m-khaled-kaddour-reinventer-le-progres-dans-le-cadre-dun-developpement-durable\/"},"modified":"2021-06-03T07:07:26","modified_gmt":"2021-06-03T11:07:26","slug":"interview-avec-m-khaled-kaddour-reinventer-le-progres-dans-le-cadre-dun-developpement-durable","status":"publish","type":"post","link":"https:\/\/linitiative.ca\/International\/interview-avec-m-khaled-kaddour-reinventer-le-progres-dans-le-cadre-dun-developpement-durable\/","title":{"rendered":"Interview avec M. khaled kaddour:  R\u00e9inventer le  progr\u00e8s dans le cadre d\u2019un  d\u00e9veloppement durable"},"content":{"rendered":"<p>Voici un nom qui, cinq ann\u00e9es auparavant, n\u2019\u00e9tait connu que par une poign\u00e9e d\u2019universitaires, chercheurs et bien sur quelques chefs d\u2019entreprises. Mais voici que son nom surgit subitement et fait la Une de tous les m\u00e9dias tunisiens.<br \/>Ce jeune, dynamique et discret, honn\u00eate et haut cadre de l\u2019Etat, fut limog\u00e9 et une campagne bien orchestr\u00e9e par le clan Chahed, voulait \u00e0 tout prix le salir.<br \/>Cependant, cette campagne se retourne contre son instigateur et les Tunisiens, peu \u00e0 peu, d\u00e9couvrent les dessous de cette manipulation malsaine.<br \/>Au fait, toutes les investigations journalistiques nous font d\u00e9couvrir que Khaled Kaddour n\u2019est qu\u2019une vraie comp\u00e9tence tunisienne, nationaliste, fils d\u2019un grand militant syndicaliste, un fin strat\u00e8ge que la Tunisie comme tant d\u2019autres comp\u00e9tences n\u2019a su les pr\u00e9server et c\u2019est sous d\u2019autres cieux qu\u2019il a d\u00e9cid\u00e9 d\u2019aller exploser ses talents, sans toutefois couper le cordon ombilical qui l\u2019uni \u00e0 sa ch\u00e8re Tunisie.<br \/>Il nous a gratifi\u00e9 deux chefs d\u2019\u0153uvres qui feront l\u2019objet de notre interview ci-joint.<\/p>\n<p>Vous avez ax\u00e9 toujours vos approches<br \/>de d\u00e9veloppement sur le duo \u00e9nergie-nouvelles technologies.<br \/>Ne croyez-vous pas que d\u2019autres<br \/>dimensions doivent \u00eatre prises en<br \/>consid\u00e9ration notamment le social,<br \/>le culturel, l\u2019\u00e9conomique et<br \/>surtout la gouvernance ?<\/p>\n<p>Effectivement, il est n\u00e9cessaire d\u2019\u00e9laborer une vision globale. D\u2019ailleurs je viens de publier, le mois dernier mars 2021, un livre intitul\u00e9 : \u00ab Transformation strat\u00e9gique de la Tunisie \u2013 Des futurs qui n\u2019ont pas eu lieu aux futurs possibles \u00bb. L\u2019objectif est de participer \u00e0 la r\u00e9flexion pour une sortie de la crise et une construction d\u2019un futur meilleur pour notre pays, sur la base d\u2019une d\u00e9marche prospective strat\u00e9gique \u00e0 un horizon \u00e0 plusieurs temporalit\u00e9s.<br \/>Cette d\u00e9marche a permis la construction d\u2019un syst\u00e8me final comprenant 88 variables regroup\u00e9es en 30 dimensions et 7 composantes :<br \/>(1)Enjeux soci\u00e9taux et culture<br \/>(2) Syst\u00e8me politique, gouvernance et<br \/>s\u00e9curit\u00e9<br \/>(3)Dynamique de la population et de<br \/>l\u2019espace<br \/>(4)Ressources humaines, transfert technologique et innovation<br \/>(5)Ressources naturelles et transitions \u00e9nerg\u00e9tiques et \u00e9cologiques<br \/>(6)Comp\u00e9titivit\u00e9, mutations \u00e9conomiques et transition digitale<br \/>(7) D\u00e9fis de la r\u00e9gion et coop\u00e9ration internationale<br \/>Concernant la premi\u00e8re partie de votre question, j\u2019ai pr\u00e9sent\u00e9 une vision globale pour le d\u00e9veloppent du d\u00e9sert tunisien (1\/3 de la superficie du territoire national), cette vision repr\u00e9sente une illustration de mon approche o\u00f9 les \u00e9nergies renouvelables et les nouvelles technologies constituent le c\u0153ur du projet et les piliers de d\u00e9veloppement \u00e9conomique et social de la r\u00e9gion.<br \/>Je pense que le Sahara est l\u2019avenir de la Tunisie et son d\u00e9veloppement durable permet de concilier les transitions \u00e9conomiques, \u00e9nerg\u00e9tiques et \u00e9cologiques. C\u2019est un nouveau levier de croissance pour le pays.<\/p>\n<p><span class=\"c2\"><strong>les ann\u00e9es se suivent et se ressemblent pour la Tunisie. Notre politique \u00e9nerg\u00e9tique est rest\u00e9e depuis plus d\u2019une<\/strong><\/span><br \/><span class=\"c2\"><strong>d\u00e9cennie inchang\u00e9e, alors que le monde change \u00e0 une vitesse vertigineuse.<\/strong><\/span><br \/><span class=\"c2\"><strong>Selon vous, quelle est la meilleure<\/strong><\/span><br \/><span class=\"c2\"><strong>approche pour assurer au pays une meilleure gestion de sesressources naturelles, mais aussi de ses approvisionnements ?<\/strong><\/span><\/p>\n<p>Le secteur de l\u2019\u00e9nergie a \u00e9t\u00e9 fortement impact\u00e9 par l\u2019instabilit\u00e9 politique du pays en plus des compagnes men\u00e9es par certaines politiques et m\u00eame par le gouvernement en 2018 par la dissolution du minist\u00e8re et le limogeage de tous les directeurs g\u00e9n\u00e9raux.<br \/>La production d\u2019hydrocarbures en Tunisie ne cesse de diminuer, elle est pass\u00e9e d\u2019environ 90 000 b\/j en 2010 \u00e0 32 000 b\/j en 2020. Cette diminution est aggrav\u00e9e par l\u2019article 13 de la constitution et les tensions sociales. Le d\u00e9sengagement r\u00e9cent de deux des plus grandes entreprises p\u00e9troli\u00e8res n\u2019augure pas de bonnes nouvelles pour l\u2019avenir.<\/p>\n<p>Ce secteur sinistr\u00e9 est confront\u00e9 essentiellement \u00e0 un probl\u00e8me politique et de gouvernance. Pour son redressement, il est n\u00e9cessaire d\u2019avoir d\u2019une volont\u00e9 politique claire et volontariste, une vision d\u2019anticipation et une \u00e9quipe comp\u00e9tente et audacieuse pour mener les r\u00e9formes n\u00e9cessaires pour assurer la s\u00e9curit\u00e9 \u00e9nerg\u00e9tique du pays<\/p>\n<p>Prenons secteur par secteur, quelles sont les voies de sortie et de d\u00e9veloppement de ces activit\u00e9s :<br \/>-Le phosphate<br \/>-Le p\u00e9trole avec ses deux axes, recherche et approvisionnement.<br \/>-Les \u00e9nergies renouvelables<\/p>\n<p>Les deux secteurs des phosphates et du p\u00e9trole sont des secteurs sinistr\u00e9s. La reprise du rythme normal de l\u2019activit\u00e9 et de la production n\u00e9cessite l\u2019\u00e9laboration d\u2019une vision globale des r\u00e9gions productrices et non seulement la production des ressources naturelles.<br \/>Le phosphate. La Soci\u00e9t\u00e9 de Phosphates Gafsa conna\u00eet une situation financi\u00e8re alarmante, puisque les pertes financi\u00e8res pour l\u2019ann\u00e9e 2019 sont estim\u00e9es \u00e0 480 millions de dinars, et que le co\u00fbt de production a doubl\u00e9 4,12 fois en 9 ans en plus des charges de 7 entreprises environnementales (Metlaoui \u2013 Om larayes \u2013 Redeyef \u2013 Mdhila \u2013 Gafsa \u2013 Gab\u00e8s et Sfax), qui emploient 12 200 personnes, estim\u00e9s \u00e0 170 millions de dinars en 2019. C\u2019est une situation insoutenable en raison de ses r\u00e9percussions n\u00e9gatives sur la s\u00e9curit\u00e9, la stabilit\u00e9, la cr\u00e9ation des projets \u00e9conomiques et le d\u00e9veloppement humain. Elle a aussi un impact sur les citoyens, les travailleurs, la r\u00e9gion et l\u2019\u00e9conomie nationale. S\u2019il y a la volont\u00e9 politique, la solution passe par la restructuration du secteur, le d\u00e9veloppement des zones mini\u00e8res et agricoles et la diversification des activit\u00e9s de la r\u00e9gion sur la base de l\u2019\u00e9quilibre entre l\u2019\u00e9conomique, le social et l\u2019environnement.<br \/>Le p\u00e9trole. Il est urgent de revoir le code des hydrocarbures pour am\u00e9liorer l\u2019attractivit\u00e9 du pays dans le but de d\u00e9velopper la recherche, l\u2019exploration et la production. L\u2019article 13 de la constitution doit \u00eatre revu ou clarifier pour permettre l\u2019am\u00e9lioration des d\u00e9lais d\u2019octroi des permis et des concessions dans le cadre de l\u2019am\u00e9lioration du climat des affaires en g\u00e9n\u00e9ral.<\/p>\n<p>Les \u00e9nergies renouvelables.<br \/>Strat\u00e9giquement<br \/>il faut acc\u00e9l\u00e9rer la transition \u00e9nerg\u00e9tique. Le monde de l\u2019\u00e9nergie en 2050 sera tr\u00e8s diff\u00e9rent de celui d\u2019aujourd\u2019hui. Il faut s\u2019orienter vers la mise en place d\u2019un syst\u00e8me \u00e9nerg\u00e9tique plus propre, plus intelligent et plus concurrentiel.<br \/>Une politique volontariste de ma\u00eetrise de l\u2019\u00e9nergie permettra \u00e0 la Tunisie d\u2019am\u00e9liorer par le double l\u2019intensit\u00e9 \u00e9nerg\u00e9tique de l\u2019\u00e9conomie, elle passerait de 360 kep actuellement \u00e0 180 kep en 2050. L\u2019\u00e9conomie globale d\u2019\u00e9nergie pourrait atteindre 50% \u00e0 l\u2019horizon 2050, le secteur de transport, le mieux indiqu\u00e9 pour contribuer \u00e0 la r\u00e9alisation de cet objectif, pourrait \u00e9conomiser 50% de sa consommation alors que le secteur de l\u2019industrie serait appel\u00e9 \u00e0 \u00e9conomiser 30 % de sa consommation.<br \/>Dans ce cadre, il est important d\u2019accorder une priorit\u00e9 \u00e0 l\u2019acc\u00e9l\u00e9ration de l\u2019acc\u00e8s aux technologies \u00e9nerg\u00e9tiques avanc\u00e9es tels que les \u00e9nergies renouvelables et leurs stockage, la mobilit\u00e9 \u00e9lectrique, l\u2019hydrog\u00e8ne et piles \u00e0 combustible.<br \/>Un programme d\u2019acc\u00e9l\u00e9ration des projets d\u2019\u00e9nergie renouvelable a \u00e9t\u00e9 lanc\u00e9 en 2018 afin d\u2019atteindre un objectif interm\u00e9diaire de 21% en 2022 et l\u2019objectif final de 30% en 2030. Ce plan repose principalement sur les centrales \u00e0 grande \u00e9chelle de source \u00e9olienne et solaire avec un partage cibl\u00e9 entre l\u2019investissement priv\u00e9 et public. Un appel d\u2019offre a \u00e9t\u00e9 lanc\u00e9 en 2018 et les projets de 500 m\u00e9gawatts photovolta\u00efques ont \u00e9t\u00e9 accord\u00e9 \u00e0 des entreprises mais malheureusement jusqu\u2019\u00e0 maintenant il n\u2019y a pas eu de concr\u00e9tisations.<\/p>\n<p><span class=\"c2\"><strong>Vous avez \u00e0 maintes reprises employ\u00e9 le mot \u00ab La prospective strat\u00e9gique \u00bb.<\/strong><\/span><br \/><span class=\"c2\"><strong>\u00c7a consiste en quoi ?<\/strong><\/span><\/p>\n<p>La prospective et la strat\u00e9gie se sont d\u00e9velopp\u00e9es dans des contextes diff\u00e9rents mais entendent pourtant r\u00e9pondre \u00e0 un m\u00eame d\u00e9fi celui de l\u2019anticipation n\u00e9cessaire \u00e0 l\u2019action.<br \/>Le couplage prospective-strat\u00e9gique, c\u2019est la mani\u00e8re d\u2019utiliser la prospective comme outil d\u2019identification des pistes strat\u00e9giques et de d\u00e9finition des projets, des programmes et des plans d\u2019action.<br \/>C\u2019est ce qui r\u00e9pond au mieux \u00e0 la situation actuelle de la Tunisie. Il est n\u00e9cessaire d\u2019\u00e9laborer une vision prospective strat\u00e9gique globale \u00e0 un horizon progressif \u00e0 plusieurs temporalit\u00e9s pour r\u00e9pondre aux d\u00e9fis multidimensionnels. On commence tout d\u2019abord par l\u2019exploration des futurs possibles, ensuite choisir le scenario souhaitable et enfin pr\u00e9senter un programme de travail selon un plan r\u00e9alisable dans les d\u00e9lais pr\u00e9vus. C\u2019est \u00e0 dire passer de la r\u00e9flexion \u00e0 la r\u00e9alisation.<\/p>\n<p><span class=\"c2\"><strong>Certains vous reprochent votre tendance un peu de gauche (socialiste). ?<\/strong><\/span><\/p>\n<p>Certaines personnes de droite me reprochent la tendance de gauche, comme vous le dites, et vice versa avec les personnes de gauche qui me reprochent la tendance de droite lib\u00e9rale. D\u2019ailleurs, j\u2019ai beaucoup d\u2019amis et d\u2019affinit\u00e9 dans les deux camps. En fait, je suis pour l\u2019efficacit\u00e9 et pour les projets rentables et durables.<br \/>Face \u00e0 la situation critique de d\u00e9pendance \u00e9nerg\u00e9tique de la Tunisie, j\u2019\u00e9tais plus que convaincu que la diversification des ressources \u00e9nerg\u00e9tiques \u00e0 travers l\u2019impl\u00e9mentation des projets d\u2019\u00e9nergies renouvelables ne pr\u00e9sentent plus un luxe et une \u00e9tiquette ; mais plut\u00f4t une n\u00e9cessit\u00e9 urgente. C\u2019est ainsi que pendant mon passage de Ministre charg\u00e9 de l\u2019Energie je n\u2019ai pas h\u00e9sit\u00e9 \u00e0 multiplier par 5 la puissance des projets de production de l\u2019\u00e9lectricit\u00e9 \u00e0 partir des \u00e9nergies renouvelables passant de 200 m\u00e9gawatts \u00e0 1000 m\u00e9gawatt dans le cadre de stimulation des investissements priv\u00e9s. L\u2019appel d\u2019offre a \u00e9t\u00e9 lanc\u00e9 en 2018 dans le cadre des concessions. D\u2019ailleurs, on a re\u00e7u des prix de vente d\u2019\u00e9lectricit\u00e9 non subventionn\u00e9s entre 70 et 100 millimes le kWh contre un co\u00fbt de l\u2019ordre de 180 millimes par kWh pour le conventionnel ; et c\u2019\u00e9tait notre objectif de minimiser le d\u00e9ficit \u00e9nerg\u00e9tique qui ne cesse de se creuser ainsi que son impact n\u00e9faste sur la balance commerciale. Je n\u2019accepte pas que l\u2019Entreprise Publique, qui fournit un service public prend en charge, m\u00eame en partie, des co\u00fbts qui ne lui sont pas propres, car il y aura toujours quelqu\u2019un qui payera la facture et dans ce cas c\u2019est le contribuable tunisien. En plus, on est oblig\u00e9 d\u2019aller vers un ciblage des subventions de l\u2019\u00e9nergie afin d\u2019all\u00e9ger ce fardeau sur le Budget de l\u2019Etat et sur les r\u00e9sultats financiers des Etablissements publics comme la STEG et la STIR. Le ciblage repose principalement sur l\u2019\u00e9quit\u00e9 sociale et le passage des subventions aux consommateurs vers des subventions aux producteurs rationnalis\u00e9es.<br \/>Actuellement dans une p\u00e9riode de crise mondiale et des transformations profondes, les notions de gauche et de droite n\u2019ont plus de sens. C\u2019est l\u2019efficacit\u00e9 qui prime.<br \/>Ceci dit, je reste attach\u00e9 aux valeurs progressistes de la gauche : la libert\u00e9, la solidarit\u00e9, l\u2019\u00e9galit\u00e9 des chances, la justice sociale ; le tout dans l\u2019optique d\u2019une \u00e9conomie sociale du march\u00e9.<br \/>Je pense que la question qui demeure en sus c\u2019est \u00ab comment r\u00e9inventer le progr\u00e8s dans le cadre d\u2019un d\u00e9veloppement durable bas\u00e9 sur l\u2019\u00e9quilibre des trois piliers ; l\u2019efficacit\u00e9 \u00e9conomique, la justice sociale et la protection de l\u2019environnement \u00bb.<\/p>\n<p><strong>B.H.A<\/strong><\/p>\n<div class=\"wp-post-author-wrap wp-post-author-shortcode left\">\n<h3 class=\"awpa-title\"\/>\n<div class=\"wp-post-author\">\n<div class=\"awpa-img awpa-author-block square\"><a href=\"http:\/\/lexpertjournal.net\/fr\/?author=5\"><img loading=\"lazy\" decoding=\"async\" alt=\"\" src=\"http:\/\/0.gravatar.com\/avatar\/97f8e10a1c1125ba104a76514ee07b16?s=150&amp;d=mm&amp;r=g\" srcset=\"http:\/\/0.gravatar.com\/avatar\/97f8e10a1c1125ba104a76514ee07b16?s=300&amp;d=mm&amp;r=g 2x\" class=\"avatar avatar-150 photo\" height=\"150\" width=\"150\"\/><\/a><\/div>\n<\/div>\n<\/div>\n<aside class=\"mashsb-container mashsb-main mashsb-stretched\">\n<\/aside>\n<p>Auteur: L&rsquo;expert<br \/>\n<a href=\"http:\/\/lexpertjournal.net\/fr\/?p=20251\">Cliquez ici pour lire l&rsquo;article depuis sa source.<\/a><\/p>\n","protected":false},"excerpt":{"rendered":"<p>Voici un nom qui, cinq ann\u00e9es auparavant, n\u2019\u00e9tait connu que par une poign\u00e9e d\u2019universitaires, chercheurs et bien sur quelques chefs d\u2019entreprises. Mais voici que son nom surgit subitement et fait la Une de tous les m\u00e9dias tunisiens.Ce jeune, dynamique et discret, honn\u00eate et haut cadre de l\u2019Etat, fut limog\u00e9 et une campagne bien orchestr\u00e9e par [&hellip;]<\/p>\n","protected":false},"author":1775,"featured_media":0,"comment_status":"closed","ping_status":"closed","sticky":false,"template":"","format":"standard","meta":{"fifu_image_url":"http:\/\/0.gravatar.com\/avatar\/97f8e10a1c1125ba104a76514ee07b16?s=150&d=mm&r=g","fifu_image_alt":"Interview avec M. khaled kaddour:  R\u00e9inventer le  progr\u00e8s dans le cadre d\u2019un  d\u00e9veloppement durable","footnotes":""},"categories":[78,55],"tags":[],"class_list":["post-117929","post","type-post","status-publish","format-standard","hentry","category-economie","category-tunisie"],"_links":{"self":[{"href":"https:\/\/linitiative.ca\/International\/wp-json\/wp\/v2\/posts\/117929","targetHints":{"allow":["GET"]}}],"collection":[{"href":"https:\/\/linitiative.ca\/International\/wp-json\/wp\/v2\/posts"}],"about":[{"href":"https:\/\/linitiative.ca\/International\/wp-json\/wp\/v2\/types\/post"}],"author":[{"embeddable":true,"href":"https:\/\/linitiative.ca\/International\/wp-json\/wp\/v2\/users\/1775"}],"replies":[{"embeddable":true,"href":"https:\/\/linitiative.ca\/International\/wp-json\/wp\/v2\/comments?post=117929"}],"version-history":[{"count":0,"href":"https:\/\/linitiative.ca\/International\/wp-json\/wp\/v2\/posts\/117929\/revisions"}],"wp:attachment":[{"href":"https:\/\/linitiative.ca\/International\/wp-json\/wp\/v2\/media?parent=117929"}],"wp:term":[{"taxonomy":"category","embeddable":true,"href":"https:\/\/linitiative.ca\/International\/wp-json\/wp\/v2\/categories?post=117929"},{"taxonomy":"post_tag","embeddable":true,"href":"https:\/\/linitiative.ca\/International\/wp-json\/wp\/v2\/tags?post=117929"}],"curies":[{"name":"wp","href":"https:\/\/api.w.org\/{rel}","templated":true}]}}