{"id":117933,"date":"2021-06-03T04:50:01","date_gmt":"2021-06-03T08:50:01","guid":{"rendered":"https:\/\/linitiative.ca\/International\/un-policier-contraint-dutiliser-son-arme-pour-neutraliser-un-danger\/"},"modified":"2021-06-03T04:50:01","modified_gmt":"2021-06-03T08:50:01","slug":"un-policier-contraint-dutiliser-son-arme-pour-neutraliser-un-danger","status":"publish","type":"post","link":"https:\/\/linitiative.ca\/International\/un-policier-contraint-dutiliser-son-arme-pour-neutraliser-un-danger\/","title":{"rendered":"Un policier contraint d\u2019utiliser son arme pour neutraliser un danger"},"content":{"rendered":"<div class=\"single-featured\"><img alt=\"\" data-src=\"http:\/\/www.mapmarrakech.ma\/map\/uploads\/2021\/06\/dgsn-.jpg\"\/><\/div>\n<div class=\"single-post-excerpt post-excerpt-bc\" readability=\"37\">\n<p>Un inspecteur de police exer\u00e7ant dans le cadre des patrouilles de s\u00e9curit\u00e9 charg\u00e9es de lutter contre le crime \u00e0 Marrakech a \u00e9t\u00e9 contraint, mercredi apr\u00e8s-midi, d\u2019utiliser son arme de service pour neutraliser le danger \u00e9manant d\u2019un repris de justice multir\u00e9cidiviste qui a tent\u00e9 d\u2019agresser les \u00e9l\u00e9ments de la police avec une arme blanche et une bonbonne de gaz.<\/p>\n<\/div>\n<div class=\"entry-content clearfix single-post-content\" readability=\"62\">\n<p>Les patrouilles de police \u00e9taient intervenues pour interpeller l\u2019individu en question, qui \u00e9tait recherch\u00e9 au niveau national pour des affaires d\u2019attentat \u00e0 la pudeur avec violence et de trafic ill\u00e9gal de boissons alcooliques, indique la Direction g\u00e9n\u00e9rale de la s\u00fbret\u00e9 nationale (DGSN) dans un communiqu\u00e9.<\/p>\n<p>Le suspect a oppos\u00e9 une r\u00e9sistance lors de l\u2019intervention s\u00e9curitaire et a tent\u00e9 de s\u2019attaquer aux \u00e9l\u00e9ments de la police, contraignant ainsi l\u2019inspecteur de police \u00e0 tirer en l\u2019air trois balles de sommation avant de blesser le mis en cause avec deux balles pour refus d\u2019obtemp\u00e9rer, ajoute le communiqu\u00e9.<\/p>\n<p>Les op\u00e9rations d\u2019investigation men\u00e9es dans le cadre de cette affaire ont permis la saisie de quantit\u00e9s d\u2019eau de vie, destin\u00e9es \u00e0 la commercialisation, ainsi que des \u00e9quipements et des armes blanches utilis\u00e9s par le suspect pour menacer les \u00e9l\u00e9ments de la police, poursuit le communiqu\u00e9.<\/p>\n<p>Le mis en cause a \u00e9t\u00e9 transf\u00e9r\u00e9 \u00e0 l\u2019h\u00f4pital pour recevoir les soins n\u00e9cessaires, avant de d\u00e9c\u00e9der, souligne le communiqu\u00e9.<\/p>\n<p>La Brigade nationale de la police judiciaire (BNPJ) a \u00e9t\u00e9 charg\u00e9e de diligenter une enqu\u00eate judiciaire sous la supervision du parquet comp\u00e9tent afin d\u2019\u00e9lucider les circonstances de cette affaire, conclut la DGSN.<\/p>\n<\/div>\n<p>Auteur: Meriem IGASS<br \/>\n<a href=\"http:\/\/www.mapmarrakech.ma\/fr\/un-policier-contraint-dutiliser-son-arme-pour-interpeller-un-individu\/\">Cliquez ici pour lire l&rsquo;article depuis sa source.<\/a><\/p>\n","protected":false},"excerpt":{"rendered":"<p>Un inspecteur de police exer\u00e7ant dans le cadre des patrouilles de s\u00e9curit\u00e9 charg\u00e9es de lutter contre le crime \u00e0 Marrakech a \u00e9t\u00e9 contraint, mercredi apr\u00e8s-midi, d\u2019utiliser son arme de service pour neutraliser le danger \u00e9manant d\u2019un repris de justice multir\u00e9cidiviste qui a tent\u00e9 d\u2019agresser les \u00e9l\u00e9ments de la police avec une arme blanche et une [&hellip;]<\/p>\n","protected":false},"author":1788,"featured_media":0,"comment_status":"closed","ping_status":"closed","sticky":false,"template":"","format":"standard","meta":{"fifu_image_url":"http:\/\/www.mapmarrakech.ma\/map\/uploads\/2021\/06\/dgsn-.jpg","fifu_image_alt":"Un policier contraint d\u2019utiliser son arme pour neutraliser un danger","footnotes":""},"categories":[54,76],"tags":[],"class_list":["post-117933","post","type-post","status-publish","format-standard","hentry","category-maroc","category-regions"],"_links":{"self":[{"href":"https:\/\/linitiative.ca\/International\/wp-json\/wp\/v2\/posts\/117933","targetHints":{"allow":["GET"]}}],"collection":[{"href":"https:\/\/linitiative.ca\/International\/wp-json\/wp\/v2\/posts"}],"about":[{"href":"https:\/\/linitiative.ca\/International\/wp-json\/wp\/v2\/types\/post"}],"author":[{"embeddable":true,"href":"https:\/\/linitiative.ca\/International\/wp-json\/wp\/v2\/users\/1788"}],"replies":[{"embeddable":true,"href":"https:\/\/linitiative.ca\/International\/wp-json\/wp\/v2\/comments?post=117933"}],"version-history":[{"count":0,"href":"https:\/\/linitiative.ca\/International\/wp-json\/wp\/v2\/posts\/117933\/revisions"}],"wp:attachment":[{"href":"https:\/\/linitiative.ca\/International\/wp-json\/wp\/v2\/media?parent=117933"}],"wp:term":[{"taxonomy":"category","embeddable":true,"href":"https:\/\/linitiative.ca\/International\/wp-json\/wp\/v2\/categories?post=117933"},{"taxonomy":"post_tag","embeddable":true,"href":"https:\/\/linitiative.ca\/International\/wp-json\/wp\/v2\/tags?post=117933"}],"curies":[{"name":"wp","href":"https:\/\/api.w.org\/{rel}","templated":true}]}}