{"id":117934,"date":"2021-06-03T06:56:14","date_gmt":"2021-06-03T10:56:14","guid":{"rendered":"https:\/\/linitiative.ca\/International\/adoption-et-mise-en-oeuvre-du-programme-national-integre-kafala\/"},"modified":"2021-06-03T06:56:14","modified_gmt":"2021-06-03T10:56:14","slug":"adoption-et-mise-en-oeuvre-du-programme-national-integre-kafala","status":"publish","type":"post","link":"https:\/\/linitiative.ca\/International\/adoption-et-mise-en-oeuvre-du-programme-national-integre-kafala\/","title":{"rendered":"Adoption et mise en oeuvre du Programme national int\u00e9gr\u00e9 \u00ab\u00a0Kafala\u00a0\u00bb"},"content":{"rendered":"<div readability=\"36\">\n<p>La Commission minist\u00e9rielle charg\u00e9e du suivi de la mise en \u0153uvre des politiques et plan nationaux dans le domaine de la promotion de la situation des enfants et la protection de leurs droits a approuv\u00e9 plusieurs recommandations, dont l\u2019adoption et la mise en oeuvre du Programme national int\u00e9gr\u00e9 \u00ab\u00a0Kafala\u00a0\u00bb pour la promotion et la prise en charge des enfants priv\u00e9s de soutien familial.<\/p>\n<\/div>\n<div readability=\"128\">\n<p>Un communiqu\u00e9 du d\u00e9partement du chef du gouvernement indique que la Commission minist\u00e9rielle a \u00e9galement adopt\u00e9, lors d\u2019une r\u00e9union tenue mercredi sous la pr\u00e9sidence du Chef du gouvernement, Saad Dine El Otmani, deux recommandations relatives \u00e0 la g\u00e9n\u00e9ralisation progressive du plan d\u2019action pour la protection de l\u2019enfance contre l\u2019exploitation dans la mendicit\u00e9 et \u00e0 l\u2019activation des dispositifs territoriaux int\u00e9gr\u00e9s pour la protection des enfants dans les dix-huit provinces mod\u00e8les, tout en oeuvrant \u00e0 leur g\u00e9n\u00e9ralisation par \u00e9tape au reste des provinces.<\/p>\n<p>Cette r\u00e9union a \u00e9t\u00e9 consacr\u00e9e \u00e0 l\u2019\u00e9valuation des r\u00e9alisations dans le domaine de la protection de l\u2019enfance dans le cadre des programmes entrepris par certains d\u00e9partements et institutions, outre l\u2019examen des perspectives d\u2019action en vue de donner une forte impulsion \u00e0 ce grand chantier social, souligne le communiqu\u00e9, ajoutant que les recommandations approuv\u00e9es doivent \u00eatre mises en \u0153uvre en coordination et en collaboration avec l\u2019ensemble des partenaires.<\/p>\n<p>Dans une allocution \u00e0 cette occasion, le Chef du gouvernement a mis en avant l\u2019int\u00e9r\u00eat particulier qu\u2019accorde SM le Roi Mohammed VI \u00e0 la promotion de la situation des enfants, rappelant, dans ce cadre, les Tr\u00e8s Hautes Instructions Royales, r\u00e9it\u00e9r\u00e9es mardi 1er juin, afin que la question des mineurs marocains non accompagn\u00e9s, se trouvant en situation irr\u00e9guli\u00e8re dans certains pays europ\u00e9ens, soit d\u00e9finitivement r\u00e9gl\u00e9e.<\/p>\n<p>M. El Othmani a pass\u00e9 en revue les dispositions contenues dans la Constitution de 2011, qui visent \u00e0 promouvoir la protection du droit de l\u2019enfant en tant que droit constitutionnel, en plus des obligations contenues dans le programme gouvernemental, notamment en ce qui concerne le renforcement des syst\u00e8mes de protection sociale et de soutien \u00e0 la famille et \u00e0 l\u2019enfance.<\/p>\n<p>Il a soulign\u00e9 que le gouvernement \u00aba honor\u00e9 ses engagements gr\u00e2ce au travail horizontal conjoint entre les diff\u00e9rents d\u00e9partements\u00bb.<\/p>\n<p>M. El Otmani a \u00e9galement fait remarquer que la r\u00e9union de cette Commission, institu\u00e9e par d\u00e9cret le 19 novembre 2014, co\u00efncide avec la r\u00e9forme du syst\u00e8me de protection sociale, que SM le Roi a lanc\u00e9e en tant que chantier national important, un projet soci\u00e9tal de premier plan, et une v\u00e9ritable r\u00e9volution sociale dans le pays, ajoutant que ce chantier royal cible diff\u00e9rents groupes sociaux, dont la cat\u00e9gorie des enfants, \u00e0 travers notamment la g\u00e9n\u00e9ralisation des allocations familiales qui b\u00e9n\u00e9ficieront \u00e0 pr\u00e8s de 7 millions d\u2019enfants en \u00e2ge de scolarit\u00e9, au profit de 3 millions de familles entre 2023 et 2024.<\/p>\n<p>Dans ce contexte, M. El Otmani a rappel\u00e9 les mesures mises en \u0153uvre par le gouvernement pour l\u2019augmentation de la valeur des indemnit\u00e9s familiales et le nombre d\u2019enfants qui en b\u00e9n\u00e9ficient, l\u2019op\u00e9rationnalisation de la loi d\u00e9finissant les conditions de travail et d\u2019emploi des travailleurs domestiques, la mise en \u0153uvre de la politique publique int\u00e9gr\u00e9e de protection de l\u2019enfance, la cr\u00e9ation des dispositifs int\u00e9gr\u00e9s pour la protection de l\u2019enfance, le lancement de mesures urgentes pour prendre en charge les enfants abandonn\u00e9s et sans domicile, le d\u00e9veloppement du syst\u00e8me du Fonds de solidarit\u00e9 familiale, l\u2019int\u00e9gration des m\u00e8res d\u00e9laiss\u00e9es, ainsi que l\u2019am\u00e9lioration des conditions de scolarisation des enfants en situation de handicap, que ce soit dans le cadre du Programme national d\u2019\u00e9ducation inclusive, ou dans le cadre de l\u2019appui \u00e0 la scolarisation de ces enfants dans des centres \u00e9ducatifs sp\u00e9cialis\u00e9s.<\/p>\n<p>Le Chef du gouvernement a \u00e9galement \u00e9voqu\u00e9 un ensemble de programmes et d\u2019initiatives publics qui ont contribu\u00e9 \u00e0 am\u00e9liorer les indicateurs li\u00e9s aux droits de l\u2019enfant, notamment le Plan d\u2019action national pour la lutte contre l\u2019exploitation des enfants \u00e0 des fins de mendicit\u00e9, lanc\u00e9 en d\u00e9cembre 2019, les programmes de prise en charge et d\u2019int\u00e9gration sociale des enfants en situation de vuln\u00e9rabilit\u00e9 ainsi que tous les programmes visant \u00e0 contrer certains ph\u00e9nom\u00e8nes de violence, d\u2019abus, de n\u00e9gligence et d\u2019exploitation de certains enfants qui ont du mal \u00e0 b\u00e9n\u00e9ficier des services de protection.<\/p>\n<p>Cette r\u00e9union a \u00e9t\u00e9 marqu\u00e9e par la pr\u00e9sentation et l\u2019examen du bilan de l\u2019op\u00e9rationnalisation de la circulaire du Chef du gouvernement au sujet de la territorialisation de la Politique Publique Int\u00e9gr\u00e9e de Protection de l\u2019Enfance 2015-2025, la pr\u00e9sentation du bilan du lancement du Plan d\u2019action national pour la lutte contre l\u2019exploitation des enfants \u00e0 des fins de mendicit\u00e9, en plus de la pr\u00e9sentation d\u2019un projet de programme national int\u00e9gr\u00e9 pour promouvoir le parrainage et la prise en charge des enfants priv\u00e9s du milieu familial \u00ab\u00a0kafala\u00a0\u00bb.<\/p>\n<p>Plusieurs ministres et responsables ont pris part \u00e0 cette r\u00e9union, notamment le ministre d\u2019Etat charg\u00e9 des Droits de l\u2019Homme et des relations avec le parlement, la ministre de la Solidarit\u00e9, du D\u00e9veloppement Social, de l\u2019Egalit\u00e9 et de la Famille et la ministre d\u00e9l\u00e9gu\u00e9 aupr\u00e8s du ministre des Affaires \u00e9trang\u00e8res, de la Coop\u00e9ration africaine et des Marocains r\u00e9sidant \u00e0 l\u2019\u00e9tranger charg\u00e9 des Marocains r\u00e9sidant de l\u2019Etranger, les secr\u00e9taires g\u00e9n\u00e9raux et repr\u00e9sentants des d\u00e9partements minist\u00e9riels membres de la Commission.<\/p>\n<\/div>\n<p>Auteur: Meriem IGASS<br \/>\n<a href=\"http:\/\/www.mapmarrakech.ma\/fr\/adoption-et-mise-en-oeuvre-du-programme-national-integre-kafala\/\">Cliquez ici pour lire l&rsquo;article depuis sa source.<\/a><\/p>\n","protected":false},"excerpt":{"rendered":"<p>La Commission minist\u00e9rielle charg\u00e9e du suivi de la mise en \u0153uvre des politiques et plan nationaux dans le domaine de la promotion de la situation des enfants et la protection de leurs droits a approuv\u00e9 plusieurs recommandations, dont l\u2019adoption et la mise en oeuvre du Programme national int\u00e9gr\u00e9 \u00ab\u00a0Kafala\u00a0\u00bb pour la promotion et la prise [&hellip;]<\/p>\n","protected":false},"author":1788,"featured_media":0,"comment_status":"closed","ping_status":"closed","sticky":false,"template":"","format":"standard","meta":{"fifu_image_url":"","fifu_image_alt":"","footnotes":""},"categories":[54,76],"tags":[],"class_list":["post-117934","post","type-post","status-publish","format-standard","hentry","category-maroc","category-regions"],"_links":{"self":[{"href":"https:\/\/linitiative.ca\/International\/wp-json\/wp\/v2\/posts\/117934","targetHints":{"allow":["GET"]}}],"collection":[{"href":"https:\/\/linitiative.ca\/International\/wp-json\/wp\/v2\/posts"}],"about":[{"href":"https:\/\/linitiative.ca\/International\/wp-json\/wp\/v2\/types\/post"}],"author":[{"embeddable":true,"href":"https:\/\/linitiative.ca\/International\/wp-json\/wp\/v2\/users\/1788"}],"replies":[{"embeddable":true,"href":"https:\/\/linitiative.ca\/International\/wp-json\/wp\/v2\/comments?post=117934"}],"version-history":[{"count":0,"href":"https:\/\/linitiative.ca\/International\/wp-json\/wp\/v2\/posts\/117934\/revisions"}],"wp:attachment":[{"href":"https:\/\/linitiative.ca\/International\/wp-json\/wp\/v2\/media?parent=117934"}],"wp:term":[{"taxonomy":"category","embeddable":true,"href":"https:\/\/linitiative.ca\/International\/wp-json\/wp\/v2\/categories?post=117934"},{"taxonomy":"post_tag","embeddable":true,"href":"https:\/\/linitiative.ca\/International\/wp-json\/wp\/v2\/tags?post=117934"}],"curies":[{"name":"wp","href":"https:\/\/api.w.org\/{rel}","templated":true}]}}