{"id":117935,"date":"2021-06-03T09:26:20","date_gmt":"2021-06-03T13:26:20","guid":{"rendered":"https:\/\/linitiative.ca\/International\/lancement-de-la-course-de-lentrepreneur-pour-sensibiliser-les-jeunes-a-lentrepreneuriat\/"},"modified":"2021-06-03T09:26:20","modified_gmt":"2021-06-03T13:26:20","slug":"lancement-de-la-course-de-lentrepreneur-pour-sensibiliser-les-jeunes-a-lentrepreneuriat","status":"publish","type":"post","link":"https:\/\/linitiative.ca\/International\/lancement-de-la-course-de-lentrepreneur-pour-sensibiliser-les-jeunes-a-lentrepreneuriat\/","title":{"rendered":"Lancement de \u00ab\u00a0la course de l\u2019entrepreneur\u00a0\u00bb pour sensibiliser les jeunes \u00e0 l\u2019entrepreneuriat"},"content":{"rendered":"<p><iframe loading=\"lazy\" width=\"1170\" height=\"658\" src=\"https:\/\/www.youtube.com\/embed\/HXK12elY0Qk?feature=oembed\" frameborder=\"0\" allow=\"accelerometer; autoplay; clipboard-write; encrypted-media; gyroscope; picture-in-picture\" allowfullscreen=\"allowfullscreen\">[embedded content]<\/iframe><\/p>\n<div class=\"single-post-excerpt post-excerpt-bc\" readability=\"38\">\n<p>Le wali de la r\u00e9gion Marrakech-Safi, gouverneur de la pr\u00e9fecture de Marrakech, M. Karim Kassi-Lahlou, a donn\u00e9 lundi \u00e0 Marrakech, le coup d\u2019envoi de \u00ab\u00a0la course de l\u2019entrepreneur\u00a0\u00bb qui se poursuivra jusqu\u2019au 30 juin pour sensibiliser les jeunes \u00e0 l\u2019entrepreneuriat.<\/p>\n<\/div>\n<p>Auteur: Meriem IGASS<br \/>\n<a href=\"http:\/\/www.mapmarrakech.ma\/fr\/lancement-de-la-course-de-lentrepreneur-pour-sensibiliser-les-jeunes-a-lentrepreneuriat\/\">Cliquez ici pour lire l&rsquo;article depuis sa source.<\/a><\/p>\n","protected":false},"excerpt":{"rendered":"<p>[embedded content] Le wali de la r\u00e9gion Marrakech-Safi, gouverneur de la pr\u00e9fecture de Marrakech, M. Karim Kassi-Lahlou, a donn\u00e9 lundi \u00e0 Marrakech, le coup d\u2019envoi de \u00ab\u00a0la course de l\u2019entrepreneur\u00a0\u00bb qui se poursuivra jusqu\u2019au 30 juin pour sensibiliser les jeunes \u00e0 l\u2019entrepreneuriat. Auteur: Meriem IGASS Cliquez ici pour lire l&rsquo;article depuis sa source.<\/p>\n","protected":false},"author":1788,"featured_media":0,"comment_status":"closed","ping_status":"closed","sticky":false,"template":"","format":"standard","meta":{"fifu_image_url":"","fifu_image_alt":"","footnotes":""},"categories":[54,76],"tags":[],"class_list":["post-117935","post","type-post","status-publish","format-standard","hentry","category-maroc","category-regions"],"_links":{"self":[{"href":"https:\/\/linitiative.ca\/International\/wp-json\/wp\/v2\/posts\/117935","targetHints":{"allow":["GET"]}}],"collection":[{"href":"https:\/\/linitiative.ca\/International\/wp-json\/wp\/v2\/posts"}],"about":[{"href":"https:\/\/linitiative.ca\/International\/wp-json\/wp\/v2\/types\/post"}],"author":[{"embeddable":true,"href":"https:\/\/linitiative.ca\/International\/wp-json\/wp\/v2\/users\/1788"}],"replies":[{"embeddable":true,"href":"https:\/\/linitiative.ca\/International\/wp-json\/wp\/v2\/comments?post=117935"}],"version-history":[{"count":0,"href":"https:\/\/linitiative.ca\/International\/wp-json\/wp\/v2\/posts\/117935\/revisions"}],"wp:attachment":[{"href":"https:\/\/linitiative.ca\/International\/wp-json\/wp\/v2\/media?parent=117935"}],"wp:term":[{"taxonomy":"category","embeddable":true,"href":"https:\/\/linitiative.ca\/International\/wp-json\/wp\/v2\/categories?post=117935"},{"taxonomy":"post_tag","embeddable":true,"href":"https:\/\/linitiative.ca\/International\/wp-json\/wp\/v2\/tags?post=117935"}],"curies":[{"name":"wp","href":"https:\/\/api.w.org\/{rel}","templated":true}]}}