{"id":117938,"date":"2021-06-03T06:46:10","date_gmt":"2021-06-03T10:46:10","guid":{"rendered":"https:\/\/linitiative.ca\/International\/tenue-des-eliminatoires-scolaires-regionaux-du-concours-dart-pictural\/"},"modified":"2021-06-03T06:46:10","modified_gmt":"2021-06-03T10:46:10","slug":"tenue-des-eliminatoires-scolaires-regionaux-du-concours-dart-pictural","status":"publish","type":"post","link":"https:\/\/linitiative.ca\/International\/tenue-des-eliminatoires-scolaires-regionaux-du-concours-dart-pictural\/","title":{"rendered":"Tenue des \u00e9liminatoires scolaires r\u00e9gionaux du concours d\u2019art pictural"},"content":{"rendered":"<p class=\"c4\">La ville de Nador a accueilli, mercredi, le 2\u00e8me Festival scolaire r\u00e9gional d\u2019art pictural, une comp\u00e9tition \u00e9liminatoire en vue de participer au concours national scolaire des beaux-arts, sous le th\u00e8me \u00abPour une \u00e9cole renouvel\u00e9e, \u00e9quitable et int\u00e9grante\u00bb.<\/p>\n<p class=\"c4\">Cet \u00e9v\u00e8nement, organis\u00e9 par l\u2019Acad\u00e9mie r\u00e9gionale d\u2019\u00e9ducation et de formation (AREF) de l\u2019Oriental, en coordination avec la direction provinciale de l\u2019Education nationale \u00e0 Nador, s\u2019inscrit dans le cadre de la mise en \u0153uvre des dispositions de la loi-cadre 51.17 relative au syst\u00e8me d\u2019\u00e9ducation, de formation et de recherche scientifique, notamment en mati\u00e8re de promotion des aspects culturels, artistiques et litt\u00e9raires de la vise scolaire.<\/p>\n<p class=\"c4\">Cette comp\u00e9tition s\u2019est d\u00e9roul\u00e9e dans le respect des mesures de pr\u00e9vention et de pr\u00e9caution en vigueur contre la pand\u00e9mie de Covid-19, sous l\u2019encadrement d\u2019un jury veillant au respect des crit\u00e8res d\u2019organisation du concours national et du principe d\u2019\u00e9galit\u00e9 des chances.<\/p>\n<p class=\"c4\">A l\u2019issue de ce festival r\u00e9gional, des \u00e9l\u00e8ves ont \u00e9t\u00e9 choisis pour repr\u00e9senter la r\u00e9gion de l\u2019Oriental dans le concours national, l\u2019un relevant de la direction provinciale de l\u2019Education nationale de Taourirt (secondaire coll\u00e9gial) et l\u2019autre de la direction provinciale de Nador (secondaire qualifiant).<\/p>\n<p class=\"c4\">Dans une d\u00e9claration \u00e0 la MAP, le chef du service des affaires \u00e9ducatives \u00e0 la direction provinciale de Nador, Yahia Amrani, a soulign\u00e9 que ce concours a permis de r\u00e9v\u00e9ler des talents artistiques encourageants chez nombre d\u2019\u00e9l\u00e8ves, ajoutant que les activit\u00e9s de ce genre offrent l\u2019occasion aux \u00e9l\u00e8ves de montrer leurs capacit\u00e9s artistiques et leurs talents cr\u00e9atifs.<\/p>\n<p class=\"c4\">De son c\u00f4t\u00e9, le chef du service des affaires juridiques, de la communication et du partenariat \u00e0 la m\u00eame direction, Mohamed Mokhtari, a mis en exergue le succ\u00e8s de cette initiative qui a permis aux \u00e9l\u00e8ves talentueux de l\u2019ensemble de la r\u00e9gion de se rencontrer et d\u2019\u00e9changer entre eux, notant que les participants ont \u00e9galement b\u00e9n\u00e9fici\u00e9 des conseils et orientations du jury qui compte des sp\u00e9cialistes dans ce domaine.<\/p>\n<p>Auteur: Soufiane ELAHMAR<br \/>\n<a href=\"http:\/\/www.mapoujda.ma\/fr\/tenue-des-eliminatoires-scolaires-regionaux-du-concours-dart-pictural\/\">Cliquez ici pour lire l&rsquo;article depuis sa source.<\/a><\/p>\n","protected":false},"excerpt":{"rendered":"<p>La ville de Nador a accueilli, mercredi, le 2\u00e8me Festival scolaire r\u00e9gional d\u2019art pictural, une comp\u00e9tition \u00e9liminatoire en vue de participer au concours national scolaire des beaux-arts, sous le th\u00e8me \u00abPour une \u00e9cole renouvel\u00e9e, \u00e9quitable et int\u00e9grante\u00bb. Cet \u00e9v\u00e8nement, organis\u00e9 par l\u2019Acad\u00e9mie r\u00e9gionale d\u2019\u00e9ducation et de formation (AREF) de l\u2019Oriental, en coordination avec la direction [&hellip;]<\/p>\n","protected":false},"author":1788,"featured_media":0,"comment_status":"closed","ping_status":"closed","sticky":false,"template":"","format":"standard","meta":{"fifu_image_url":"","fifu_image_alt":"","footnotes":""},"categories":[54,76],"tags":[],"class_list":["post-117938","post","type-post","status-publish","format-standard","hentry","category-maroc","category-regions"],"_links":{"self":[{"href":"https:\/\/linitiative.ca\/International\/wp-json\/wp\/v2\/posts\/117938","targetHints":{"allow":["GET"]}}],"collection":[{"href":"https:\/\/linitiative.ca\/International\/wp-json\/wp\/v2\/posts"}],"about":[{"href":"https:\/\/linitiative.ca\/International\/wp-json\/wp\/v2\/types\/post"}],"author":[{"embeddable":true,"href":"https:\/\/linitiative.ca\/International\/wp-json\/wp\/v2\/users\/1788"}],"replies":[{"embeddable":true,"href":"https:\/\/linitiative.ca\/International\/wp-json\/wp\/v2\/comments?post=117938"}],"version-history":[{"count":0,"href":"https:\/\/linitiative.ca\/International\/wp-json\/wp\/v2\/posts\/117938\/revisions"}],"wp:attachment":[{"href":"https:\/\/linitiative.ca\/International\/wp-json\/wp\/v2\/media?parent=117938"}],"wp:term":[{"taxonomy":"category","embeddable":true,"href":"https:\/\/linitiative.ca\/International\/wp-json\/wp\/v2\/categories?post=117938"},{"taxonomy":"post_tag","embeddable":true,"href":"https:\/\/linitiative.ca\/International\/wp-json\/wp\/v2\/tags?post=117938"}],"curies":[{"name":"wp","href":"https:\/\/api.w.org\/{rel}","templated":true}]}}