{"id":117940,"date":"2021-06-03T11:05:20","date_gmt":"2021-06-03T15:05:20","guid":{"rendered":"https:\/\/linitiative.ca\/International\/sbm-nomme-un-nouveau-dg\/"},"modified":"2021-06-03T11:05:20","modified_gmt":"2021-06-03T15:05:20","slug":"sbm-nomme-un-nouveau-dg","status":"publish","type":"post","link":"https:\/\/linitiative.ca\/International\/sbm-nomme-un-nouveau-dg\/","title":{"rendered":"SBM nomme un nouveau DG"},"content":{"rendered":"<p class=\"rtejustify\">Le Conseil d\u2019Administration de la Soci\u00e9t\u00e9 des Boissons du Maroc a nomm\u00e9 S\u00e9bastien Yves-m\u00e9nager, nouveau DG de la soci\u00e9t\u00e9 \u00e0 partir du 1er juillet prochain. Ce dernier succ\u00e8de \u00e0 Brahim Laraoui, qui occupait le poste depuis d\u00e9cembre 2016.<\/p>\n<p class=\"rtejustify\">Le nouveau DG dirigeait jusque l\u00e0 Soci\u00e9t\u00e9 b\u00e9ninoise de brasseries (SOBEBRA), filiale du groupe Castel et leader du march\u00e9 des boissons alimentaires au B\u00e9nin, qu\u2019il a rejoint en mars 2016. Il dispose d\u2019une grande exp\u00e9rience et a occup\u00e9 des postes de direction g\u00e9n\u00e9rale dans des filiales de grands groupes internationaux dans plusieurs pays africains depuis une vingtaine d\u2019ann\u00e9es. Yves-m\u00e9nager a int\u00e9gr\u00e9 Castel en 2013 lorsqu\u2019il a \u00e9t\u00e9 nomm\u00e9 \u00e0 la t\u00eate de la filiale angolaise CUCA S.A, usine embl\u00e9matique du Groupe en Angola.<\/p>\n<p class=\"rtejustify\">\u00a0<\/p>\n<p>Auteur: hgueye<br \/>\n<a href=\"https:\/\/www.leconomiste.com\/flash-infos\/sbm-nomme-un-nouveau-dg\">Cliquez ici pour lire l&rsquo;article depuis sa source.<\/a><\/p>\n","protected":false},"excerpt":{"rendered":"<p>Le Conseil d\u2019Administration de la Soci\u00e9t\u00e9 des Boissons du Maroc a nomm\u00e9 S\u00e9bastien Yves-m\u00e9nager, nouveau DG de la soci\u00e9t\u00e9 \u00e0 partir du 1er juillet prochain. Ce dernier succ\u00e8de \u00e0 Brahim Laraoui, qui occupait le poste depuis d\u00e9cembre 2016. Le nouveau DG dirigeait jusque l\u00e0 Soci\u00e9t\u00e9 b\u00e9ninoise de brasseries (SOBEBRA), filiale du groupe Castel et leader [&hellip;]<\/p>\n","protected":false},"author":1763,"featured_media":0,"comment_status":"closed","ping_status":"closed","sticky":false,"template":"","format":"standard","meta":{"fifu_image_url":"","fifu_image_alt":"","footnotes":""},"categories":[78,54],"tags":[],"class_list":["post-117940","post","type-post","status-publish","format-standard","hentry","category-economie","category-maroc"],"_links":{"self":[{"href":"https:\/\/linitiative.ca\/International\/wp-json\/wp\/v2\/posts\/117940","targetHints":{"allow":["GET"]}}],"collection":[{"href":"https:\/\/linitiative.ca\/International\/wp-json\/wp\/v2\/posts"}],"about":[{"href":"https:\/\/linitiative.ca\/International\/wp-json\/wp\/v2\/types\/post"}],"author":[{"embeddable":true,"href":"https:\/\/linitiative.ca\/International\/wp-json\/wp\/v2\/users\/1763"}],"replies":[{"embeddable":true,"href":"https:\/\/linitiative.ca\/International\/wp-json\/wp\/v2\/comments?post=117940"}],"version-history":[{"count":0,"href":"https:\/\/linitiative.ca\/International\/wp-json\/wp\/v2\/posts\/117940\/revisions"}],"wp:attachment":[{"href":"https:\/\/linitiative.ca\/International\/wp-json\/wp\/v2\/media?parent=117940"}],"wp:term":[{"taxonomy":"category","embeddable":true,"href":"https:\/\/linitiative.ca\/International\/wp-json\/wp\/v2\/categories?post=117940"},{"taxonomy":"post_tag","embeddable":true,"href":"https:\/\/linitiative.ca\/International\/wp-json\/wp\/v2\/tags?post=117940"}],"curies":[{"name":"wp","href":"https:\/\/api.w.org\/{rel}","templated":true}]}}