{"id":117944,"date":"2021-06-03T12:33:19","date_gmt":"2021-06-03T16:33:19","guid":{"rendered":"https:\/\/linitiative.ca\/International\/rd-la-cgem-sallie-a-mascir\/"},"modified":"2021-06-03T12:33:19","modified_gmt":"2021-06-03T16:33:19","slug":"rd-la-cgem-sallie-a-mascir","status":"publish","type":"post","link":"https:\/\/linitiative.ca\/International\/rd-la-cgem-sallie-a-mascir\/","title":{"rendered":"R&amp;D: La CGEM s&rsquo;allie \u00e0 MAScIR"},"content":{"rendered":"<p class=\"rtejustify\">La Conf\u00e9d\u00e9ration g\u00e9n\u00e9rale des entreprises du Maroc (CGEM) et la Fondation MAScIR (Moroccan Foundation for Advanced Science Innovation and Research) s&rsquo;allient pour la promotion de la recherche et d\u00e9veloppement (R&amp;D) appliqu\u00e9e. Les deux parties ont conclu, jeudi \u00e0 Casablanca, une convention visant le renforcement de la collaboration des deux institutions pour rapprocher la recherche du tissu \u00e9conomique et industriel national.<\/p>\n<p class=\"rtejustify\">Concr\u00e8tement, le patronat et ladite fondation m\u00e8neront ensemble des actions visant \u00e0 encourager les entreprises marocaines, tous secteurs et r\u00e9gions confondus, ainsi qu&rsquo;\u00e0 inscrire la R&amp;D appliqu\u00e9e dans leurs strat\u00e9gies de d\u00e9veloppement. Ils vont ainsi promouvoir les projets innovants de ces entreprises aupr\u00e8s d&rsquo;investisseurs potentiels ou de fonds d&rsquo;investissement afin de cr\u00e9er de la richesse et valoriser le \u00ab\u00a0Made in Morocco\u00a0\u00bb.<\/p>\n<p class=\"rtejustify\">Selon le pr\u00e9sident de la CGEM, Chakib Alj, ce partenariat \u00ab\u00a0important\u00a0\u00bb et \u00ab\u00a0strat\u00e9gique\u00a0\u00bb vise \u00e0 promouvoir le \u00ab\u00a0Made in Morocco\u00a0\u00bb, ainsi que la R&amp;D appliqu\u00e9e \u00e0 l&rsquo;innovation qui repr\u00e9sente un lourd investissement pour les entreprises marocaines, notamment les TPME. \u00ab\u00a0L&rsquo;objectif est de permettre aux TPME de saisir des opportunit\u00e9s de l&rsquo;industrie 4.0, en plus d&rsquo;accompagner le tissu \u00e9conomique pour une reprise effective et sereine, en proposant aux membres de la CGEM des tests PCR rapides, d\u00e9velopp\u00e9s par la fondation MAScIR\u00a0\u00bb, a-t-il ajout\u00e9.<\/p>\n<p>Auteur: hgueye<br \/>\n<a href=\"https:\/\/www.leconomiste.com\/flash-infos\/rd-la-cgem-s-allie-mascir\">Cliquez ici pour lire l&rsquo;article depuis sa source.<\/a><\/p>\n","protected":false},"excerpt":{"rendered":"<p>La Conf\u00e9d\u00e9ration g\u00e9n\u00e9rale des entreprises du Maroc (CGEM) et la Fondation MAScIR (Moroccan Foundation for Advanced Science Innovation and Research) s&rsquo;allient pour la promotion de la recherche et d\u00e9veloppement (R&amp;D) appliqu\u00e9e. Les deux parties ont conclu, jeudi \u00e0 Casablanca, une convention visant le renforcement de la collaboration des deux institutions pour rapprocher la recherche du [&hellip;]<\/p>\n","protected":false},"author":1763,"featured_media":0,"comment_status":"closed","ping_status":"closed","sticky":false,"template":"","format":"standard","meta":{"fifu_image_url":"","fifu_image_alt":"","footnotes":""},"categories":[78,54],"tags":[],"class_list":["post-117944","post","type-post","status-publish","format-standard","hentry","category-economie","category-maroc"],"_links":{"self":[{"href":"https:\/\/linitiative.ca\/International\/wp-json\/wp\/v2\/posts\/117944","targetHints":{"allow":["GET"]}}],"collection":[{"href":"https:\/\/linitiative.ca\/International\/wp-json\/wp\/v2\/posts"}],"about":[{"href":"https:\/\/linitiative.ca\/International\/wp-json\/wp\/v2\/types\/post"}],"author":[{"embeddable":true,"href":"https:\/\/linitiative.ca\/International\/wp-json\/wp\/v2\/users\/1763"}],"replies":[{"embeddable":true,"href":"https:\/\/linitiative.ca\/International\/wp-json\/wp\/v2\/comments?post=117944"}],"version-history":[{"count":0,"href":"https:\/\/linitiative.ca\/International\/wp-json\/wp\/v2\/posts\/117944\/revisions"}],"wp:attachment":[{"href":"https:\/\/linitiative.ca\/International\/wp-json\/wp\/v2\/media?parent=117944"}],"wp:term":[{"taxonomy":"category","embeddable":true,"href":"https:\/\/linitiative.ca\/International\/wp-json\/wp\/v2\/categories?post=117944"},{"taxonomy":"post_tag","embeddable":true,"href":"https:\/\/linitiative.ca\/International\/wp-json\/wp\/v2\/tags?post=117944"}],"curies":[{"name":"wp","href":"https:\/\/api.w.org\/{rel}","templated":true}]}}