{"id":117946,"date":"2021-06-03T15:14:16","date_gmt":"2021-06-03T19:14:16","guid":{"rendered":"https:\/\/linitiative.ca\/International\/international-la-reaction-de-benzema-apres-son-retour-en-selection\/"},"modified":"2021-06-03T15:14:16","modified_gmt":"2021-06-03T19:14:16","slug":"international-la-reaction-de-benzema-apres-son-retour-en-selection","status":"publish","type":"post","link":"https:\/\/linitiative.ca\/International\/international-la-reaction-de-benzema-apres-son-retour-en-selection\/","title":{"rendered":"International : La r\u00e9action de Benzema apr\u00e8s son retour en s\u00e9lection"},"content":{"rendered":"<div readability=\"32\">\n<p>Auteur : <span class=\"time\">jeudi 03 juin 2021 07:12<\/span><\/p>\n<\/div>\n<div id=\"post_core\" readability=\"53\">\n<p>L&rsquo;attaquant n&rsquo;a toutefois pas trouv\u00e9 la faille ratant un p\u00e9nalty, touchant le poteau et voyant deux t\u00eates arr\u00eat\u00e9es\u00a0par Ward. Le joueur du Real Madrid est tout de m\u00eame ravi de son retour en Bleu:<\/p>\n<p>\u00ab\u00a0\u00c7a monte en puissance car je viens juste de terminer ma saison. C&rsquo;\u00e9tait une saison difficile avec la r\u00e9p\u00e9tition des matches mais je me suis bien senti tout au long du match. Je suis mont\u00e9 en puissance donc c&rsquo;est de bon augure pour la suite. Contre des \u00e9quipes comme \u00e7a, qui jouent \u00e0 cinq d\u00e9fenseurs avec un bloc tr\u00e8s bas, c&rsquo;est un peu difficile, on aura le temps de peaufiner aux entra\u00eenements, mais je pense qu&rsquo;on a fait un tr\u00e8s bon match, on a tent\u00e9, ce qui est le plus important (Est-il frustr\u00e9 de ne pas avoir marqu\u00e9?) L&rsquo;essentiel, c&rsquo;est de se cr\u00e9er les occasions, de gagner et de faire mieux la prochaine fois pour marquer un peu plus de buts. (Qu&rsquo;a-t-il ressenti en enfilant de nouveau le maillot bleu?) De la fiert\u00e9, beaucoup de fiert\u00e9, beaucoup de joie, l&rsquo;envie de jouer et de montrer, ce que j&rsquo;ai fait ce soir sur le terrain\u00a0\u00bb, a t-il affirm\u00e9 au micro de TF1 et comme le rapporte Sport24.\u00a0<\/p>\n<p><strong>Publi\u00e9 dans :<\/strong> <span>benzema<\/span><\/p>\n<\/div>\n<p>Auteur:<br \/>\n<a href=\"http:\/\/www.lebuteur.com\/article\/detail?titre=la-reaction-de-benzema-apres-son-retour-en-selection&#038;id=100266&#038;utm_source=feedburner&#038;utm_medium=feed&#038;utm_campaign=Feed%3A+GalerieFArtciles+%28Les+derniers+articles++-+lebuteur.com%29\">Cliquez ici pour lire l&rsquo;article depuis sa source.<\/a><\/p>\n","protected":false},"excerpt":{"rendered":"<p>Auteur : jeudi 03 juin 2021 07:12 L&rsquo;attaquant n&rsquo;a toutefois pas trouv\u00e9 la faille ratant un p\u00e9nalty, touchant le poteau et voyant deux t\u00eates arr\u00eat\u00e9es\u00a0par Ward. Le joueur du Real Madrid est tout de m\u00eame ravi de son retour en Bleu: \u00ab\u00a0\u00c7a monte en puissance car je viens juste de terminer ma saison. C&rsquo;\u00e9tait une [&hellip;]<\/p>\n","protected":false},"author":1738,"featured_media":0,"comment_status":"closed","ping_status":"closed","sticky":false,"template":"","format":"standard","meta":{"fifu_image_url":"\/\/cdn.lebuteur.com\/data\/images\/article\/thumbs\/large-la-reaction-de-benzema-apres-son-retour-en-selection-379e6.jpg","fifu_image_alt":"International : La r\u00e9action de Benzema apr\u00e8s son retour en s\u00e9lection","footnotes":""},"categories":[53,75],"tags":[],"class_list":["post-117946","post","type-post","status-publish","format-standard","hentry","category-algerie","category-sport"],"_links":{"self":[{"href":"https:\/\/linitiative.ca\/International\/wp-json\/wp\/v2\/posts\/117946","targetHints":{"allow":["GET"]}}],"collection":[{"href":"https:\/\/linitiative.ca\/International\/wp-json\/wp\/v2\/posts"}],"about":[{"href":"https:\/\/linitiative.ca\/International\/wp-json\/wp\/v2\/types\/post"}],"author":[{"embeddable":true,"href":"https:\/\/linitiative.ca\/International\/wp-json\/wp\/v2\/users\/1738"}],"replies":[{"embeddable":true,"href":"https:\/\/linitiative.ca\/International\/wp-json\/wp\/v2\/comments?post=117946"}],"version-history":[{"count":0,"href":"https:\/\/linitiative.ca\/International\/wp-json\/wp\/v2\/posts\/117946\/revisions"}],"wp:attachment":[{"href":"https:\/\/linitiative.ca\/International\/wp-json\/wp\/v2\/media?parent=117946"}],"wp:term":[{"taxonomy":"category","embeddable":true,"href":"https:\/\/linitiative.ca\/International\/wp-json\/wp\/v2\/categories?post=117946"},{"taxonomy":"post_tag","embeddable":true,"href":"https:\/\/linitiative.ca\/International\/wp-json\/wp\/v2\/tags?post=117946"}],"curies":[{"name":"wp","href":"https:\/\/api.w.org\/{rel}","templated":true}]}}