{"id":117949,"date":"2021-06-03T15:14:21","date_gmt":"2021-06-03T19:14:21","guid":{"rendered":"https:\/\/linitiative.ca\/International\/afrique-mca-12-mois-de-suspension-pour-belkheir-et-boutaga\/"},"modified":"2021-06-03T15:14:21","modified_gmt":"2021-06-03T19:14:21","slug":"afrique-mca-12-mois-de-suspension-pour-belkheir-et-boutaga","status":"publish","type":"post","link":"https:\/\/linitiative.ca\/International\/afrique-mca-12-mois-de-suspension-pour-belkheir-et-boutaga\/","title":{"rendered":"Afrique : MCA: 12 mois de suspension pour Belkheir et Boutaga"},"content":{"rendered":"<div readability=\"32\">\n<p>Auteur : <span class=\"time\">jeudi 03 juin 2021 15:42<\/span><\/p>\n<\/div>\n<div id=\"post_core\" readability=\"47\">\n<p>L&rsquo;attaquant du MC Alger Abdelnour Belkheir et son co\u00e9quipier gardien de but Ahmed Boutaga, ont \u00e9cop\u00e9 chacun d&rsquo;une suspension de 12 mois pour \u00ab\u00a0agression sur un officiel de match\u00a0\u00bb lors du quart de finale retour de la Ligue des champions de la CAF, le 22 mai dernier \u00e0 Casablanca contre le WAC, a indiqu\u00e9 la Conf\u00e9d\u00e9ration africaine de football. R\u00e9uni le 1er juin, le Jury disciplinaire de la CAF a d\u00e9cid\u00e9 de suspendre\u00a0 les deux joueurs du MC Alger \u00ab\u00a0de toutes les comp\u00e9titions organis\u00e9es par la CAF notamment les comp\u00e9titions interclubs ainsi que les comp\u00e9titions avec les \u00e9quipes nationales\u00a0\u00bb. \u00a0Le MC Alger devra \u00e9galement payer une amende de 25.000 dollars pour \u00ab\u00a0conduite inconvenante et regrettable envers l\u2019arbitre du match\u00a0\u00bb. \u00a0Apr\u00e8s le coup de sifflet final du match WAC &#8211; MCA (1-0), synonyme d&rsquo;\u00e9limination du Mouloudia d&rsquo;Alger, \u00ab\u00a0Belkheir et Boutaga ont physiquement attaqu\u00e9 l&rsquo;arbitre en lui donnant des coups de pied \u00e0 la jambe. L&rsquo;arbitre avait alors brandi des cartons rouges pour conduite violente\u00a0\u00bb, pr\u00e9cise la m\u00eame source. \u00a0Le repr\u00e9sentant alg\u00e9rien en Ligue des champions d&rsquo;Afrique de football, le MC Alger avait \u00e9t\u00e9 \u00e9limin\u00e9 suite \u00e0 un but inscrit dans le temps additionnel du match (90+2) par Walid El Korti. Lors du match aller, au stade 5 juillet \u00e0 Alger, le MCA et le WAC s&rsquo;\u00e9taient s\u00e9par\u00e9s sur un score de parit\u00e9 (1-1).<\/p>\n<p><strong>Publi\u00e9 dans :<\/strong> <span>Belkheir<\/span> <span>Boutaga<\/span><\/p>\n<\/div>\n<p>Auteur:<br \/>\n<a href=\"http:\/\/www.lebuteur.com\/article\/detail?titre=mca-12-mois-de-suspension-pour-belkheir-et-boutaga&#038;id=100270&#038;utm_source=feedburner&#038;utm_medium=feed&#038;utm_campaign=Feed%3A+GalerieFArtciles+%28Les+derniers+articles++-+lebuteur.com%29\">Cliquez ici pour lire l&rsquo;article depuis sa source.<\/a><\/p>\n","protected":false},"excerpt":{"rendered":"<p>Auteur : jeudi 03 juin 2021 15:42 L&rsquo;attaquant du MC Alger Abdelnour Belkheir et son co\u00e9quipier gardien de but Ahmed Boutaga, ont \u00e9cop\u00e9 chacun d&rsquo;une suspension de 12 mois pour \u00ab\u00a0agression sur un officiel de match\u00a0\u00bb lors du quart de finale retour de la Ligue des champions de la CAF, le 22 mai dernier \u00e0 [&hellip;]<\/p>\n","protected":false},"author":1738,"featured_media":0,"comment_status":"closed","ping_status":"closed","sticky":false,"template":"","format":"standard","meta":{"fifu_image_url":"\/\/cdn.lebuteur.com\/data\/images\/article\/thumbs\/large-mca-12-mois-de-suspension-pour-belkheir-et-boutaga-1e77b.png","fifu_image_alt":"Afrique : MCA: 12 mois de suspension pour Belkheir et Boutaga","footnotes":""},"categories":[53,75],"tags":[],"class_list":["post-117949","post","type-post","status-publish","format-standard","hentry","category-algerie","category-sport"],"_links":{"self":[{"href":"https:\/\/linitiative.ca\/International\/wp-json\/wp\/v2\/posts\/117949","targetHints":{"allow":["GET"]}}],"collection":[{"href":"https:\/\/linitiative.ca\/International\/wp-json\/wp\/v2\/posts"}],"about":[{"href":"https:\/\/linitiative.ca\/International\/wp-json\/wp\/v2\/types\/post"}],"author":[{"embeddable":true,"href":"https:\/\/linitiative.ca\/International\/wp-json\/wp\/v2\/users\/1738"}],"replies":[{"embeddable":true,"href":"https:\/\/linitiative.ca\/International\/wp-json\/wp\/v2\/comments?post=117949"}],"version-history":[{"count":0,"href":"https:\/\/linitiative.ca\/International\/wp-json\/wp\/v2\/posts\/117949\/revisions"}],"wp:attachment":[{"href":"https:\/\/linitiative.ca\/International\/wp-json\/wp\/v2\/media?parent=117949"}],"wp:term":[{"taxonomy":"category","embeddable":true,"href":"https:\/\/linitiative.ca\/International\/wp-json\/wp\/v2\/categories?post=117949"},{"taxonomy":"post_tag","embeddable":true,"href":"https:\/\/linitiative.ca\/International\/wp-json\/wp\/v2\/tags?post=117949"}],"curies":[{"name":"wp","href":"https:\/\/api.w.org\/{rel}","templated":true}]}}