{"id":117951,"date":"2021-06-03T06:08:32","date_gmt":"2021-06-03T10:08:32","guid":{"rendered":"https:\/\/linitiative.ca\/International\/situation-politique-dans-le-pays-le-pad-exige-la-liberation-des-detenus-dopinion-et-larret-de-la-repression\/"},"modified":"2021-06-03T06:08:32","modified_gmt":"2021-06-03T10:08:32","slug":"situation-politique-dans-le-pays-le-pad-exige-la-liberation-des-detenus-dopinion-et-larret-de-la-repression","status":"publish","type":"post","link":"https:\/\/linitiative.ca\/International\/situation-politique-dans-le-pays-le-pad-exige-la-liberation-des-detenus-dopinion-et-larret-de-la-repression\/","title":{"rendered":"Situation politique dans le pays : Le PAD exige la lib\u00e9ration des d\u00e9tenus d\u2019opinion et l\u2019arr\u00eat de la r\u00e9pression"},"content":{"rendered":"<h4 class=\"title-14\"\/>\n<p>Les Forces du Pacte pour l\u2019alternative d\u00e9mocratique (PAD), qui se sont r\u00e9unies mardi, ont r\u00e9it\u00e9r\u00e9 leurs exigences \u00abde la lib\u00e9ration imm\u00e9diate de tous les d\u00e9tenus politiques et d\u2019opinion, l\u2019arr\u00eat de la r\u00e9pression et le r\u00e9tablissement des droits et libert\u00e9s\u00bb.<\/p>\n<p>Faisant un constat inqui\u00e9tant de la situation politique du pays, ce regroupement d\u2019un nombre de partis et d\u2019organisations du camp d\u00e9mocratique a \u00e9galement appel\u00e9, dans un communiqu\u00e9 rendu public hier, les Alg\u00e9riens \u00e0 \u00abdisqualifier le simulacre \u00e9lectoral du 12 juin par un rejet r\u00e9solu, pacifique et massif\u00bb. \u00abC\u2019est l\u00e0 le meilleur moyen de rapprocher et rendre incontournable l\u2019heure d\u2019une transition d\u00e9mocratique ind\u00e9pendante et d\u2019un processus constituant souverain permettant au peuple d\u2019exercer effectivement sa souverainet\u00e9\u00bb, lance, \u00e0 cet effet, le PAD, pour qui cette voie est \u00abla seule pour pr\u00e9server l\u2019Etat national, fruit d\u2019une ind\u00e9pendance arrach\u00e9e et d\u00e9fendue au prix de sacrifices inou\u00efs et pour intaller la d\u00e9mocratie, le pluralisme et l\u2019Etat de droit d\u00e9mocratique contre toute forme de dictature\u00bb.<\/p>\n<p>Revenant sur les derniers d\u00e9veloppements de la sc\u00e8ne politique nationale, les forces du PAD rel\u00e8vent qu\u2019\u00abaffol\u00e9 par le d\u00e9saveu des citoyens vis-\u00e0-vis du nouveau simulacre \u00e9lectoral du 12 juin prochain\u00bb, le pouvoir \u00abs\u2019est lanc\u00e9 dans une escalade furieuse de la strat\u00e9gie de r\u00e9pression mise en \u0153uvre depuis avril 2019, sur fond d\u2019instrumentalisation des appareils s\u00e9curitaire, judiciaire et m\u00e9diatique\u00bb. \u00abAucune cat\u00e9gorie sociale n\u2019\u00e9chappe \u00e0 l\u2019arbitraire et \u00e0 la violence d\u2019Etat\u00bb, estime-t-on encore dans ce communiqu\u00e9, qui met en exergue aussi l\u2019affaire de l\u2019avocat de T\u00e9bessa, plac\u00e9 sous mandat de d\u00e9p\u00f4t depuis le 26 mai dernier.<\/p>\n<p><span class=\"post-views-label\">Post Views:<\/span> <span class=\"post-views-count\">382<\/span><\/p>\n<p><br class=\"c2\"\/><\/p>\n<div class=\"ichhar-moneytagnative c4\" id=\"ichhar-929309859\">\n<p>Advertisements<\/p>\n<\/div>\n<p><br class=\"c2\"\/><br \/>\n<br class=\"c5\"\/><br \/>\nAuteur: Hicham Chouadria<br \/>\n<a href=\"https:\/\/www.elwatan.com\/edition\/actualite\/situation-politique-dans-le-pays-le-pad-exige-la-liberation-des-detenus-dopinion-et-larret-de-la-repression-03-06-2021\">Cliquez ici pour lire l&rsquo;article depuis sa source.<\/a><\/p>\n","protected":false},"excerpt":{"rendered":"<p>Les Forces du Pacte pour l\u2019alternative d\u00e9mocratique (PAD), qui se sont r\u00e9unies mardi, ont r\u00e9it\u00e9r\u00e9 leurs exigences \u00abde la lib\u00e9ration imm\u00e9diate de tous les d\u00e9tenus politiques et d\u2019opinion, l\u2019arr\u00eat de la r\u00e9pression et le r\u00e9tablissement des droits et libert\u00e9s\u00bb. Faisant un constat inqui\u00e9tant de la situation politique du pays, ce regroupement d\u2019un nombre de partis [&hellip;]<\/p>\n","protected":false},"author":1743,"featured_media":0,"comment_status":"closed","ping_status":"closed","sticky":false,"template":"","format":"standard","meta":{"fifu_image_url":"","fifu_image_alt":"","footnotes":""},"categories":[73,53],"tags":[],"class_list":["post-117951","post","type-post","status-publish","format-standard","hentry","category-actualite","category-algerie"],"_links":{"self":[{"href":"https:\/\/linitiative.ca\/International\/wp-json\/wp\/v2\/posts\/117951","targetHints":{"allow":["GET"]}}],"collection":[{"href":"https:\/\/linitiative.ca\/International\/wp-json\/wp\/v2\/posts"}],"about":[{"href":"https:\/\/linitiative.ca\/International\/wp-json\/wp\/v2\/types\/post"}],"author":[{"embeddable":true,"href":"https:\/\/linitiative.ca\/International\/wp-json\/wp\/v2\/users\/1743"}],"replies":[{"embeddable":true,"href":"https:\/\/linitiative.ca\/International\/wp-json\/wp\/v2\/comments?post=117951"}],"version-history":[{"count":0,"href":"https:\/\/linitiative.ca\/International\/wp-json\/wp\/v2\/posts\/117951\/revisions"}],"wp:attachment":[{"href":"https:\/\/linitiative.ca\/International\/wp-json\/wp\/v2\/media?parent=117951"}],"wp:term":[{"taxonomy":"category","embeddable":true,"href":"https:\/\/linitiative.ca\/International\/wp-json\/wp\/v2\/categories?post=117951"},{"taxonomy":"post_tag","embeddable":true,"href":"https:\/\/linitiative.ca\/International\/wp-json\/wp\/v2\/tags?post=117951"}],"curies":[{"name":"wp","href":"https:\/\/api.w.org\/{rel}","templated":true}]}}