{"id":117952,"date":"2021-06-03T06:10:28","date_gmt":"2021-06-03T10:10:28","guid":{"rendered":"https:\/\/linitiative.ca\/International\/incarceration-de-abderraouf-arslane-la-colere-monte-chez-les-avocats\/"},"modified":"2021-06-03T06:10:28","modified_gmt":"2021-06-03T10:10:28","slug":"incarceration-de-abderraouf-arslane-la-colere-monte-chez-les-avocats","status":"publish","type":"post","link":"https:\/\/linitiative.ca\/International\/incarceration-de-abderraouf-arslane-la-colere-monte-chez-les-avocats\/","title":{"rendered":"Incarc\u00e9ration de Abderraouf Arslane : La col\u00e8re monte chez les avocats"},"content":{"rendered":"<h4 class=\"title-14\"\/>\n<div class=\"featured_image\"><img loading=\"lazy\" decoding=\"async\" width=\"2040\" height=\"1148\" src=\"https:\/\/www.elwatan.com\/wp-content\/uploads\/2021\/06\/avocats.jpg\" class=\"attachment-post-thumbnail size-post-thumbnail wp-post-image\" alt=\"\" srcset=\"https:\/\/www.elwatan.com\/wp-content\/uploads\/2021\/06\/avocats.jpg 2040w, https:\/\/www.elwatan.com\/wp-content\/uploads\/2021\/06\/avocats-300x169.jpg 300w, https:\/\/www.elwatan.com\/wp-content\/uploads\/2021\/06\/avocats-768x432.jpg 768w, https:\/\/www.elwatan.com\/wp-content\/uploads\/2021\/06\/avocats-1024x576.jpg 1024w, https:\/\/www.elwatan.com\/wp-content\/uploads\/2021\/06\/avocats-1320x743.jpg 1320w\" sizes=\"auto, (max-width: 2040px) 100vw, 2040px\"\/><\/div>\n<p>Les robes noires sont en col\u00e8re. La d\u00e9cision de la chambre d\u2019accusation pr\u00e8s la cour de T\u00e9bessa de maintenir l\u2019avocat Abderraouf Arslane sous mandat de d\u00e9p\u00f4t a suscit\u00e9 de vives r\u00e9actions.<\/p>\n<p>Mardi soir, le barreau de T\u00e9bessa a annonc\u00e9 sa d\u00e9cision de boycotter, \u00e0 partir d\u2019hier, les tribunaux et la cour de la wilaya et exige la lib\u00e9ration imm\u00e9diate de l\u2019avocat. En outre, le barreau de T\u00e9bessa appelle l\u2019Union nationale de l\u2019Ordre des avocats et les autres barreaux \u00e0 travers le pays \u00e0 r\u00e9agir contre ce qui est consid\u00e9 comme \u00abune grave atteinte aux droits de la d\u00e9fense\u00bb.<\/p>\n<p>Individuellement, de nombreux avocats, particuli\u00e8rement ceux qui sont engag\u00e9s dans la d\u00e9fense des libert\u00e9s et des d\u00e9tenus du hirak, expriment aussi leur col\u00e8re face \u00e0 ce pr\u00e9c\u00e9dent qui, selon eux, \u00abn\u2019augure pas de jours meilleurs pour cette noble profession\u00bb.<\/p>\n<p>Parmi eux, il y a Me Abdelghani Badi, qui a post\u00e9 sur sa page Facebook plusieurs messages de d\u00e9nonciation, accompagn\u00e9s de la photo de son coll\u00e8gue Abderraouf Arslane. \u00abLa d\u00e9cision est maintenant entre les mains des avocats. Soit nous affirmons notre existence, soit nous disparaissons.<\/p>\n<p>Il faut s\u2019opposer \u00e0 la reproduction du mod\u00e8le \u00e9gyptien en mati\u00e8re de contre-r\u00e9volution\u00bb, \u00e9crit-il. Pour sa part, Me Zoubida Assoul affirme que \u00abmaintenir notre confr\u00e8re Arslane en d\u00e9tention provisoire est un affront aux 48\u00a0000 avocats et au droit de la d\u00e9fense\u00bb. \u00abNous devons r\u00e9agir vite avant qu\u2019il ne soit trop tard pour d\u00e9fendre les libert\u00e9s consacr\u00e9es par la Constitution de l\u2019Alg\u00e9rie nouvelle\u00bb, ajoute-t-elle.<\/p>\n<p><strong>Silence de l\u2019Union des ordres des avocats<\/strong><\/p>\n<p>Me A\u00efssa Rahmoune, pour sa part, exhorte ses confr\u00e8res \u00e0 r\u00e9agir vite pour faire face \u00e0 cette escalade contre les droits de la d\u00e9fense. R\u00e9agissant aussi \u00e0 la nouvelle, Me\u00a0Salah Dabouz \u00abappelle les avocats \u00e0 cesser imm\u00e9diatement toute activit\u00e9 si les responsables des organisations des robes noires ne sont pas en mesure de prendre une position honorable envers une atteinte \u00e0 l\u2019honneur de la profession\u00bb.<\/p>\n<p>Dans une d\u00e9claration post\u00e9e sur sa page Facebook avant m\u00eame la tomb\u00e9e du verdict de la chambre d\u2019accusation de la cour de T\u00e9bessa, Me Mokrane A\u00eft Larbi a affirm\u00e9 que Abderraouf Arslane a \u00e9t\u00e9 plac\u00e9 en d\u00e9tention \u00absans raison l\u00e9gale\u00bb. \u00abAvant cette affaire, les autorit\u00e9s n\u2019avaient pas os\u00e9 emprisonner un avocat en raison de ses d\u00e9clarations politiques ou ses opinions.<\/p>\n<p>Car l\u2019avocat ne peut \u00eatre emprisonn\u00e9 ni poursuivi en raison de ses d\u00e9clarations et ses propos, car cela fait partie de ses t\u00e2ches quotidiennes\u00bb, pr\u00e9cise-t-il. Et d\u2019ajouter\u00a0: \u00abSi l\u2019avocat viole ses pr\u00e9rogatives l\u00e9gales, il y a un conseil de discipline. La justice n\u2019a rien \u00e0 voir dans ce domaine. Mais aujourd\u2019hui, l\u2019emprisonnement devient la r\u00e8gle et la libert\u00e9 l\u2019exception.\u00bb<\/p>\n<p>Mokrane A\u00eft Larbi souligne aussi que \u00abl\u2019emprisonnement de notre coll\u00e8gue pour ses opinions laisse penser que les autorit\u00e9s politiques ont pr\u00e9par\u00e9 une liste d\u2019avocats actifs \u00e0 mettre en prison\u00bb. \u00abPar cons\u00e9quent, tous les avocats au niveau national sont tenus de boycotter toutes les s\u00e9ances \u00e0 une date devant \u00eatre d\u00e9termin\u00e9e par les organisations d\u2019avocats, et cela jusqu\u2019\u00e0 la remise en libert\u00e9 de Abderraouf Arslane\u00bb, exhorte-t-il. Pour rappel, l\u2019Union des Ordres des avocats n\u2019a pas encore r\u00e9agi.<\/p>\n<p><span class=\"post-views-label\">Post Views:<\/span> <span class=\"post-views-count\">1\u00a0005<\/span><\/p>\n<p><br class=\"c2\"\/><\/p>\n<div class=\"ichhar-moneytagnative c4\" id=\"ichhar-1442805160\">\n<p>Advertisements<\/p>\n<\/div>\n<p><br class=\"c2\"\/><br \/>\n<br class=\"c5\"\/><br \/>\nAuteur: Hicham Chouadria<br \/>\n<a href=\"https:\/\/www.elwatan.com\/edition\/actualite\/incarceration-de-abderraouf-arslane-la-colere-monte-chez-les-avocats-03-06-2021\">Cliquez ici pour lire l&rsquo;article depuis sa source.<\/a><\/p>\n","protected":false},"excerpt":{"rendered":"<p>Les robes noires sont en col\u00e8re. La d\u00e9cision de la chambre d\u2019accusation pr\u00e8s la cour de T\u00e9bessa de maintenir l\u2019avocat Abderraouf Arslane sous mandat de d\u00e9p\u00f4t a suscit\u00e9 de vives r\u00e9actions. Mardi soir, le barreau de T\u00e9bessa a annonc\u00e9 sa d\u00e9cision de boycotter, \u00e0 partir d\u2019hier, les tribunaux et la cour de la wilaya et [&hellip;]<\/p>\n","protected":false},"author":1743,"featured_media":0,"comment_status":"closed","ping_status":"closed","sticky":false,"template":"","format":"standard","meta":{"fifu_image_url":"https:\/\/www.elwatan.com\/wp-content\/uploads\/2021\/06\/avocats.jpg","fifu_image_alt":"Incarc\u00e9ration de Abderraouf Arslane : La col\u00e8re monte chez les avocats","footnotes":""},"categories":[73,53],"tags":[],"class_list":["post-117952","post","type-post","status-publish","format-standard","hentry","category-actualite","category-algerie"],"_links":{"self":[{"href":"https:\/\/linitiative.ca\/International\/wp-json\/wp\/v2\/posts\/117952","targetHints":{"allow":["GET"]}}],"collection":[{"href":"https:\/\/linitiative.ca\/International\/wp-json\/wp\/v2\/posts"}],"about":[{"href":"https:\/\/linitiative.ca\/International\/wp-json\/wp\/v2\/types\/post"}],"author":[{"embeddable":true,"href":"https:\/\/linitiative.ca\/International\/wp-json\/wp\/v2\/users\/1743"}],"replies":[{"embeddable":true,"href":"https:\/\/linitiative.ca\/International\/wp-json\/wp\/v2\/comments?post=117952"}],"version-history":[{"count":0,"href":"https:\/\/linitiative.ca\/International\/wp-json\/wp\/v2\/posts\/117952\/revisions"}],"wp:attachment":[{"href":"https:\/\/linitiative.ca\/International\/wp-json\/wp\/v2\/media?parent=117952"}],"wp:term":[{"taxonomy":"category","embeddable":true,"href":"https:\/\/linitiative.ca\/International\/wp-json\/wp\/v2\/categories?post=117952"},{"taxonomy":"post_tag","embeddable":true,"href":"https:\/\/linitiative.ca\/International\/wp-json\/wp\/v2\/tags?post=117952"}],"curies":[{"name":"wp","href":"https:\/\/api.w.org\/{rel}","templated":true}]}}