{"id":117953,"date":"2021-06-03T06:13:59","date_gmt":"2021-06-03T10:13:59","guid":{"rendered":"https:\/\/linitiative.ca\/International\/amar-azib-secretaire-general-du-syndicat-des-travailleurs-des-trains-dalger-il-y-a-une-montee-de-linsecurite-et-de-la-violence-dans-nos-trains\/"},"modified":"2021-06-03T06:13:59","modified_gmt":"2021-06-03T10:13:59","slug":"amar-azib-secretaire-general-du-syndicat-des-travailleurs-des-trains-dalger-il-y-a-une-montee-de-linsecurite-et-de-la-violence-dans-nos-trains","status":"publish","type":"post","link":"https:\/\/linitiative.ca\/International\/amar-azib-secretaire-general-du-syndicat-des-travailleurs-des-trains-dalger-il-y-a-une-montee-de-linsecurite-et-de-la-violence-dans-nos-trains\/","title":{"rendered":"Amar Azib. Secr\u00e9taire g\u00e9n\u00e9ral du Syndicat des travailleurs des trains d\u2019Alger  : \u00abIl y a une mont\u00e9e de l\u2019ins\u00e9curit\u00e9 et de la violence dans nos trains\u00bb"},"content":{"rendered":"<h4 class=\"title-14\"\/>\n<div class=\"featured_image\"><img loading=\"lazy\" decoding=\"async\" width=\"800\" height=\"840\" src=\"https:\/\/www.elwatan.com\/wp-content\/uploads\/2021\/06\/IMG_20210602_121903-e1622661813480.jpg\" class=\"attachment-post-thumbnail size-post-thumbnail wp-post-image\" alt=\"\"\/> <span class=\"featured-image-caption\">Amar Azib. Secr\u00e9taire g\u00e9n\u00e9ral du Syndicat des travailleurs des trains d\u2019Alger<\/span><\/div>\n<p class=\"p2\"><span class=\"s1\"><strong><em>-Pour quelle raison avez-vous paralys\u00e9 durant une journ\u00e9e le transport ferroviaire \u00e0 Alger ?<\/em><\/strong><\/span><\/p>\n<p class=\"p2\"><span class=\"s1\">Notre action a \u00e9t\u00e9 organis\u00e9e en r\u00e9action \u00e0 l\u2019agression, encore une fois, contre le personnel de contr\u00f4le, durant l\u2019exercice de ses fonctions. Ce qui s\u2019est pass\u00e9 est tr\u00e8s grave. Ils ont \u00e9t\u00e9 sauvagement agress\u00e9s par un groupe de voyous. A chaque fois, nous nous plaignons de ces actes commis \u00e0 l\u2019int\u00e9rieur des trains et dans les gares, malheureusement la situation empire et le nombre de victimes ne fait qu\u2019augmenter. Cette fois-ci encore, nous avons tir\u00e9 la sonnette d\u2019alarme pour que nos responsables prennent conscience de la gravit\u00e9 des faits, avant que ces p\u00e8res de familles ne soient tu\u00e9s.<\/span><\/p>\n<p class=\"p2\"><strong><span class=\"s1\">-Comment expliquer cette violence qui passe des jets de pierre contre les autorails aux agressions violentes contre le personnel ferroviaire \u00e0 l\u2019int\u00e9rieur m\u00eame des trains ?<\/span><\/strong><\/p>\n<p class=\"p2\"><span class=\"s1\">C\u2019est sur cette mont\u00e9e de violence et d\u2019ins\u00e9curit\u00e9 dans nos trains et aux alentours des gares que nous voulions attirer l\u2019attention de nos responsables et de nos concitoyens, par une journ\u00e9e de protestation. De plus en plus de citoyens refusent de payer le ticket de voyage. Ils sont tr\u00e8s nombreux et consid\u00e8rent le contr\u00f4leur comme leur ennemi, et non pas un fonctionnaire et un p\u00e8re de famille. D\u00e8s qu\u2019il leur demande le ticket, ils l\u2019agressent verbalement ou physiquement. Ces actes sont devenus quotidiens au point o\u00f9 nous les avons banalis\u00e9s. Cela a pris de l\u2019ampleur et, depuis quelque temps, les agressions se font avec des armes blanches ou des objets contondants. Nous commen\u00e7ons \u00e0 avoir s\u00e9rieusement peur pour nos coll\u00e8gues. Nous avons peur qu\u2019un jour, on nous annonce la mort de l\u2019un d\u2019eux. Les victimes deviennent de plus en plus nombreuses. Certains ont \u00e9t\u00e9 \u00e9borgn\u00e9s, d\u2019autres ont eu le nez ou les dents cass\u00e9es, des fractures \u00e0 la t\u00eate, \u00e0 l\u2019\u00e9paule ou au bassin. Il y en a qui sont devenus handicap\u00e9s. Jusqu\u2019\u00e0 quand allons-nous compter nos victimes\u00a0? Ce qui se passe est tr\u00e8s grave. Il ne s\u2019agit pas seulement de la s\u00e9curit\u00e9 des travailleurs, mais surtout des passagers.<\/span><\/p>\n<p class=\"p2\"><em><strong><span class=\"s1\">-Voulez-vous dire qu\u2019il y a un s\u00e9rieux probl\u00e8me de s\u00e9curit\u00e9 \u00e0 bord de nos trains ?<\/span><\/strong><\/em><\/p>\n<p class=\"p2\"><span class=\"s1\">Nos trains sont en train de se transformer en jungle. C\u2019est un vrai probl\u00e8me. Que pouvez-vous faire avec deux agents dans un train de 2500 voyageurs\u00a0? Ils ne peuvent rien faire. S\u2019ils interviennent, ils sont agress\u00e9s. Il y a tellement de voyageurs que, souvent, ces derniers agissent en groupes solidaires, comme des associations de malfaiteurs \u00e0 bord des trains. Minoritaires, les passagers de bonne foi se retrouvent marginalis\u00e9s. Ils n\u2019osent m\u00eame pas faire de remarques. Ils se taisent et laissent faire l\u2019anarchie. S\u2019ils interviennent, ils risquent d\u2019\u00eatre agress\u00e9s. Nos agents sont abandonn\u00e9s \u00e0 des d\u00e9linquants qui prennent en otage nos trains.<\/span><\/p>\n<p class=\"p2\"><em><strong><span class=\"s1\">-Avez-vous obtenu des r\u00e9sultats apr\u00e8s votre journ\u00e9e de protestation\u00a0?<\/span><\/strong><\/em><\/p>\n<p class=\"p2\"><span class=\"s1\">Nous avons alert\u00e9 nos responsables et c\u2019est \u00e0 eux de prendre leurs responsabilit\u00e9s. Encore une fois, nous avons obtenu des promesses. Nous voulons des actes sur le terrain. La situation est grave. Savez-vous que nous ne contr\u00f4lons pas les trains du d\u00e9but de matin\u00e9e et ceux de fin de journ\u00e9e. Ils sont bond\u00e9s de voyageurs et parmi ces derniers, une grande majorit\u00e9 de ces bandes de d\u00e9linquants qui, une fois \u00e0 bord du train, font la loi, en toute impunit\u00e9. Ils font ce qu\u2019ils veulent. Nous n\u2019intervenons que durant la journ\u00e9e. Nous avons peur pour notre personnel et pour nos voyageurs de bonne foi, des \u00e9tudiants, des familles et de simples citoyens qui utilisent quotidiennement le train. Cela nous fait mal au c\u0153ur. O\u00f9 allons-nous ?<\/span><\/p>\n<p class=\"p2\"><span class=\"s1\">Des trains acquis \u00e0 coups de milliards de dinars pour offrir des prestations d\u00e9centes aux passagers sont caillass\u00e9s. Les d\u00e9g\u00e2ts sont incroyables. C\u2019est l\u2019argent du contribuable qui est d\u00e9pens\u00e9 pour que les citoyens puissent voyager convenablement en toute s\u00e9curit\u00e9. Il faut que ce probl\u00e8me soit pris en charge. Ce qui se passe durant la nuit \u00e0 l\u2019int\u00e9rieur des gares et aux alentours est tr\u00e8s grave. C\u2019est inadmissible, il faut que les autorit\u00e9s agissent rapidement avant que la situation empire et \u00e9chappe au contr\u00f4le.<\/span><\/p>\n<p><span class=\"post-views-label\">Post Views:<\/span> <span class=\"post-views-count\">305<\/span><\/p>\n<p><br class=\"c2\"\/><\/p>\n<div class=\"ichhar-moneytagnative c4\" id=\"ichhar-520874766\">\n<p>Advertisements<\/p>\n<\/div>\n<p><br class=\"c2\"\/><br \/>\n<br class=\"c5\"\/><br \/>\nAuteur: Hicham Chouadria<br \/>\n<a href=\"https:\/\/www.elwatan.com\/edition\/actualite\/amar-azib-secretaire-general-du-syndicat-des-travailleurs-des-trains-dalger-il-y-a-une-montee-de-linsecurite-et-de-la-violence-dans-nos-trains-03-06-2021\">Cliquez ici pour lire l&rsquo;article depuis sa source.<\/a><\/p>\n","protected":false},"excerpt":{"rendered":"<p>Amar Azib. Secr\u00e9taire g\u00e9n\u00e9ral du Syndicat des travailleurs des trains d\u2019Alger -Pour quelle raison avez-vous paralys\u00e9 durant une journ\u00e9e le transport ferroviaire \u00e0 Alger ? Notre action a \u00e9t\u00e9 organis\u00e9e en r\u00e9action \u00e0 l\u2019agression, encore une fois, contre le personnel de contr\u00f4le, durant l\u2019exercice de ses fonctions. Ce qui s\u2019est pass\u00e9 est tr\u00e8s grave. Ils [&hellip;]<\/p>\n","protected":false},"author":1743,"featured_media":0,"comment_status":"closed","ping_status":"closed","sticky":false,"template":"","format":"standard","meta":{"fifu_image_url":"https:\/\/www.elwatan.com\/wp-content\/uploads\/2021\/06\/IMG_20210602_121903-e1622661813480.jpg","fifu_image_alt":"Amar Azib. Secr\u00e9taire g\u00e9n\u00e9ral du Syndicat des travailleurs des trains d\u2019Alger  : \u00abIl y a une mont\u00e9e de l\u2019ins\u00e9curit\u00e9 et de la violence dans nos trains\u00bb","footnotes":""},"categories":[73,53],"tags":[],"class_list":["post-117953","post","type-post","status-publish","format-standard","hentry","category-actualite","category-algerie"],"_links":{"self":[{"href":"https:\/\/linitiative.ca\/International\/wp-json\/wp\/v2\/posts\/117953","targetHints":{"allow":["GET"]}}],"collection":[{"href":"https:\/\/linitiative.ca\/International\/wp-json\/wp\/v2\/posts"}],"about":[{"href":"https:\/\/linitiative.ca\/International\/wp-json\/wp\/v2\/types\/post"}],"author":[{"embeddable":true,"href":"https:\/\/linitiative.ca\/International\/wp-json\/wp\/v2\/users\/1743"}],"replies":[{"embeddable":true,"href":"https:\/\/linitiative.ca\/International\/wp-json\/wp\/v2\/comments?post=117953"}],"version-history":[{"count":0,"href":"https:\/\/linitiative.ca\/International\/wp-json\/wp\/v2\/posts\/117953\/revisions"}],"wp:attachment":[{"href":"https:\/\/linitiative.ca\/International\/wp-json\/wp\/v2\/media?parent=117953"}],"wp:term":[{"taxonomy":"category","embeddable":true,"href":"https:\/\/linitiative.ca\/International\/wp-json\/wp\/v2\/categories?post=117953"},{"taxonomy":"post_tag","embeddable":true,"href":"https:\/\/linitiative.ca\/International\/wp-json\/wp\/v2\/tags?post=117953"}],"curies":[{"name":"wp","href":"https:\/\/api.w.org\/{rel}","templated":true}]}}